{"id":611791,"date":"2025-12-20T13:32:52","date_gmt":"2025-12-20T13:32:52","guid":{"rendered":"https:\/\/www.europesays.com\/fr\/611791\/"},"modified":"2025-12-20T13:32:52","modified_gmt":"2025-12-20T13:32:52","slug":"en-loire-atlantique-cette-photographe-redonne-confiance-aux-femmes","status":"publish","type":"post","link":"https:\/\/www.europesays.com\/fr\/611791\/","title":{"rendered":"en Loire-Atlantique, cette photographe redonne confiance aux femmes"},"content":{"rendered":"<p>                    Par<br \/>\n        <strong><br \/>\n            <a href=\"https:\/\/actu.fr\/auteur\/journaliste-cp\" title=\"Consulter tous les articles de R\u00e9daction Courrier du Pays de Retz\" target=\"_blank\" rel=\"noopener\">R\u00e9daction Courrier du Pays de Retz<\/a><br \/>\n                    <\/strong><\/p>\n<p>        Publi\u00e9 le<\/p>\n<p>            17 d\u00e9c. 2025 \u00e0 14h07        <\/p>\n<p>Depuis quatre ans, <b>Julie Voyau<\/b> exerce la discr\u00e8te profession de <b>photographe intimiste<\/b>, \u00e9galement appel\u00e9e photographe \u00ab boudoir \u00bb. Un terme h\u00e9rit\u00e9 du XVIIIe si\u00e8cle d\u00e9signant cet espace o\u00f9 les femmes se retiraient pour \u00eatre elles-m\u00eames. Aujourd\u2019hui, c\u2019est devant l\u2019objectif de Julie qu\u2019elles viennent se retrouver.<\/p>\n<p class=\" wall-content\">Apr\u00e8s une dizaine d\u2019ann\u00e9es comme auxiliaire de vie \u00e0 domicile, cette habitante de <a href=\"https:\/\/actu.fr\/pays-de-la-loire\/chauve_44038\" target=\"_blank\" rel=\"noopener\">Chauv\u00e9<\/a> (Loire-Atlantique), pr\u00e8s de Pornic, d\u00e9cide d\u2019une <b>reconversion professionnelle<\/b>. \u00ab Accompagner les personnes me pla\u00eet \u00e9norm\u00e9ment, mais c\u00f4toyer r\u00e9guli\u00e8rement la mort a fini par me peser \u00bb, confie-t-elle. D\u00e9sormais, c\u2019est vers la vie et l\u2019estime de soi qu\u2019elle guide les femmes.<\/p>\n<p>Z\u00e9ro retouche<\/p>\n<p class=\" wall-content\">Apr\u00e8s une formation, l\u2019ancienne auxiliaire de vie accompagne maintenant les femmes pour leur rendre la vie plus belle. \u00ab Mon m\u00e9tier consiste \u00e0 aider les femmes \u00e0 <b>reprendre confiance<\/b> en changeant le regard sur elle, \u00e0 renouer avec leur beaut\u00e9 et \u00e0 s\u2019affirmer sans comparaison ni jugement \u00bb.<\/p>\n<p class=\" wall-content\">Pour atteindre cet objectif, Julie r\u00e9alise toutes ses photos en <b>noir et blanc<\/b> et sans retouche\u00a0pour leur permettre de se voir comme elles sont et non pas comme elles ont envie de se voir.<\/p>\n<p class=\" wall-content\">Une s\u00e9ance photo dure environ quatre heures. Apr\u00e8s l\u2019accueil, un temps d\u2019\u00e9changes est privil\u00e9gi\u00e9 pour rassurer et cr\u00e9er un climat de confiance avant le shooting photos.<\/p>\n<p class=\" wall-content\">En marge de cette activit\u00e9, Julie enrichit son accompagnement gr\u00e2ce \u00e0 ces comp\u00e9tences en coaching et conseil en images.<\/p>\n<p>Un jeu d\u2019oracle<\/p>\n<p class=\" wall-content\">Toutes ces rencontres aupr\u00e8s de femmes aux parcours de vie bien diff\u00e9rents ont donn\u00e9 l\u2019id\u00e9e \u00e0 Julie Voyau de cr\u00e9er un jeu d\u2019oracle in\u00e9dit illustr\u00e9 avec ses propres photographies. Intitul\u00e9 L\u2019Ode \u00e0 la femme, ce jeu compos\u00e9 de <b>44 cartes<\/b> met en sc\u00e8ne <b>44 femmes diff\u00e9rentes<\/b>. Accompagn\u00e9 d\u2019un livret explicatif, l\u2019objectif est d\u2019apporter des r\u00e9ponses autour de quatre th\u00e9matiques : le corps, les \u00e9motions, l\u2019affirmation et la transformation.<\/p>\n<p>Votre r\u00e9gion, votre actu !<\/p>\n<p>Recevez chaque jour les infos qui comptent pour vous.<\/p>\n<p>\t<a href=\"https:\/\/actu.fr\/newsletter\" class=\"ac-btn ac-btn--corner ac-btn--medium ac-btn--blue800\" target=\"_blank\" rel=\"noopener\">S&rsquo;incrire<\/a><\/p>\n<p class=\" wall-content\">Ce jeu est actuellement en pr\u00e9commande sur la page de ses r\u00e9seaux sociaux, sur <a href=\"https:\/\/www.facebook.com\/Julie.Voyau\" target=\"_blank\" rel=\"noopener\">Facebook<\/a>\u00a0et <a href=\"https:\/\/www.instagram.com\/au.petit.boudoir\/\" target=\"_blank\" rel=\"noopener\">Instagram<\/a>.<\/p>\n<p class=\" wall-content\">Personnalisez votre actualit\u00e9 en ajoutant vos villes et m\u00e9dias en favori avec <a href=\"https:\/\/moncompte.actu.fr\" title=\"D\u00e9couvez Mon Actu\" rel=\"nofollow noopener\" data-trk=\"{&quot;cta&quot;:{&quot;action&quot;:&quot;https:\\\/\\\/moncompte.actu.fr&quot;,&quot;category&quot;:&quot;mon compte&quot;,&quot;from&quot;:&quot;article footer&quot;,&quot;name&quot;:&quot;Mon actu&quot;,&quot;type&quot;:&quot;cta&quot;}}\" target=\"_blank\">Mon Actu<\/a>.<\/p>\n<p>                    <script async src=\"\/\/www.instagram.com\/embed.js\"><\/script><\/p>\n","protected":false},"excerpt":{"rendered":"Par R\u00e9daction Courrier du Pays de Retz Publi\u00e9 le 17 d\u00e9c. 2025 \u00e0 14h07 Depuis quatre ans, Julie&hellip;\n","protected":false},"author":2,"featured_media":611792,"comment_status":"","ping_status":"","sticky":false,"template":"","format":"standard","meta":{"footnotes":""},"categories":[1358],"tags":[1477,1348,1384,1385,1386,58,33,59,1011,27,41196,1756],"class_list":{"0":"post-611791","1":"post","2":"type-post","3":"status-publish","4":"format-standard","5":"has-post-thumbnail","7":"category-arts-et-design","8":"tag-artisanat","9":"tag-arts","10":"tag-arts-and-design","11":"tag-arts-et-design","12":"tag-design","13":"tag-divertissement","14":"tag-economie","15":"tag-entertainment","16":"tag-fr","17":"tag-france","18":"tag-pays-de-retz","19":"tag-photographie"},"share_on_mastodon":{"url":"https:\/\/pubeurope.com\/@fr\/115752154098847252","error":""},"_links":{"self":[{"href":"https:\/\/www.europesays.com\/fr\/wp-json\/wp\/v2\/posts\/611791","targetHints":{"allow":["GET"]}}],"collection":[{"href":"https:\/\/www.europesays.com\/fr\/wp-json\/wp\/v2\/posts"}],"about":[{"href":"https:\/\/www.europesays.com\/fr\/wp-json\/wp\/v2\/types\/post"}],"author":[{"embeddable":true,"href":"https:\/\/www.europesays.com\/fr\/wp-json\/wp\/v2\/users\/2"}],"replies":[{"embeddable":true,"href":"https:\/\/www.europesays.com\/fr\/wp-json\/wp\/v2\/comments?post=611791"}],"version-history":[{"count":0,"href":"https:\/\/www.europesays.com\/fr\/wp-json\/wp\/v2\/posts\/611791\/revisions"}],"wp:featuredmedia":[{"embeddable":true,"href":"https:\/\/www.europesays.com\/fr\/wp-json\/wp\/v2\/media\/611792"}],"wp:attachment":[{"href":"https:\/\/www.europesays.com\/fr\/wp-json\/wp\/v2\/media?parent=611791"}],"wp:term":[{"taxonomy":"category","embeddable":true,"href":"https:\/\/www.europesays.com\/fr\/wp-json\/wp\/v2\/categories?post=611791"},{"taxonomy":"post_tag","embeddable":true,"href":"https:\/\/www.europesays.com\/fr\/wp-json\/wp\/v2\/tags?post=611791"}],"curies":[{"name":"wp","href":"https:\/\/api.w.org\/{rel}","templated":true}]}}