{"id":611793,"date":"2025-12-20T13:35:18","date_gmt":"2025-12-20T13:35:18","guid":{"rendered":"https:\/\/www.europesays.com\/fr\/611793\/"},"modified":"2025-12-20T13:35:18","modified_gmt":"2025-12-20T13:35:18","slug":"audiovisuel-public-la-mainmise-de-la-gauche-confirmee-par-une-nouvelle-etude","status":"publish","type":"post","link":"https:\/\/www.europesays.com\/fr\/611793\/","title":{"rendered":"Audiovisuel public : la mainmise de la gauche confirm\u00e9e par une nouvelle \u00e9tude"},"content":{"rendered":"<p>Les m\u00e9dias refl\u00e8tent-ils l\u2019opinion des Fran\u00e7ais ? C\u2019est afin de r\u00e9pondre \u00e0 cette question que <a href=\"https:\/\/observatoire-hexagone.org\/index.php\/2025\/12\/17\/temps-de-parole-par-parti-le-grand-desequilibre-du-service-public\/\" target=\"_blank\" rel=\"noopener\">l\u2019institut Hexagone<\/a> s\u2019est attel\u00e9 \u00e0 une t\u00e2che aussi laborieuse que n\u00e9cessaire : chronom\u00e9trer le temps de parole des invit\u00e9s et repr\u00e9sentants politiques dans les \u00e9missions de t\u00e9l\u00e9vision et de radio. Pas moins de cent heures d\u2019antenne, du 1er septembre au 3 d\u00e9cembre 2025, ont ainsi \u00e9t\u00e9 pass\u00e9es au tamis. Pour chaque intervenant, son \u00e9tiquette politique, son courant id\u00e9ologique et son temps de parole effectif ont \u00e9t\u00e9 not\u00e9s. Un travail titanesque.<\/p>\n<p>Premi\u00e8re conclusion de cette \u00e9tude : \u00ab Le premier parti en voix n\u2019est pas le premier au micro. \u00bb Alors qu\u2019il comptait pour <a href=\"https:\/\/www.vie-publique.fr\/en-bref\/294751-legislatives-2024-les-resultats-du-premier-tour\" target=\"_blank\" rel=\"noopener\">33 % des voix lors des \u00e9lections l\u00e9gislatives de 2024<\/a>, le bloc RN + UDR a eu seulement droit \u00e0 15 %, en moyenne, du temps de parole dans les sept matinales analys\u00e9es (France 2, TF1, BFM\/RMC, CNews\/Europe 1, France Inter, RTL, Sud Radio). Le score de la droite nationale est tout particuli\u00e8rement faible, sur le service public : 10 % du temps de parole sur France Inter et 9 % sur France 2. Une sous-repr\u00e9sentation qui interroge.<\/p>\n<p>\u00a0<\/p>\n<blockquote class=\"twitter-tweet\" data-media-max-width=\"560\">\n<p dir=\"ltr\" lang=\"fr\">Les m\u00e9dias refl\u00e8tent-ils l\u2019opinion des Fran\u00e7ais ?<\/p>\n<p>Depuis septembre, nous avons chronom\u00e9tr\u00e9 le temps de parole des invit\u00e9s des grandes matinales + 3 \u00e9missions de FranceTV.<\/p>\n<p>La conclusion est claire : les m\u00e9dias du service public repr\u00e9sentent mal l&rsquo;opinion des Fran\u00e7ais. <a href=\"https:\/\/t.co\/pXxEnwNA7t\">pic.twitter.com\/pXxEnwNA7t<\/a><\/p>\n<p>\u2014 Hexagone &#8211; La France en chiffres (@Hexagone_org) <a href=\"https:\/\/twitter.com\/Hexagone_org\/status\/2001198347919470977?ref_src=twsrc%5Etfw\" target=\"_blank\" rel=\"noopener\">December 17, 2025<\/a><\/p>\n<\/blockquote>\n<p>Le ph\u00e9nom\u00e8ne ne touche pas seulement le RN et son alli\u00e9 UDR. C\u2019est la droite dans son ensemble qui s\u2019av\u00e8re sous-expos\u00e9e. Le bloc conservateur allant de LR \u00e0 Reconqu\u00eate p\u00e8se pour pr\u00e8s de 50 % des intentions de vote\u2026 mais seulement 36 % du temps de parole sur les matinales. Sans surprise, cette disproportion est tr\u00e8s marqu\u00e9e sur l\u2019audiovisuel d\u2019\u00c9tat : 23 % sur France 2 et France Inter. Le bloc de gauche, lui, culmine \u00e0 30-35 %. De m\u00eame, le parti pr\u00e9sidentiel n\u2019a pas d\u00e9pass\u00e9 les 20 %, lors des l\u00e9gislatives, et n\u2019est plus cr\u00e9dit\u00e9 que de <a href=\"https:\/\/www.latribune.fr\/article\/la-tribune-dimanche\/la-tribune-dimanche\/politique\/10295063541670\/sondage-presidentielles-exclusif-bardella-survole-philippe-decroche\" target=\"_blank\" rel=\"noopener\">16 % d\u2019intentions de vote<\/a>, mais b\u00e9n\u00e9ficie de 28 % de temps d\u2019antenne sur TF1 et jusqu\u2019\u00e0 35 % sur France 2\u2026<\/p>\n<p>La mainmise de la gauche sur le service public<\/p>\n<p>Quand on s\u2019int\u00e9resse en particulier aux \u00e9missions d\u2019actualit\u00e9 et de politique diffus\u00e9es sur France 5, la mainmise de la gauche appara\u00eet avec encore plus de force. L\u2019invisibilisation de la droite \u2013 au sens large \u2013 y est <a href=\"https:\/\/x.com\/Hexagone_org\/status\/2001198364591788066\" target=\"_blank\" rel=\"noopener\">\u00ab\u00a0quasi totale\u00a0\u00bb<\/a>, observe l\u2019institut Hexagone\u00a0: elle n\u2019a que 14 % du temps de parole dans C ce soir, 7 % dans C dans l\u2019air et 4 % dans C politique ! \u00c0 l\u2019inverse, le bloc de gauche r\u00e8gne en ma\u00eetre sur le plateau C ce soir (44 %) et C politique (48 %). Dans C dans l\u2019air, c\u2019est surtout le centre qui est mis \u00e0 l\u2019honneur (58 % du temps de parole).<\/p>\n<p>En conclusion, l\u2019\u00e9tude ajoute deux indications d\u2019importance. La premi\u00e8re concerne la faible pr\u00e9sence de la gauche dans la matinale de CNews (7 % du temps de parole)\u00a0:\u00a0\u00ab\u00a0Si la gauche est faible sur CNews, c&rsquo;est \u00e0 cause du boycott par la gauche&#8230; alors que le RN est faible sur le service public par manque d&rsquo;invitations\u00a0\u00bb, rappelle ainsi Hexagone. La seconde porte sur le sujet des invit\u00e9s \u00ab sans \u00e9tiquette \u00bb, qui comptent pour pas moins de 24 % du temps de parole dans la matinale de France Inter. Il s\u2019agit de personnalit\u00e9s et \u00ab experts \u00bb jug\u00e9s non partisans, mais qui s\u2019av\u00e8rent la plupart du temps tr\u00e8s marqu\u00e9s \u00e0 gauche. Hexagone cite, notamment, l&rsquo;\u00e9conomiste Gabriel Zucman, la patronne de la CGT Sophie Binet ou encore le pr\u00e9sident de la Cour des comptes Pierre Moscovici. On pourrait aussi \u00e9voquer le cas de <a href=\"https:\/\/www.bvoltaire.fr\/julia-cage-prototype-des-pseudo-experts-de-france-inter\/\" target=\"_blank\" rel=\"noopener\">l\u2019\u00e9conomiste Julia Cag\u00e9<\/a>, r\u00e9guli\u00e8rement pr\u00e9sent\u00e9e sur Radio France comme une banale \u00ab professeur \u00e0 Sciences Po Paris \u00bb alors qu\u2019elle a particip\u00e9 \u00e0 la r\u00e9daction du programme du Nouveau Front populaire\u2026<\/p>\n<p>\u00a0<\/p>\n<blockquote class=\"twitter-tweet\" data-media-max-width=\"560\">\n<p dir=\"ltr\" lang=\"fr\">Selon une \u00e9tude de l\u2019Institut Thomas More publi\u00e9e par Le Figaro, 60 % des matinales de France Inter sont class\u00e9es \u00e0 gauche, avec un quasi-monopole id\u00e9ologique sur France Culture.<\/p>\n<p>L\u2019audiovisuel public a-t-il vocation \u00e0 repr\u00e9senter tous les Fran\u00e7ais ou seulement ceux de gauche ?\u2026 <a href=\"https:\/\/t.co\/jkbGIrF6JM\">pic.twitter.com\/jkbGIrF6JM<\/a><\/p>\n<p>\u2014 Groupe UDR (@groupeudr) <a href=\"https:\/\/twitter.com\/groupeudr\/status\/2001320807453040683?ref_src=twsrc%5Etfw\" target=\"_blank\" rel=\"noopener\">December 17, 2025<\/a><\/p>\n<\/blockquote>\n<p>Au printemps 2024, d\u00e9j\u00e0, l&rsquo;Institut Thomas More avait publi\u00e9 <a href=\"https:\/\/institut-thomas-more.org\/2024\/05\/24\/laudiovisuel-public-francais-est-il-pluraliste\/\" target=\"_blank\" rel=\"noopener\">un rapport<\/a> d\u00e9montrant, chiffres \u00e0 l&rsquo;appui, que l&rsquo;audiovisuel public d\u00e9roge \u00e0 ses obligations l\u00e9gales d&rsquo;impartialit\u00e9 et de pluralisme. Il avait pass\u00e9 au crible trois cha\u00eenes et trois stations du service public et d\u00e9couvert que, sur les intervenants marqu\u00e9s politiquement, la moiti\u00e9 entraient dans la cat\u00e9gorie \u00ab gauches \u00bb, 21 % \u00e9taient de sensibilit\u00e9 macroniste et 4 %, seulement, tenaient un discours pouvant \u00eatre consid\u00e9r\u00e9 comme de droite\u2026<\/p>\n<p>\u00ab\u00a0S\u2019il y a un acteur m\u00e9diatique auquel incombe l\u2019obligation de pluralisme en premier lieu, c\u2019est l\u2019audiovisuel public, qui est financ\u00e9 par l\u2019imp\u00f4t de tous les Fran\u00e7ais\u00a0\u00bb, rappelait l\u2019institut lib\u00e9ral, en 2024. Esp\u00e9rons que <a href=\"https:\/\/www.bvoltaire.fr\/commission-denquete-ce-nest-pas-du-militantisme-cest-de-lhumour-se-defend-france-inter\/\" target=\"_blank\" rel=\"noopener\">la commission d\u2019enqu\u00eate portant pr\u00e9cis\u00e9ment sur ce sujet<\/a>, et qui se tient actuellement \u00e0 l\u2019Assembl\u00e9e nationale, permette enfin de mettre au pas nos m\u00e9dias d\u2019\u00c9tat\u2026<\/p>\n<p>                    <a href=\"#\" rel=\"nofollow\" onclick=\"window.print(); pfTrackEvent('Audiovisuel public : la mainmise de la gauche confirm\u00e9e par une nouvelle \u00e9tude'); return false;\" title=\"Printer Friendly, PDF &amp; Email\"><br \/>\n                    <img decoding=\"async\" src=\"https:\/\/www.europesays.com\/fr\/wp-content\/uploads\/2025\/04\/printfriendly-icon-sm.png\" alt=\"Print Friendly, PDF &amp; Email\" class=\"pf-button-img\" style=\"width: 17px;height: 17px;\"\/>Imprimer, enregistrer en PDF cet article<br \/>\n                    <\/a><br \/>\n                <script async src=\"https:\/\/platform.twitter.com\/widgets.js\" charset=\"utf-8\"><\/script><\/p>\n","protected":false},"excerpt":{"rendered":"Les m\u00e9dias refl\u00e8tent-ils l\u2019opinion des Fran\u00e7ais ? C\u2019est afin de r\u00e9pondre \u00e0 cette question que l\u2019institut Hexagone s\u2019est&hellip;\n","protected":false},"author":2,"featured_media":611794,"comment_status":"","ping_status":"","sticky":false,"template":"","format":"standard","meta":{"footnotes":""},"categories":[1356],"tags":[58,59,1011,27,252,1364],"class_list":{"0":"post-611793","1":"post","2":"type-post","3":"status-publish","4":"format-standard","5":"has-post-thumbnail","7":"category-television","8":"tag-divertissement","9":"tag-entertainment","10":"tag-fr","11":"tag-france","12":"tag-television","13":"tag-tv"},"share_on_mastodon":{"url":"https:\/\/pubeurope.com\/@fr\/115752163390637612","error":""},"_links":{"self":[{"href":"https:\/\/www.europesays.com\/fr\/wp-json\/wp\/v2\/posts\/611793","targetHints":{"allow":["GET"]}}],"collection":[{"href":"https:\/\/www.europesays.com\/fr\/wp-json\/wp\/v2\/posts"}],"about":[{"href":"https:\/\/www.europesays.com\/fr\/wp-json\/wp\/v2\/types\/post"}],"author":[{"embeddable":true,"href":"https:\/\/www.europesays.com\/fr\/wp-json\/wp\/v2\/users\/2"}],"replies":[{"embeddable":true,"href":"https:\/\/www.europesays.com\/fr\/wp-json\/wp\/v2\/comments?post=611793"}],"version-history":[{"count":0,"href":"https:\/\/www.europesays.com\/fr\/wp-json\/wp\/v2\/posts\/611793\/revisions"}],"wp:featuredmedia":[{"embeddable":true,"href":"https:\/\/www.europesays.com\/fr\/wp-json\/wp\/v2\/media\/611794"}],"wp:attachment":[{"href":"https:\/\/www.europesays.com\/fr\/wp-json\/wp\/v2\/media?parent=611793"}],"wp:term":[{"taxonomy":"category","embeddable":true,"href":"https:\/\/www.europesays.com\/fr\/wp-json\/wp\/v2\/categories?post=611793"},{"taxonomy":"post_tag","embeddable":true,"href":"https:\/\/www.europesays.com\/fr\/wp-json\/wp\/v2\/tags?post=611793"}],"curies":[{"name":"wp","href":"https:\/\/api.w.org\/{rel}","templated":true}]}}