{"id":611797,"date":"2025-12-20T13:37:28","date_gmt":"2025-12-20T13:37:28","guid":{"rendered":"https:\/\/www.europesays.com\/fr\/611797\/"},"modified":"2025-12-20T13:37:28","modified_gmt":"2025-12-20T13:37:28","slug":"avengers-doomsday-et-si-le-retour-de-steve-rogers-etait-en-fait-une-tres-mauvaise-nouvelle","status":"publish","type":"post","link":"https:\/\/www.europesays.com\/fr\/611797\/","title":{"rendered":"Avengers Doomsday : et si le retour de Steve Rogers \u00e9tait en fait une tr\u00e8s mauvaise nouvelle ?"},"content":{"rendered":"<p>Une fuite massive concernant le film Avengers: Doomsday affole la toile. Le teaser sugg\u00e8re que Marvel Studios s\u2019appr\u00eate \u00e0 r\u00e9interpr\u00e9ter la fin d\u2019Endgame. Mais au-del\u00e0 du fan-service, le retour d\u2019un super-h\u00e9ros ador\u00e9 des fans pourrait finalement \u00eatre le pr\u00e9lude \u00e0 des temps tr\u00e8s sombres pour le MCU.<\/p>\n<p>Il a suffi d\u2019un leak pour enflammer la toile. Alors que les spectateurs se ruent au cin\u00e9ma pour d\u00e9couvrir <a href=\"https:\/\/www.numerama.com\/films\/avatar-3\/\" target=\"_blank\" rel=\"noopener\">Avatar 3 : De feu et de cendres<\/a> (<a href=\"https:\/\/www.numerama.com\/pop-culture\/2134925-avatar-3-de-feu-et-de-cendres-merite-t-il-vraiment-vos-3-h-17-au-cinema-notre-critique-sans-spoilers.html\" target=\"_blank\" rel=\"noopener\">lire notre critique<\/a>), c\u2019est une autre vid\u00e9o, tr\u00e8s courte, qui a mis en \u00e9moi Internet \u2014 et surtout les fans de Marvel. Le sujet ? Le <a href=\"https:\/\/www.numerama.com\/pop-culture\/2139885-le-trailer-davengers-doomsday-a-fuite-et-confirme-le-retour-dun-personnage-cle.html\" target=\"_blank\" rel=\"noopener\">tout premier teaser d\u2019Avengers: Doomsday, qui est sorti avant l\u2019heure<\/a>.<\/p>\n<p>Nous ne d\u00e9taillerons pas le contenu de cette s\u00e9quence \u00e0 ce stade du sujet, pour pr\u00e9server celles et ceux qui souhaitent garder la surprise intacte. Sachez seulement que si ces images sont authentiques, elles confirment une rumeur persistante sur le casting, tout en remettant en question la fin bouleversante de la Saga de l\u2019Infini, dans le MCU.<\/p>\n<p>Mais gare : si vous poursuivez la lecture apr\u00e8s l\u2019avertissement, vous entrerez alors dans le territoire des spoilers et des th\u00e9ories bas\u00e9es sur des leaks.<\/p>\n<p><strong>Attention : la suite contient des r\u00e9v\u00e9lations sur la vid\u00e9o qui a fuit\u00e9.<\/strong><\/p>\n<p><a href=\"https:\/\/www.numerama.com\/wp-content\/uploads\/2024\/11\/spoilers-7.jpg\" target=\"_blank\" rel=\"noopener\"><img decoding=\"async\" width=\"1024\" height=\"213\" loading=\"lazy\" alt=\"SPOILERS (7)\" title=\"SPOILERS (7)\" class=\"wp-image-1847396 placeholder-default wp-image\" src=\"https:\/\/www.europesays.com\/fr\/wp-content\/uploads\/2025\/12\/spoilers-7-1024x213.jpg\" \/><\/a>Vous \u00eates pr\u00e9venus !<\/p>\n<p>Un antagoniste involontaire dans Doomsday ?<\/p>\n<p>La vid\u00e9o qui a fuit\u00e9 est tr\u00e8s claire : l\u2019acteur Chris Evans, qui incarne Steve Rogers dans le Marvel Cinematic Universe, est de retour. Pas sous la forme d\u2019un vieillard apais\u00e9, comme celui que l\u2019on a vu assis sur un banc \u00e0 la fin d\u2019Avengers: Endgame (2019). Pas non plus sous la forme d\u2019un souvenir qui saisirait d\u2019\u00e9motion les autres h\u00e9ros.<\/p>\n<p>Le Steve Rogers que l\u2019on voit appara\u00eet dans la force de l\u2019\u00e2ge, visiblement en pleine possession de ses incroyables capacit\u00e9s physiques. Il appara\u00eet vivre toujours dans les ann\u00e9es 50, tenant un nouveau-n\u00e9 dans les bras, aux c\u00f4t\u00e9s de Peggy Carter, rencontr\u00e9e dans Captain America: First Avenger (2011), et devenue son \u00e9pouse par la suite.<\/p>\n<p><a href=\"https:\/\/www.numerama.com\/wp-content\/uploads\/2025\/12\/screenshot-2025-12-15-at-182009.jpg\" target=\"_blank\" rel=\"noopener\"><img decoding=\"async\" width=\"1024\" height=\"318\" loading=\"lazy\" alt=\"La fin de la bande-annonce.\" title=\"La fin de la bande-annonce.\" class=\"wp-image-2142573 placeholder-default wp-image\" src=\"https:\/\/www.europesays.com\/fr\/wp-content\/uploads\/2025\/12\/1766237841_160_screenshot-2025-12-15-at-182009-1024x318.jpg\" \/><\/a><\/p>\n<p>La s\u00e9quence s\u2019arr\u00eate alors sur une phrase cl\u00e9 : \u00ab Steve Rogers will return in Avengers: Doomsday \u00bb. On notera que le h\u00e9ros n\u2019est pas qualifi\u00e9 ici avec son nom de super-h\u00e9ros (Captain America) mais bien par son nom civil. D\u2019abord parce que ce r\u00f4le a \u00e9t\u00e9 confi\u00e9 \u00e0 Sam Wilson depuis Endgame. Ensuite, parce que Steve Rogers pourrait \u00eatre\u2026 un antagoniste involontaire.<\/p>\n<p>En effet, une fois pass\u00e9e l\u2019\u00e9motion imm\u00e9diate, si l\u2019on prend un peu de recul et que l\u2019on essaie de rassembler toutes les pi\u00e8ces du puzzle que constitue le <a href=\"https:\/\/www.numerama.com\/politique\/2089331-cest-pour-le-lore-que-veut-vraiment-dire-cette-expression-sur-internet.html\" target=\"_blank\" rel=\"noopener\">lore du MCU<\/a>, ce retour pourrait n\u2019avoir rien de vraiment r\u00e9jouissant. Et que des jours sombres se pr\u00e9parent sans doute avec Doomsday, pr\u00e9vu en 2026, et sa suite directe, Secret Wars, attendu pour 2027.<\/p>\n<p>La th\u00e9orie : une incursion provoqu\u00e9e par Steve Rogers<\/p>\n<p>Dans le MCU, il est question d\u2019un concept particulier appel\u00e9 \u00ab incursion \u00bb, qui est mentionn\u00e9 dans Doctor Strange in the Multiverse of Madness (2022). Il s\u2019agit d\u2019une collision destructrice entre deux univers parall\u00e8les \u2014 depuis Endgame, on a en effet quitt\u00e9 l\u2019arc de la Saga de l\u2019Infini pour entrer dans celui de la Saga du Multivers.<\/p>\n<p>Jusqu\u2019ici, on pensait que ces incursions \u00e9taient caus\u00e9es par la magie noire ou les voyages interdimensionnels de Strange, et les demandes inconsid\u00e9r\u00e9es de Peter Parker (Spider-Man) dans No Way Home (2021). Mais peut-\u00eatre qu\u2019il y a plus grave que l\u2019imprudence de magicien. Le plus grand p\u00e9ril, dans ce domaine, pourrait venir de Steve Rogers.<\/p>\n<p><a href=\"https:\/\/www.numerama.com\/wp-content\/uploads\/2022\/04\/doctor-strange-spider-man.jpg\" target=\"_blank\" rel=\"noopener\"><img decoding=\"async\" width=\"1024\" height=\"576\" loading=\"lazy\" alt=\"Doctor Strange dans Spider-Man No Way Home. \/\/ Source : Marvel\" title=\"Doctor Strange dans Spider-Man No Way Home. \/\/ Source : Marvel\" class=\"wp-image-926129 placeholder-default wp-image\" src=\"https:\/\/www.europesays.com\/fr\/wp-content\/uploads\/2025\/12\/doctor-strange-spider-man-1024x576.jpg\" \/><\/a>Doctor Strange dans Spider-Man No Way Home. \/\/ Source : Marvel<\/p>\n<p>En choisissant de rester dans le pass\u00e9 pour vivre la vie qu\u2019il n\u2019a pas pu avoir du fait de la guerre et de ses facult\u00e9s, Steve n\u2019a pas seulement pris une retraite bien m\u00e9rit\u00e9e. Le leak sugg\u00e8re qu\u2019il a engendr\u00e9 une ligne, et donc une ramification temporelle massive. Une branche qui a grossi, au fil des ans, en parall\u00e8le, et en concurrence, de la ligne temporelle principale.<\/p>\n<p>La th\u00e9orie est donc la suivante : la r\u00e9alit\u00e9 de Steve &amp; Peggy dans les ann\u00e9es 50 est devenue trop encombrante. <\/p>\n<p>Elle deviendrait instable, envahissante et serait donc en train de s\u2019effondrer sur notre pr\u00e9sent. D\u00e8s lors, le retour de Steve Rogers serait presque le fruit du hasard : il ne revient pas pour sauver la Terre-616 (la terre de la ligne temporelle principale), mais parce que sa r\u00e9alit\u00e9 est en train de percuter son ancien univers.<\/p>\n<p>Des indices du MCU qui confortent cette piste<\/p>\n<p>On sait que l\u2019incursion version Steve Rogers <a href=\"https:\/\/www.reddit.com\/search\/?q=steve+rodger+incursion\" target=\"_blank\" rel=\"noreferrer noopener\">est un sujet d\u00e9j\u00e0 discut\u00e9 chez les fans<\/a> depuis quelques ann\u00e9es. Et \u00e9videmment, cette hypoth\u00e8se conna\u00eet un regain d\u2019int\u00e9r\u00eat, en t\u00e9moigne ce sujet d\u2019<a href=\"https:\/\/www.inverse.com\/entertainment\/avengers-doomsday-teaser-captain-america-incursions\" target=\"_blank\" rel=\"noreferrer noopener\">Inverse<\/a> et les r\u00e9cents sujets de discussion ouverts sur X, Reddit et ailleurs. Par ailleurs, d\u2019autres indices vont dans ce sens<\/p>\n<p>D\u2019abord, l\u2019avertissement de Clea. <\/p>\n<p>\u00c0 la fin de Multiverse of Madness, Clea (Charlize Theron) surgit pour dire \u00e0 Strange : \u00ab Vous avez caus\u00e9 une incursion et nous allons la r\u00e9parer \u00bb. On pouvait se dire que c\u2019\u00e9tait \u00e0 cause du sortil\u00e8ge du Darkhold, mais peut-\u00eatre Clea parle-t-elle non pas de l\u2019action individuelle de Strange, mais de l\u2019action collective des Avengers.<\/p>\n<p>Compte tenu du <a href=\"https:\/\/www.numerama.com\/pop-culture\/954223-qui-est-le-personnage-dans-la-scene-post-generique-de-doctor-strange-2.html\" target=\"_blank\" rel=\"noopener\">profil de Clea dans Marvel et de sa grande puissance<\/a>, elle a possiblement une tr\u00e8s bonne vue d\u2019ensemble du multivers. Autrement dit, on peut aussi se dire qu\u2019elle a d\u00e9cel\u00e9 le gros probl\u00e8me qu\u2019a caus\u00e9 le voyage temporel d\u2019Endgame, en laissant Steve Rogers retourner dans le pass\u00e9 et cr\u00e9er une ligne temporelle rivale.<\/p>\n<p><a href=\"https:\/\/www.numerama.com\/wp-content\/uploads\/2025\/12\/clea-strange.jpg\" target=\"_blank\" rel=\"noopener\"><img decoding=\"async\" width=\"1024\" height=\"429\" loading=\"lazy\" alt=\"Clea Strange\" title=\"Clea Strange\" class=\"wp-image-2146711 placeholder-default wp-image\" src=\"https:\/\/www.europesays.com\/fr\/wp-content\/uploads\/2025\/12\/clea-strange-1024x429.jpg\" \/><\/a>Clea (de dos) qui exige de Strange son aide pour r\u00e9parer une erreur. \/\/ Source : Marvel Studios<\/p>\n<p>Ensuite, le concept de l\u2019Agglom\u00e9rateur.<\/p>\n<p>Dans Deadpool &amp; Wolverine (2024), on apprend l\u2019existence d\u2019individus qui sont vitaux \u00e0 la stabilit\u00e9 de leur univers. Par exemple, c\u2019est le cas du Logan de la Terre-1005, o\u00f9 se trouve Wade Wilson \/ Deadpool. Ce dernier voit alors son univers se d\u00e9t\u00e9riorer en raison de la mort de son Agglom\u00e9rateur, ce qui est ensuite le d\u00e9but des p\u00e9rip\u00e9ties du film.<\/p>\n<p>Un probl\u00e8me similaire existe potentiellement ici avec Steve : en quittant son flux temporel pour aller vivre sa vie dans le pass\u00e9, un paradoxe d\u2019ancrage a pu advenir. La Terre-616 a perdu son Agglom\u00e9rateur (ou l\u2019un d\u2019entre eux), ce qui entra\u00eenerait son effondrement ou, du moins, sa collision avec l\u2019autre r\u00e9alit\u00e9, comme si le multivers cherchait \u00e0 corriger ce bug.<\/p>\n<p>Enfin, la faille de The Marvels<\/p>\n<p>La d\u00e9chirure dans l\u2019espace-temps vue \u00e0 la fin de The Marvels (2023) montrait d\u00e9j\u00e0 que la s\u00e9paration entre les r\u00e9alit\u00e9s \u00e9tait devenue poreuse \u2014 <a href=\"https:\/\/www.numerama.com\/pop-culture\/1554824-the-marvels-il-ny-a-quune-seule-scene-post-generique-mais-elle-est-importante.html\" target=\"_blank\" rel=\"noopener\">avec la pr\u00e9sence d\u2019un c\u00e9l\u00e8bre X-Men \u00e0 l\u2019\u00e9cran<\/a>. Signe que les r\u00e9alit\u00e9s sont en train de d\u00e9border les unes dans les autres et que le multivers s\u2019agite de plus en plus face \u00e0 des paradoxes et ruptures.<\/p>\n<p>Steve Rogers face \u00e0 Doctor Doom : le duel tragique<\/p>\n<p>C\u2019est peut-\u00eatre ici que le choix de Robert Downey Jr. pour incarner Dr Doom prend un vrai sens narratif, au-del\u00e0 du coup marketing \u00e9vident et le plaisir de r\u00e9unir les trois principaux \u00ab Avengers \u00bb \u00e0 l\u2019\u00e9cran (Chris Evans, Robert Downey Jr et Chris Hemsworth, en Thor). Si cette th\u00e9orie est juste, on pourrait avoir droit \u00e0 un conflit moral terrible.<\/p>\n<p>Imaginez un peu : une incursion est en cours. Deux r\u00e9alit\u00e9s, deux Terres vont se percuter. Pour sauver la ligne temporelle principale (Terre-616, celle du MCU), l\u2019autre doit \u00eatre sacrifi\u00e9e. Or, sur cette autre Terre, il y a Steve, Peggy et leur enfant. Qui aura la froideur de le faire ? Qui effacera le monde rival ? En fait, qui d\u2019autre que Doctor Doom ?<\/p>\n<p><a href=\"https:\/\/www.numerama.com\/wp-content\/uploads\/2024\/07\/screen-3-1.jpg\" target=\"_blank\" rel=\"noopener\"><img decoding=\"async\" width=\"1024\" height=\"576\" loading=\"lazy\" alt=\"Doctor Doom dans les comics \/\/ Source : Marvel\" title=\"Doctor Doom dans les comics \/\/ Source : Marvel\" class=\"wp-image-1782200 placeholder-default wp-image\" src=\"https:\/\/www.europesays.com\/fr\/wp-content\/uploads\/2025\/12\/screen-3-1-1024x576.jpg\" \/><\/a>Doctor Doom dans les comics. \/\/ Source : Marvel<\/p>\n<p>Cela pourrait \u00eatre un face-\u00e0-face tragique et symboliquement fort pour les fans : Dr Doom, qui est incarn\u00e9 par Robert Downey Jr., qui jouait Tony Stark \/ Iron Man, celui-l\u00e0 m\u00eame qui s\u2019est sacrifi\u00e9 pour sauver l\u2019univers, face \u00e0 un Steve Rogers, celui qui a involontairement condamn\u00e9 l\u2019univers pour son bonheur personnel. Un Civil War (2016), en pire.<\/p>\n<p>Tout ceci est encore tr\u00e8s th\u00e9orique et hypoth\u00e9tique. Ce serait une prise de risque pour le studio. Cependant, si Avengers: Doomsday emprunte quand m\u00eame cette voie, cela apporterait une profondeur fascinante au r\u00e9cit : la fin douce-am\u00e8re d\u2019Endgame appara\u00eetrait alors comme une erreur fatale. Il aurait fallu emp\u00eacher Steve de retourner dans le pass\u00e9.<\/p>\n<p>En clair, le \u00ab happy end \u00bb de Captain America n\u2019\u00e9tait peut-\u00eatre qu\u2019une parenth\u00e8se enchant\u00e9e, mais il faut d\u00e9sormais la refermer. On ne peut pas tromper le temps impun\u00e9ment trop longtemps, et au risque de le payer cher. Tr\u00e8s cher. Et l\u2019addition, ici, pourrait bien s\u2019appeler Dr Doom. Rendez-vous en d\u00e9cembre 2026 pour voir si cette trag\u00e9die adviendra.<\/p>\n<p>            <img decoding=\"async\" src=\"https:\/\/www.europesays.com\/fr\/wp-content\/uploads\/2025\/12\/iPhone-16-pro-vDJtn9o4_vzSsPIGCFDc5.png\" alt=\"Toute l'actu tech en un clien d'oeil\"\/><\/p>\n<p class=\"card-install-pwa__title\">Toute l&rsquo;actu tech en un clin d&rsquo;\u0153il<\/p>\n<p class=\"card-install-pwa__description\">Ajoutez Numerama \u00e0 votre \u00e9cran d&rsquo;accueil et restez connect\u00e9s au futur !<\/p>\n<p>            <img decoding=\"async\" src=\"https:\/\/www.numerama.com\/wp-content\/themes\/numerama-next\/dist\/images\/premium\/logo-card-pwa-coupe-vCvPQ_Q_ysBNfqKp6w7gG.svg\" alt=\"Logo PWA\"\/><\/p>\n<p>       Installer Numerama<\/p>\n<p class=\"title\">\n            Les infos sur les films et s\u00e9ries             <a href=\"https:\/\/www.numerama.com\/tag\/marvel\/\" target=\"_blank\" rel=\"noopener\"><br \/>\n                Marvel            <\/a>\n        <\/p>\n","protected":false},"excerpt":{"rendered":"Une fuite massive concernant le film Avengers: Doomsday affole la toile. Le teaser sugg\u00e8re que Marvel Studios s\u2019appr\u00eate&hellip;\n","protected":false},"author":2,"featured_media":611798,"comment_status":"","ping_status":"","sticky":false,"template":"","format":"standard","meta":{"footnotes":""},"categories":[1354],"tags":[4553,58,59,1346,1011,27,2135,1360],"class_list":{"0":"post-611797","1":"post","2":"type-post","3":"status-publish","4":"format-standard","5":"has-post-thumbnail","7":"category-films","8":"tag-avengers-doomsday","9":"tag-divertissement","10":"tag-entertainment","11":"tag-films","12":"tag-fr","13":"tag-france","14":"tag-marvel","15":"tag-movies"},"share_on_mastodon":{"url":"https:\/\/pubeurope.com\/@fr\/115752171815670648","error":""},"_links":{"self":[{"href":"https:\/\/www.europesays.com\/fr\/wp-json\/wp\/v2\/posts\/611797","targetHints":{"allow":["GET"]}}],"collection":[{"href":"https:\/\/www.europesays.com\/fr\/wp-json\/wp\/v2\/posts"}],"about":[{"href":"https:\/\/www.europesays.com\/fr\/wp-json\/wp\/v2\/types\/post"}],"author":[{"embeddable":true,"href":"https:\/\/www.europesays.com\/fr\/wp-json\/wp\/v2\/users\/2"}],"replies":[{"embeddable":true,"href":"https:\/\/www.europesays.com\/fr\/wp-json\/wp\/v2\/comments?post=611797"}],"version-history":[{"count":0,"href":"https:\/\/www.europesays.com\/fr\/wp-json\/wp\/v2\/posts\/611797\/revisions"}],"wp:featuredmedia":[{"embeddable":true,"href":"https:\/\/www.europesays.com\/fr\/wp-json\/wp\/v2\/media\/611798"}],"wp:attachment":[{"href":"https:\/\/www.europesays.com\/fr\/wp-json\/wp\/v2\/media?parent=611797"}],"wp:term":[{"taxonomy":"category","embeddable":true,"href":"https:\/\/www.europesays.com\/fr\/wp-json\/wp\/v2\/categories?post=611797"},{"taxonomy":"post_tag","embeddable":true,"href":"https:\/\/www.europesays.com\/fr\/wp-json\/wp\/v2\/tags?post=611797"}],"curies":[{"name":"wp","href":"https:\/\/api.w.org\/{rel}","templated":true}]}}