{"id":611799,"date":"2025-12-20T13:38:19","date_gmt":"2025-12-20T13:38:19","guid":{"rendered":"https:\/\/www.europesays.com\/fr\/611799\/"},"modified":"2025-12-20T13:38:19","modified_gmt":"2025-12-20T13:38:19","slug":"les-memes-genes-peuvent-predisposer-a-differents-troubles-des-liens-genetiques-decouverts-entre-plusieurs-maladies-psychiatriques","status":"publish","type":"post","link":"https:\/\/www.europesays.com\/fr\/611799\/","title":{"rendered":"\u00ab\u00a0Les m\u00eames g\u00e8nes peuvent pr\u00e9disposer \u00e0 diff\u00e9rents troubles\u00a0\u00bb\u00a0:\u00a0des liens g\u00e9n\u00e9tiques d\u00e9couverts entre plusieurs maladies psychiatriques"},"content":{"rendered":"<p>    Les donn\u00e9es g\u00e9n\u00e9tiques de plus d\u2019un million de personnes souffrant de troubles psychiatriques ont \u00e9t\u00e9 analys\u00e9es. (Illustration)<br \/>\n                Gorodenkoff \/ stock.adobe.com<\/p>\n<p>\n    <strong>D\u00c9CRYPTAGE &#8211; <\/strong>Une \u00e9tude g\u00e9n\u00e9tique internationale r\u00e9v\u00e8le que schizophr\u00e9nie, d\u00e9pression, bipolarit\u00e9 ou autisme partagent des m\u00e9canismes biologiques communs.<\/p>\n<p class=\"fig-paragraph\"><a href=\"https:\/\/sante.lefigaro.fr\/sante\/maladie\/schizophrenie\/quest-ce-que-dissociation\" target=\"_blank\" data-fig-type=\"Keyword\" rel=\"sponsored noopener\" data-gtm-custom-categorie=\"navigation\" data-gtm-custom-action=\"crossclick\" data-gtm-custom-label=\"Contextuel\" data-gtm-event=\"customEventSPE\" data-fig-domain=\"SANTE\">Schizophr\u00e9nie<\/a>,\u00a0<a href=\"https:\/\/sante.lefigaro.fr\/sante\/maladie\/trouble-bipolaire\/quest-ce-que-cest\" target=\"_blank\" data-fig-type=\"Keyword\" rel=\"sponsored noopener\" data-gtm-custom-categorie=\"navigation\" data-gtm-custom-action=\"crossclick\" data-gtm-custom-label=\"Contextuel\" data-gtm-event=\"customEventSPE\" data-fig-domain=\"SANTE\">trouble\u00a0bipolaire<\/a>,\u00a0<a href=\"https:\/\/sante.lefigaro.fr\/sante\/maladie\/depression\/quels-traitements\" target=\"_blank\" data-fig-type=\"Keyword\" rel=\"sponsored noopener\" data-gtm-custom-categorie=\"navigation\" data-gtm-custom-action=\"crossclick\" data-gtm-custom-label=\"Contextuel\" data-gtm-event=\"customEventSPE\" data-fig-domain=\"SANTE\">d\u00e9pression<\/a>, anxi\u00e9t\u00e9, autisme, addictions ou troubles obsessionnels compulsifs&#8230; Derri\u00e8re la diversit\u00e9 des sympt\u00f4mes, les fronti\u00e8res entre ces troubles psychiques seraient en r\u00e9alit\u00e9 bien plus poreuses qu\u2019on ne le pensait. En analysant les donn\u00e9es g\u00e9n\u00e9tiques de plus d\u2019un million de personnes souffrant de troubles psychiatriques, une \u00e9quipe internationale de chercheurs montre en effet que la majorit\u00e9 de ces maladies partagent une base biologique commune, bien au-del\u00e0 des cat\u00e9gories diagnostiques traditionnelles.<\/p>\n<p class=\"fig-paragraph\">\u00ab\u00a0Pendant longtemps, nous avons men\u00e9 des \u00e9tudes maladie par maladie. Ce que montre cette publication, pour la premi\u00e8re fois \u00e0 cette \u00e9chelle, c\u2019est que les m\u00eames g\u00e8nes peuvent pr\u00e9disposer \u00e0 diff\u00e9rents troubles\u00a0\u00bb, souligne le Dr\u00a0Boris Chaumette, psychiatre et enseignant-chercheur \u00e0 l\u2019Universit\u00e9 Paris Cit\u00e9 qui a particip\u00e9 \u00e0\u00a0<a href=\"https:\/\/www.nature.com\/articles\/s41586-025-09820-3\" target=\"_blank\" rel=\"sponsored noopener\" data-gtm-custom-categorie=\"navigation\" data-gtm-custom-action=\"crossclick\" data-gtm-custom-label=\"Contextuel\" data-gtm-event=\"customEventSPE\">l\u2019\u00e9tude publi\u00e9e dans la revue Nature<\/a> .<\/p>\n<p>                                                                Cinq grands facteurs g\u00e9n\u00e9tiques communs<\/p>\n<p class=\"fig-paragraph\">Traditionnellement, la psychiatrie repose sur une classification symptomatique. Mais\u2026<\/p>\n<p class=\"fig-premium-paywall__infos\">\n        Cet article est r\u00e9serv\u00e9 aux abonn\u00e9s.        Il vous reste 75% \u00e0 d\u00e9couvrir.\n    <\/p>\n<p>                <img  data- alt=\"Le Figaro\" class=\"fig-img--complete fig-img\"\/><\/p>\n<p class=\"fig-premium-paywall__title\">Vous avez envie de lire la suite ?<\/p>\n<p class=\"fig-premium-paywall__subtitle\">D\u00e9bloquez tous les articles imm\u00e9diatement.<\/p>\n<p class=\"fig-premium-paywall__connect\">\n                D\u00e9j\u00e0 abonn\u00e9\u00a0?                <a class=\"fig-premium-paywall__connect-link\" href=\"https:\/\/connect.lefigaro.fr\/login?client=sante_web&amp;type=main&amp;redirect_uri=https%3A%2F%2Fsante.lefigaro.fr%2Fpsychologie%2Fles-memes-genes-peuvent-predisposer-a-differents-troubles-des-liens-genetiques-decouverts-entre-plusieurs-maladies-psychiatriques-20251220\" data-js-gtm=\"{&quot;customCategorie&quot;: &quot;conversion&quot;, &quot;customAction&quot;: &quot;before_Landing_Connexion_paywall_auto&quot;, &quot;customLabel&quot;: &quot;c2FudGUubGVmaWdhcm8uZnJfXzFmMGRjMTI2LWM4NGEtNjQ1Mi05Zjg4LTkzMzdiOWFlOTJjYl9fQXJ0aWNsZQ==_\u00ab\u00a0Les m\u00eames g\u00e8nes peuvent pr\u00e9disposer \u00e0 diff\u00e9rents troubles\u00a0\u00bb\u00a0:\u00a0des liens g\u00e9n\u00e9tiques d\u00e9couverts entre plusieurs maladies psychiatriques_84&quot;, &quot;customIDSPE&quot;: &quot;c2FudGUubGVmaWdhcm8uZnJfXzFmMGRjMTI2LWM4NGEtNjQ1Mi05Zjg4LTkzMzdiOWFlOTJjYl9fQXJ0aWNsZQ==&quot;, &quot;event&quot;: &quot;customEventSPE&quot;}\" target=\"_blank\" rel=\"noopener\"><br \/>\n                    Connectez-vous<br \/>\n                <\/a>\n            <\/p>\n","protected":false},"excerpt":{"rendered":"Les donn\u00e9es g\u00e9n\u00e9tiques de plus d\u2019un million de personnes souffrant de troubles psychiatriques ont \u00e9t\u00e9 analys\u00e9es. (Illustration) Gorodenkoff&hellip;\n","protected":false},"author":2,"featured_media":611800,"comment_status":"","ping_status":"","sticky":false,"template":"","format":"standard","meta":{"footnotes":""},"categories":[10],"tags":[2073,1011,27,22747,72,235,71],"class_list":{"0":"post-611799","1":"post","2":"type-post","3":"status-publish","4":"format-standard","5":"has-post-thumbnail","7":"category-sante","8":"tag-depression","9":"tag-fr","10":"tag-france","11":"tag-genetique","12":"tag-health","13":"tag-psychiatrie","14":"tag-sante"},"share_on_mastodon":{"url":"https:\/\/pubeurope.com\/@fr\/115752173898567985","error":""},"_links":{"self":[{"href":"https:\/\/www.europesays.com\/fr\/wp-json\/wp\/v2\/posts\/611799","targetHints":{"allow":["GET"]}}],"collection":[{"href":"https:\/\/www.europesays.com\/fr\/wp-json\/wp\/v2\/posts"}],"about":[{"href":"https:\/\/www.europesays.com\/fr\/wp-json\/wp\/v2\/types\/post"}],"author":[{"embeddable":true,"href":"https:\/\/www.europesays.com\/fr\/wp-json\/wp\/v2\/users\/2"}],"replies":[{"embeddable":true,"href":"https:\/\/www.europesays.com\/fr\/wp-json\/wp\/v2\/comments?post=611799"}],"version-history":[{"count":0,"href":"https:\/\/www.europesays.com\/fr\/wp-json\/wp\/v2\/posts\/611799\/revisions"}],"wp:featuredmedia":[{"embeddable":true,"href":"https:\/\/www.europesays.com\/fr\/wp-json\/wp\/v2\/media\/611800"}],"wp:attachment":[{"href":"https:\/\/www.europesays.com\/fr\/wp-json\/wp\/v2\/media?parent=611799"}],"wp:term":[{"taxonomy":"category","embeddable":true,"href":"https:\/\/www.europesays.com\/fr\/wp-json\/wp\/v2\/categories?post=611799"},{"taxonomy":"post_tag","embeddable":true,"href":"https:\/\/www.europesays.com\/fr\/wp-json\/wp\/v2\/tags?post=611799"}],"curies":[{"name":"wp","href":"https:\/\/api.w.org\/{rel}","templated":true}]}}