{"id":6118,"date":"2025-04-06T20:01:11","date_gmt":"2025-04-06T20:01:11","guid":{"rendered":"https:\/\/www.europesays.com\/fr\/6118\/"},"modified":"2025-04-06T20:01:11","modified_gmt":"2025-04-06T20:01:11","slug":"la-russie-lance-une-attaque-aerienne-contre-kyiv-armee-ukrainienne-06-04-2025-a-0423","status":"publish","type":"post","link":"https:\/\/www.europesays.com\/fr\/6118\/","title":{"rendered":"La Russie lance une attaque a\u00e9rienne contre Kyiv-arm\u00e9e ukrainienne &#8211; 06\/04\/2025 \u00e0 04:23"},"content":{"rendered":"<p>\n La Russie a lanc\u00e9 dans la nuit<br \/>\nde samedi \u00e0 dimanche une attaque a\u00e9rienne contre Kyiv que les<br \/>\nforces de d\u00e9fense a\u00e9rienne tentaient de repousser, ont d\u00e9clar\u00e9<br \/>\ndimanche l&rsquo;administration militaire et le maire de la capitale<br \/>\nukrainienne.\n<\/p>\n<p>\n \u00ab\u00a0Des explosions dans la capitale. Les d\u00e9fenses a\u00e9riennes<br \/>\nsont \u00e0 l&rsquo;oeuvre. Restez dans les abris!\u00a0\u00bb, a \u00e9crit le maire de<br \/>\nKyiv, Vitali Klitschko, sur Telegram.\n<\/p>\n<p>\n Des journalistes de Reuters ont dit avoir entendu des<br \/>\nexplosions, provenant apparemment de la d\u00e9fense antia\u00e9rienne.\n<\/p>\n<p>\n (Valentyn Ogirenko \u00e0 Kyiv et Lidia Kelly \u00e0 Melbourne; version<br \/>\nfran\u00e7aise Camille Raynaud)<\/p>\n","protected":false},"excerpt":{"rendered":"La Russie a lanc\u00e9 dans la nuit de samedi \u00e0 dimanche une attaque a\u00e9rienne contre Kyiv que les&hellip;\n","protected":false},"author":2,"featured_media":2486,"comment_status":"","ping_status":"","sticky":false,"template":"","format":"standard","meta":{"footnotes":""},"categories":[1591],"tags":[400,11,398,408,405,1887,403,402,399,404,12,1885,1886,132,401,406,407],"class_list":{"0":"post-6118","1":"post","2":"type-post","3":"status-publish","4":"format-standard","5":"has-post-thumbnail","7":"category-russie","8":"tag-action-cac-40","9":"tag-actualites","10":"tag-bourse-de-paris","11":"tag-boursorama","12":"tag-cotations","13":"tag-federation-de-russie","14":"tag-indices-devises","15":"tag-investir","16":"tag-investissement","17":"tag-marche-boursier","18":"tag-news","19":"tag-russia","20":"tag-russian-federation","21":"tag-russie","22":"tag-sicav","23":"tag-trackers","24":"tag-warrants"},"share_on_mastodon":{"url":"https:\/\/pubeurope.com\/@fr\/114292803780117899","error":""},"_links":{"self":[{"href":"https:\/\/www.europesays.com\/fr\/wp-json\/wp\/v2\/posts\/6118","targetHints":{"allow":["GET"]}}],"collection":[{"href":"https:\/\/www.europesays.com\/fr\/wp-json\/wp\/v2\/posts"}],"about":[{"href":"https:\/\/www.europesays.com\/fr\/wp-json\/wp\/v2\/types\/post"}],"author":[{"embeddable":true,"href":"https:\/\/www.europesays.com\/fr\/wp-json\/wp\/v2\/users\/2"}],"replies":[{"embeddable":true,"href":"https:\/\/www.europesays.com\/fr\/wp-json\/wp\/v2\/comments?post=6118"}],"version-history":[{"count":0,"href":"https:\/\/www.europesays.com\/fr\/wp-json\/wp\/v2\/posts\/6118\/revisions"}],"wp:featuredmedia":[{"embeddable":true,"href":"https:\/\/www.europesays.com\/fr\/wp-json\/wp\/v2\/media\/2486"}],"wp:attachment":[{"href":"https:\/\/www.europesays.com\/fr\/wp-json\/wp\/v2\/media?parent=6118"}],"wp:term":[{"taxonomy":"category","embeddable":true,"href":"https:\/\/www.europesays.com\/fr\/wp-json\/wp\/v2\/categories?post=6118"},{"taxonomy":"post_tag","embeddable":true,"href":"https:\/\/www.europesays.com\/fr\/wp-json\/wp\/v2\/tags?post=6118"}],"curies":[{"name":"wp","href":"https:\/\/api.w.org\/{rel}","templated":true}]}}