{"id":611809,"date":"2025-12-20T13:43:11","date_gmt":"2025-12-20T13:43:11","guid":{"rendered":"https:\/\/www.europesays.com\/fr\/611809\/"},"modified":"2025-12-20T13:43:11","modified_gmt":"2025-12-20T13:43:11","slug":"les-etats-unis-font-volte-face-sur-leur-politique-a-legard-des-mines-antipersonnel-selon-le-washington-post","status":"publish","type":"post","link":"https:\/\/www.europesays.com\/fr\/611809\/","title":{"rendered":"Les \u00c9tats-Unis font volte-face sur leur politique \u00e0 l\u2019\u00e9gard des mines antipersonnel, selon le Washington Post"},"content":{"rendered":"<p>\n    Alors que de nombreux acteurs d\u00e9plorent ces derniers mois le retour de ces explosifs largement d\u00e9cri\u00e9s, l\u2019administration Trump entend ne plus restreindre leur usage.<\/p>\n<p class=\"fig-paragraph\">Pour se renforcer dans \u00abl\u2019un des environnements s\u00e9curitaires les plus dangereux de son histoire\u00bb, l\u2019arm\u00e9e am\u00e9ricaine a estim\u00e9 n\u00e9cessaire de revenir sur une r\u00e8gle mise en place par l\u2019administration Biden et qui interdisait l\u2019utilisation de\u00a0<a href=\"http:\/\/www.lefigaro.fr\/international\/zelensky-signe-un-decret-en-vue-d-un-retrait-de-l-ukraine-de-la-convention-sur-l-interdiction-des-mines-antipersonnel-20250629\" data-fig-type=\"NewsFlash\" data-gtm-custom-categorie=\"navigation\" data-gtm-custom-action=\"crossclick\" data-gtm-custom-label=\"Contextuel\" data-gtm-event=\"customEventSPE\" data-fig-domain=\"LEFIGARO\" target=\"_blank\" rel=\"noopener\">mines terrestres antipersonnel<\/a>, a r\u00e9v\u00e9l\u00e9 ce samedi le\u00a0<a href=\"https:\/\/www.washingtonpost.com\/national-security\/2025\/12\/19\/hegseth-land-mines-policy-reversal\/?nonce=d7b3205344c3474c88e10c49ce6ada61&amp;utm_source=email&amp;utm_medium=ret-transactional-email&amp;utm_campaign=magic-link-failed-login&amp;utm_email=\" target=\"_blank\" rel=\"sponsored noopener\" data-gtm-custom-categorie=\"navigation\" data-gtm-custom-action=\"crossclick\" data-gtm-custom-label=\"Contextuel\" data-gtm-event=\"customEventSPE\">Washington Post<\/a> . De quoi donner aux \u00c9tats-Unis un \u00abmultiplicateur de force\u00bb contre leurs ennemis, selon un document interne que le m\u00e9dia a pu consulter. Il est sign\u00e9 par Pete Hegseth, en date du 2 d\u00e9cembre.<\/p>\n<p class=\"fig-paragraph\">Le secr\u00e9taire \u00e0 la D\u00e9fense demande dans cette note que l\u2019utilisation de tels explosifs ne soit plus restreinte g\u00e9ographiquement. Ils n\u2019\u00e9taient jusqu\u2019\u00e0 pr\u00e9sent autoris\u00e9s que dans la \u00abp\u00e9ninsule de Cor\u00e9e\u00bb, en vue de d\u00e9fendre la\u00a0<a href=\"http:\/\/www.lefigaro.fr\/conjoncture\/en-coree-du-sud-le-president-veut-rembourser-les-traitements-contre-la-perte-de-cheveux-hereditaire-20251219\" data-fig-type=\"Article\" data-gtm-custom-categorie=\"navigation\" data-gtm-custom-action=\"crossclick\" data-gtm-custom-label=\"Contextuel\" data-gtm-event=\"customEventSPE\" data-fig-domain=\"LEFIGARO\" target=\"_blank\" rel=\"noopener\">Cor\u00e9e du Sud<\/a>. Selon la politique actuelle, la plus grande partie des stocks de mines de l\u2019arm\u00e9e am\u00e9ricaine devait \u00e9galement \u00eatre d\u00e9truite. Ne seront d\u00e9sormais d\u00e9truites que les mines \u00abinutilisables ou dangereuses\u00bb. La nouvelle orientation pr\u00e9cise que des mesures seront prises pour limiter les dommages caus\u00e9s aux civils, et que les mines utilis\u00e9es seront \u00e9quip\u00e9es de \u00abm\u00e9canismes d\u2019autodestruction et de fonctions d\u2019autod\u00e9sactivation\u00bb.<\/p>\n<p>                                            <a class=\"fig-a11y-skip\" href=\"#fig-a11y-skip-main-inarticle\" data-module=\"a11y-skip\" data-context=\"was @visible\"><br \/>\n    Passer la publicit\u00e9<br \/>\n<\/a>            <\/p>\n<p class=\"fig-paragraph\">\u00abLe Pentagone r\u00e9instaure une politique discr\u00e9dit\u00e9e, qui incite d\u2019autres nations \u00e0 faire de m\u00eame\u00bb, s\u2019est \u00e9mu dans un communiqu\u00e9 l\u2019ancien s\u00e9nateur d\u00e9mocrate du Vermont, Patrick J. Leahy, tr\u00e8s engag\u00e9 dans la lutte anti-mines. \u00abDavantage de soldats am\u00e9ricains et de soldats innocents seront tu\u00e9s et mutil\u00e9s inutilement. [&#8230;] Quiconque a vu les effets des mines terrestres sur des civils innocents sait que ces armes intrins\u00e8quement aveugles n\u2019ont pas leur place dans l\u2019arsenal des nations civilis\u00e9es\u00bb, ajoute-t-il.<\/p>\n<p>                                            \u00abRetour d\u2019une arme bannie depuis trente ans\u00bb<\/p>\n<p class=\"fig-paragraph\">Donald Trump a \u00e9galement r\u00e9cemment abrog\u00e9 un programme am\u00e9ricain d\u2019\u00abaction humanitaire contre les mines\u00bb. Les \u00c9tats-Unis ne sont par ailleurs pas signataires de la convention d\u2019Ottawa sur l\u2019interdiction de tels explosifs, adopt\u00e9e en 1997 par 164 \u00c9tats. Fin 2024, Joe Biden avait fait une entorse \u00e0 sa propre politique en autorisant la fourniture \u00e0 l\u2019Ukraine de mines antipersonnel pour l\u2019aider \u00e0 freiner l\u2019avanc\u00e9e des Russes. En mars dernier, la Pologne, la Lituanie, l\u2019Estonie et la Lettonie avaient annonc\u00e9 leur volont\u00e9 de\u00a0<a href=\"http:\/\/www.lefigaro.fr\/international\/la-pologne-et-les-pays-baltes-vers-un-retrait-de-la-convention-d-ottawa-qui-interdit-les-mines-antipersonnel-20250319\" data-fig-type=\"NewsFlash\" data-gtm-custom-categorie=\"navigation\" data-gtm-custom-action=\"crossclick\" data-gtm-custom-label=\"Contextuel\" data-gtm-event=\"customEventSPE\" data-fig-domain=\"LEFIGARO\" target=\"_blank\" rel=\"noopener\">se retirer de la convention d\u2019Ottawa<\/a>.<\/p>\n<p class=\"fig-body-link\">\n            \u00c0 lire aussi<br \/>\n        <a class=\"fig-body-link__link fig-premium-mark\" href=\"http:\/\/www.lefigaro.fr\/international\/de-la-finlande-a-l-ukraine-pourquoi-les-mines-antipersonnel-font-leur-retour-en-europe-20250702\" data-fig-type=\"Article\" data-gtm-custom-categorie=\"navigation\" data-gtm-custom-action=\"crossclick\" data-gtm-custom-label=\"Contextuel\" data-gtm-event=\"customEventSPE\" data-fig-domain=\"LEFIGARO\" target=\"_blank\" rel=\"noopener\"><\/p>\n<p>        De la Finlande \u00e0 l\u2019Ukraine, pourquoi les mines antipersonnel font leur retour en Europe<br \/>\n    <\/a>\n<\/p>\n<p class=\"fig-paragraph\">\u00abCes annonces font planer la menace du retour d\u2019une arme bannie depuis trente ans\u00bb, d\u00e9non\u00e7ait dans la foul\u00e9e Le Monde un collectif de plus de 60 personnalit\u00e9s, \u00e0 l\u2019initiative de\u00a0<a href=\"http:\/\/www.lefigaro.fr\/flash-actu\/gaza-les-risques-lies-aux-munitions-non-explosees-sont-enormes-selon-handicap-international-20251014\" data-fig-type=\"NewsFlash\" data-gtm-custom-categorie=\"navigation\" data-gtm-custom-action=\"crossclick\" data-gtm-custom-label=\"Contextuel\" data-gtm-event=\"customEventSPE\" data-fig-domain=\"LEFIGARO\" target=\"_blank\" rel=\"noopener\">Handicap International<\/a>. \u00abLe recours aux mines antipersonnel ne devrait pas faire partie de la r\u00e9ponse \u00e0 la menace s\u00e9curitaire accrue en Europe, car ces armes ne prot\u00e8gent en r\u00e9alit\u00e9 ni les populations ni les fronti\u00e8res. Leur co\u00fbt humain est largement disproportionn\u00e9 par rapport \u00e0 l\u2019avantage strat\u00e9gique limit\u00e9 qui peut leur \u00eatre attribu\u00e9 et pour lequel des alternatives existent\u00bb, expliquait la tribune.<\/p>\n<p class=\"fig-paragraph\">Le Pentagone a d\u00e9clar\u00e9 vendredi soir dans un communiqu\u00e9 que Pete Hegseth \u00e9tait \u00abd\u00e9termin\u00e9 \u00e0 maintenir nos avantages concurrentiels afin de faire face \u00e0 toute \u00e9ventualit\u00e9\u00bb. Il a \u00abcharg\u00e9 le d\u00e9partement (de la d\u00e9fense) d\u2019\u00e9tudier la meilleure fa\u00e7on de r\u00e9pondre \u00e0 nos besoins en mati\u00e8re de combat tout en r\u00e9duisant les risques pour les non-combattants\u00bb, ajoute le communiqu\u00e9.<\/p>\n","protected":false},"excerpt":{"rendered":"Alors que de nombreux acteurs d\u00e9plorent ces derniers mois le retour de ces explosifs largement d\u00e9cri\u00e9s, l\u2019administration Trump&hellip;\n","protected":false},"author":2,"featured_media":611810,"comment_status":"","ping_status":"","sticky":false,"template":"","format":"standard","meta":{"footnotes":""},"categories":[5],"tags":[11,73,1011,27,14,12,28],"class_list":{"0":"post-611809","1":"post","2":"type-post","3":"status-publish","4":"format-standard","5":"has-post-thumbnail","7":"category-international","8":"tag-actualites","9":"tag-etats-unis","10":"tag-fr","11":"tag-france","12":"tag-international","13":"tag-news","14":"tag-world"},"share_on_mastodon":{"url":"https:\/\/pubeurope.com\/@fr\/115752193623078334","error":""},"_links":{"self":[{"href":"https:\/\/www.europesays.com\/fr\/wp-json\/wp\/v2\/posts\/611809","targetHints":{"allow":["GET"]}}],"collection":[{"href":"https:\/\/www.europesays.com\/fr\/wp-json\/wp\/v2\/posts"}],"about":[{"href":"https:\/\/www.europesays.com\/fr\/wp-json\/wp\/v2\/types\/post"}],"author":[{"embeddable":true,"href":"https:\/\/www.europesays.com\/fr\/wp-json\/wp\/v2\/users\/2"}],"replies":[{"embeddable":true,"href":"https:\/\/www.europesays.com\/fr\/wp-json\/wp\/v2\/comments?post=611809"}],"version-history":[{"count":0,"href":"https:\/\/www.europesays.com\/fr\/wp-json\/wp\/v2\/posts\/611809\/revisions"}],"wp:featuredmedia":[{"embeddable":true,"href":"https:\/\/www.europesays.com\/fr\/wp-json\/wp\/v2\/media\/611810"}],"wp:attachment":[{"href":"https:\/\/www.europesays.com\/fr\/wp-json\/wp\/v2\/media?parent=611809"}],"wp:term":[{"taxonomy":"category","embeddable":true,"href":"https:\/\/www.europesays.com\/fr\/wp-json\/wp\/v2\/categories?post=611809"},{"taxonomy":"post_tag","embeddable":true,"href":"https:\/\/www.europesays.com\/fr\/wp-json\/wp\/v2\/tags?post=611809"}],"curies":[{"name":"wp","href":"https:\/\/api.w.org\/{rel}","templated":true}]}}