{"id":61181,"date":"2025-04-29T06:59:08","date_gmt":"2025-04-29T06:59:08","guid":{"rendered":"https:\/\/www.europesays.com\/fr\/61181\/"},"modified":"2025-04-29T06:59:08","modified_gmt":"2025-04-29T06:59:08","slug":"comment-gianluigi-donnarumma-sest-mue-en-sauveur-du-psg","status":"publish","type":"post","link":"https:\/\/www.europesays.com\/fr\/61181\/","title":{"rendered":"comment Gianluigi Donnarumma s\u2019est mu\u00e9 en sauveur du PSG"},"content":{"rendered":"<p><strong>D\u00c9CRYPTAGE \u2013 <\/strong>R\u00e9guli\u00e8rement critiqu\u00e9, souvent \u00e0 juste titre, le portier italien progresse et impressionne par son mental. Si Paris est en demies de C1, c\u2019est gr\u00e2ce \u00e0 lui.<\/p>\n<p class=\"fig-paragraph\">De z\u00e9ro \u00e0 h\u00e9ros, il n\u2019y a parfois qu\u2019un pas. On a longtemps attendu le match r\u00e9f\u00e9rence de Gianluigi Donnarumma en\u00a0<a href=\"https:\/\/www.lefigaro.fr\/sports\/football\/ligue-des-champions\" target=\"_blank\" data-fig-type=\"Section\" rel=\"noopener\" data-gtm-custom-categorie=\"navigation\" data-gtm-custom-action=\"crossclick\" data-gtm-custom-label=\"Contextuel\" data-gtm-event=\"customEventSPE\" data-fig-domain=\"LEFIGARO\">Ligue des champions<\/a>. Jusque-l\u00e0, on avait surtout en t\u00eate\u00a0<a href=\"http:\/\/www.lefigaro.fr\/sports\/football\/ligue-des-champions\/les-notes-du-psg-a-madrid-marquinhos-et-donnarumma-entrainent-paris-dans-leur-chute-20220310\" data-fig-type=\"NewsFlash\" data-gtm-custom-categorie=\"navigation\" data-gtm-custom-action=\"crossclick\" data-gtm-custom-label=\"Contextuel\" data-gtm-event=\"customEventSPE\" data-fig-domain=\"LEFIGARO\" target=\"_blank\" rel=\"noopener\">son erreur de Madrid en 2022<\/a>\u00a0ou sa\u00a0<a href=\"http:\/\/www.lefigaro.fr\/sports\/football\/ligue-des-champions\/les-notes-du-psg-face-a-dortmund-mbappe-perdu-de-vue-dembele-dans-ses-travers-beraldo-fautif-20240507\" data-fig-type=\"NewsFlash\" data-gtm-custom-categorie=\"navigation\" data-gtm-custom-action=\"crossclick\" data-gtm-custom-label=\"Contextuel\" data-gtm-event=\"customEventSPE\" data-fig-domain=\"LEFIGARO\" target=\"_blank\" rel=\"noopener\">passivit\u00e9 contre Dortmund<\/a>, l\u2019an dernier. Le tout avec des limites bien identifi\u00e9es au pied, dans les airs ou la lecture.\u00a0<a href=\"http:\/\/www.lefigaro.fr\/sports\/football\/ligue-des-champions\/psg-coupable-a-arsenal-donnarumma-pose-encore-question-20241002\" data-fig-type=\"Article\" data-gtm-custom-categorie=\"navigation\" data-gtm-custom-action=\"crossclick\" data-gtm-custom-label=\"Contextuel\" data-gtm-event=\"customEventSPE\" data-fig-domain=\"LEFIGARO\" target=\"_blank\" rel=\"noopener\">Limites apparues au grand jour contre Arsenal<\/a>, le 1er\u00a0octobre (<a href=\"http:\/\/www.lefigaro.fr\/flash-sport\/les-notes-du-psg-a-arsenal-les-limites-de-donnarumma-barcola-et-doue-inoffensifs-20241001\" data-fig-type=\"NewsFlash\" data-gtm-custom-categorie=\"navigation\" data-gtm-custom-action=\"crossclick\" data-gtm-custom-label=\"Contextuel\" data-gtm-event=\"customEventSPE\" data-fig-domain=\"LEFIGARO\" target=\"_blank\" rel=\"noopener\">d\u00e9faite 2-0<\/a>). Et maintenant, au moment de retrouver les Gunners en\u00a0<a href=\"https:\/\/www.lefigaro.fr\/sports\/football\/ligue-des-champions\/calendrier-resultats\" target=\"_blank\" rel=\"noopener\" data-gtm-custom-categorie=\"navigation\" data-gtm-custom-action=\"crossclick\" data-gtm-custom-label=\"Contextuel\" data-gtm-event=\"customEventSPE\">demi-finales aller de C1<\/a>, ce mardi (21\u00a0heures, Canal+), \u00e0 Londres\u00a0? La donne est un poil diff\u00e9rente. \u00ab\u00a0Il va certainement instaurer un peu plus de doute chez ses adversaires\u00a0\u00bb, assure Christophe Lollichon, ex-entra\u00eeneur des gardiens de Chelsea. \u00ab\u00a0Gr\u00e2ce \u00e0 lui, le PSG est en demi-finales\u00a0\u00bb, r\u00e9sume Pascal Olmeta, qui a notamment gard\u00e9 les buts de l\u2019OM et de l\u2019OL.<\/p>\n<p class=\"fig-paragraph\">D\u00e9cisif\u00a0<a href=\"http:\/\/www.lefigaro.fr\/sports\/football\/ligue-des-champions\/les-notes-du-psg-a-liverpool-donnarumma-en-heros-mendes-et-pacho-en-costauds-20250312\" data-fig-type=\"NewsFlash\" data-gtm-custom-categorie=\"navigation\" data-gtm-custom-action=\"crossclick\" data-gtm-custom-label=\"Contextuel\" data-gtm-event=\"customEventSPE\" data-fig-domain=\"LEFIGARO\" target=\"_blank\" rel=\"noopener\">\u00e0 Liverpool (0-1 ap, 1-4 tab)<\/a>\u00a0en huiti\u00e8mes et\u00a0<a href=\"http:\/\/www.lefigaro.fr\/sports\/football\/ligue-des-champions\/les-notes-des-parisiens-lors-de-aston-villa-psg-donnarumma-sauve-encore-la-baraque-marquinhos-febrile-20250415\" data-fig-type=\"NewsFlash\" data-gtm-custom-categorie=\"navigation\" data-gtm-custom-action=\"crossclick\" data-gtm-custom-label=\"Contextuel\" data-gtm-event=\"customEventSPE\" data-fig-domain=\"LEFIGARO\" target=\"_blank\" rel=\"noopener\">\u00e0 Birmingham (3-2)<\/a>, en quarts, le portier international italien (72\u00a0s\u00e9lections) de 26\u00a0ans a gagn\u00e9 du cr\u00e9dit. \u00ab\u00a0Il\u2026<\/p>\n<p class=\"fig-premium-paywall__infos\">\n        Cet article est r\u00e9serv\u00e9 aux abonn\u00e9s.        Il vous reste 87% \u00e0 d\u00e9couvrir.\n    <\/p>\n<p>                <img  data- alt=\"Le Figaro\" class=\"fig-img--complete fig-img\"\/><\/p>\n<p class=\"fig-premium-paywall__title\">Vous avez envie de lire la suite ?<\/p>\n<p class=\"fig-premium-paywall__subtitle\">D\u00e9bloquez tous les articles imm\u00e9diatement.<\/p>\n<p class=\"fig-premium-paywall__connect\">\n                D\u00e9j\u00e0 abonn\u00e9\u00a0?                <a class=\"fig-premium-paywall__connect-link\" href=\"https:\/\/connect.lefigaro.fr\/login?client=horizon_web&amp;type=main&amp;redirect_uri=https%3A%2F%2Fwww.lefigaro.fr%2Fsports%2Ffootball%2Fligue-des-champions%2Faujourd-hui-il-est-au-top-comment-gianluigi-donnarumma-s-est-mue-en-sauveur-du-psg-20250429\" data-js-gtm=\"{&quot;customCategorie&quot;: &quot;conversion&quot;, &quot;customAction&quot;: &quot;before_Landing_Connexion_paywall_auto&quot;, &quot;customLabel&quot;: &quot;bGVmaWdhcm8uZnJfXzFmMDIzOWZiLWU2MGYtNjdkNC1hODUxLWE1NjVjYTlmNWU1M19fQXJ0aWNsZQ==_\u00abAujourd\u2019hui, il est au top\u00bb\u00a0: comment Gianluigi Donnarumma s\u2019est mu\u00e9 en sauveur du PSG_166&quot;, &quot;customIDSPE&quot;: &quot;bGVmaWdhcm8uZnJfXzFmMDIzOWZiLWU2MGYtNjdkNC1hODUxLWE1NjVjYTlmNWU1M19fQXJ0aWNsZQ==&quot;, &quot;event&quot;: &quot;customEventSPE&quot;}\" target=\"_blank\" rel=\"noopener\"><br \/>\n                    Connectez-vous<br \/>\n                <\/a>\n            <\/p>\n","protected":false},"excerpt":{"rendered":"D\u00c9CRYPTAGE \u2013 R\u00e9guli\u00e8rement critiqu\u00e9, souvent \u00e0 juste titre, le portier italien progresse et impressionne par son mental. Si&hellip;\n","protected":false},"author":2,"featured_media":61182,"comment_status":"","ping_status":"","sticky":false,"template":"","format":"standard","meta":{"footnotes":""},"categories":[1412],"tags":[5357,4791,786,525,448,1981,1089,814,1451,2257,63,1452,1453,1454,1455,1011,27,10528,2705,447,1307,3490,955,4589,4789,93,4790,1980,60,455],"class_list":{"0":"post-61181","1":"post","2":"type-post","3":"status-publish","4":"format-standard","5":"has-post-thumbnail","7":"category-f1","8":"tag-arsenal","9":"tag-barcelone","10":"tag-c1","11":"tag-calendrier","12":"tag-champions-league","13":"tag-classement","14":"tag-coupe-deurope","15":"tag-direct","16":"tag-f1","17":"tag-foot","18":"tag-football","19":"tag-formula-1","20":"tag-formula1","21":"tag-formule-1","22":"tag-formule1","23":"tag-fr","24":"tag-france","25":"tag-gianluigi-donnarumma","26":"tag-groupe","27":"tag-ligue-des-champions","28":"tag-lille","29":"tag-liverpool","30":"tag-match","31":"tag-phase-finale","32":"tag-poule","33":"tag-psg","34":"tag-real-madrid","35":"tag-resultats","36":"tag-sports","37":"tag-uefa"},"share_on_mastodon":{"url":"https:\/\/pubeurope.com\/@fr\/114419962025761653","error":""},"_links":{"self":[{"href":"https:\/\/www.europesays.com\/fr\/wp-json\/wp\/v2\/posts\/61181","targetHints":{"allow":["GET"]}}],"collection":[{"href":"https:\/\/www.europesays.com\/fr\/wp-json\/wp\/v2\/posts"}],"about":[{"href":"https:\/\/www.europesays.com\/fr\/wp-json\/wp\/v2\/types\/post"}],"author":[{"embeddable":true,"href":"https:\/\/www.europesays.com\/fr\/wp-json\/wp\/v2\/users\/2"}],"replies":[{"embeddable":true,"href":"https:\/\/www.europesays.com\/fr\/wp-json\/wp\/v2\/comments?post=61181"}],"version-history":[{"count":0,"href":"https:\/\/www.europesays.com\/fr\/wp-json\/wp\/v2\/posts\/61181\/revisions"}],"wp:featuredmedia":[{"embeddable":true,"href":"https:\/\/www.europesays.com\/fr\/wp-json\/wp\/v2\/media\/61182"}],"wp:attachment":[{"href":"https:\/\/www.europesays.com\/fr\/wp-json\/wp\/v2\/media?parent=61181"}],"wp:term":[{"taxonomy":"category","embeddable":true,"href":"https:\/\/www.europesays.com\/fr\/wp-json\/wp\/v2\/categories?post=61181"},{"taxonomy":"post_tag","embeddable":true,"href":"https:\/\/www.europesays.com\/fr\/wp-json\/wp\/v2\/tags?post=61181"}],"curies":[{"name":"wp","href":"https:\/\/api.w.org\/{rel}","templated":true}]}}