{"id":611825,"date":"2025-12-20T13:55:20","date_gmt":"2025-12-20T13:55:20","guid":{"rendered":"https:\/\/www.europesays.com\/fr\/611825\/"},"modified":"2025-12-20T13:55:20","modified_gmt":"2025-12-20T13:55:20","slug":"parcourir-de-nuit-les-lieux-emblematiques-de-montpellier-lurban-trail-lance-lannee-des-courses-a-pied","status":"publish","type":"post","link":"https:\/\/www.europesays.com\/fr\/611825\/","title":{"rendered":"Parcourir de nuit les lieux embl\u00e9matiques de Montpellier, l\u2019Urban Trail lance l\u2019ann\u00e9e des courses \u00e0 pied"},"content":{"rendered":"<p>\n                                                                L\u2019\u00e9preuve nocture se d\u00e9roule le 10\u00a0janvier 2026 autour de la place du Nombre d\u2019Or avec un parcours de 6km et un autre de 12km.\n                            <\/p>\n<p>\u00c0 Montpellier, c\u2019est la premi\u00e8re course de l\u2019ann\u00e9e et la seule qui se d\u00e9roule en nocturne. Le 10\u00a0janvier prochain, les rues de la capitale h\u00e9raultaise vont s\u2019illuminer de milliers de frontales, \u00e9l\u00e9ment obligatoire pour prendre le d\u00e9part.<\/p>\n<p>\u00c0 moins de trois semaines du jour J, ils sont d\u00e9j\u00e0 4000 inscrits soit autant que l\u2019\u00e9dition record en 2025. Le boom des courses \u00e0 pied en France y est pour beaucoup, tout comme l\u2019originalit\u00e9 de l\u2019\u00e9preuve qui se d\u00e9roule en milieu urbain.<\/p>\n<p>Ludique, festif et ouvert \u00e0 tous avec un choix de 6 ou 12 kilom\u00e8tres \u00e0 parcourir, l\u2019Urban Trail s\u2019\u00e9lancera \u00e0 19h pour la premi\u00e8re fois sur la place du Nombre d\u2019Or dans le quartier Antigone. Les participants sont invit\u00e9s \u00e0 se d\u00e9guiser sur le th\u00e8me \u00ab\u00a0chic et sport\u00a0\u00bb.<\/p>\n<p>Les lieux embl\u00e9matiques de la ville<\/p>\n<p>Les parcours emprunteront les lieux embl\u00e9matiques de Montpellier comme la Place de l\u2019Europe, le Corum, l\u2019Arc de Triomphe, la promenade du Peyrou, la Tour de la Babote, la Facult\u00e9 de droit, la Place de la Com\u00e9die, le Mo. Co. ou encore les \u00c9chelles de la Ville.<\/p>\n<p>Alors qu\u2019il reste 2500 dossards disponibles pour \u00eatre de la f\u00eate, le club Montpellier Triathlon, organisateur de l\u2019\u00e9v\u00e9nement, invite les coureuses et les coureurs \u00e0 t\u00e9l\u00e9charger leur Parcours de Pr\u00e9vention Sant\u00e9 (le PPS remplace d\u00e9sormais le certificat m\u00e9dical, il est obligatoire) avant le 31\u00a0janvier puisque la F\u00e9d\u00e9ration Fran\u00e7aise d\u2019Athl\u00e9tisme le rend payant (5\u00a0euros) \u00e0 partir du 1er\u00a0janvier.<\/p>\n<p>Il incite aussi les partants \u00e0 s\u2019\u00e9quiper d\u2019une gourde puisque dans un souci de respect de l\u2019environnement\u00a0aucun verre ne sera distribu\u00e9. \u00c0 noter, enfin, qu\u2019un ravitaillement sera propos\u00e9 \u00e0 l\u2019arriv\u00e9e, au m\u00eame endroit que le d\u00e9part, et qu\u2019un ravitaillement en eau sera disponible \u00e0 mi-parcours pour ceux qui courent le 12km.<\/p>\n<p>Ouverture du village sur la place du Nombre d\u2019Or \u00e0 14h, Course des enfants \u00e0 16h.<\/p>\n","protected":false},"excerpt":{"rendered":"L\u2019\u00e9preuve nocture se d\u00e9roule le 10\u00a0janvier 2026 autour de la place du Nombre d\u2019Or avec un parcours de&hellip;\n","protected":false},"author":2,"featured_media":611826,"comment_status":"","ping_status":"","sticky":false,"template":"","format":"standard","meta":{"footnotes":""},"categories":[9599],"tags":[1111,11,72290,1777,674,1011,27,7089,2208,12,2680,25,517],"class_list":{"0":"post-611825","1":"post","2":"type-post","3":"status-publish","4":"format-standard","5":"has-post-thumbnail","7":"category-montpellier","8":"tag-actu","9":"tag-actualites","10":"tag-course-u00e0-pied-trail","11":"tag-eu","12":"tag-europe","13":"tag-fr","14":"tag-france","15":"tag-herault","16":"tag-montpellier","17":"tag-news","18":"tag-occitanie","19":"tag-republique-francaise","20":"tag-sport"},"share_on_mastodon":{"url":"https:\/\/pubeurope.com\/@fr\/115752240798385866","error":""},"_links":{"self":[{"href":"https:\/\/www.europesays.com\/fr\/wp-json\/wp\/v2\/posts\/611825","targetHints":{"allow":["GET"]}}],"collection":[{"href":"https:\/\/www.europesays.com\/fr\/wp-json\/wp\/v2\/posts"}],"about":[{"href":"https:\/\/www.europesays.com\/fr\/wp-json\/wp\/v2\/types\/post"}],"author":[{"embeddable":true,"href":"https:\/\/www.europesays.com\/fr\/wp-json\/wp\/v2\/users\/2"}],"replies":[{"embeddable":true,"href":"https:\/\/www.europesays.com\/fr\/wp-json\/wp\/v2\/comments?post=611825"}],"version-history":[{"count":0,"href":"https:\/\/www.europesays.com\/fr\/wp-json\/wp\/v2\/posts\/611825\/revisions"}],"wp:featuredmedia":[{"embeddable":true,"href":"https:\/\/www.europesays.com\/fr\/wp-json\/wp\/v2\/media\/611826"}],"wp:attachment":[{"href":"https:\/\/www.europesays.com\/fr\/wp-json\/wp\/v2\/media?parent=611825"}],"wp:term":[{"taxonomy":"category","embeddable":true,"href":"https:\/\/www.europesays.com\/fr\/wp-json\/wp\/v2\/categories?post=611825"},{"taxonomy":"post_tag","embeddable":true,"href":"https:\/\/www.europesays.com\/fr\/wp-json\/wp\/v2\/tags?post=611825"}],"curies":[{"name":"wp","href":"https:\/\/api.w.org\/{rel}","templated":true}]}}