{"id":611827,"date":"2025-12-20T13:56:23","date_gmt":"2025-12-20T13:56:23","guid":{"rendered":"https:\/\/www.europesays.com\/fr\/611827\/"},"modified":"2025-12-20T13:56:23","modified_gmt":"2025-12-20T13:56:23","slug":"une-cinquantaine-de-tracteurs-a-rouen","status":"publish","type":"post","link":"https:\/\/www.europesays.com\/fr\/611827\/","title":{"rendered":"une cinquantaine de tracteurs \u00e0 Rouen"},"content":{"rendered":"<p><img decoding=\"async\" class=\"\" style=\"width:100%;max-width:100%\" src=\"https:\/\/www.europesays.com\/fr\/wp-content\/uploads\/2025\/12\/966c27d0_33ab_4267_a2d7_69982c7df5381766078343365-format16by9.jpg\" alt=\"Col\u00e8re agricole Rouen\"\/><\/p>\n<p class=\"block date\" id=\"dateEtAuteur\">Modifi\u00e9 : 19 d\u00e9cembre 2025 \u00e0 11h46  par Julien  Dubois \/ cr\u00e9dit photo : Sweet FM <\/p>\n<p>Les agriculteurs \u00e9taient mobilis\u00e9s ce jeudi 18 d\u00e9cembre sur le territoire. Une action a notamment \u00e9t\u00e9 men\u00e9e \u00e0 Rouen, \u00e0 initiative des syndiqu\u00e9s de la Coordination Rurale. <\/p>\n<p style=\"text-align: left;\" align=\"justify\">La Coordination Rurale a organis\u00e9 plusieurs actions, ce jeudi 18 d\u00e9cembre, \u00e0 travers la Normandie. A Rouen, une cinquantaine de tracteurs ont converg\u00e9 vers la cit\u00e9 administrative, puis la pr\u00e9fecture, <strong>pour \u00ab\u00a0d\u00e9noncer\u00a0\u00bb la gestion de la crise sanitaire li\u00e9e \u00e0 la dermatose nodulaire qui touche le sud de la France, et le projet de trait\u00e9 dit \u00ab\u00a0du Mercosur\u00a0\u00bb entre l&rsquo;Union Europ\u00e9enne et les pays d&rsquo;Am\u00e9rique du sud<\/strong>. Dans un contexte \u00e9conomique d\u00e9j\u00e0 tendu localement. \u00ab\u00a0On a les cours des c\u00e9r\u00e9ales qui sont excessivement bas, qui sont plus bas qu&rsquo;il y a trente ans. Pendant ce temps-l\u00e0, les engrais ont doubl\u00e9, tripl\u00e9. On a la production de pommes de terre o\u00f9 les producteurs n&rsquo;arrivent m\u00eame plus \u00e0 vendre leur production. Et m\u00eame le sucre et les cours ont baiss\u00e9 de 20% depuis un an\u00a0\u00bb affirme Sylvain de Boscherre, repr\u00e9sentant du syndicat en Seine-Maritime.<\/p>\n<\/p>\n<p> <strong>Des habitants venus en soutien<\/strong><\/p>\n<p style=\"text-align: left;\" align=\"justify\">Des difficult\u00e9s que rencontre notamment Guillaume, c\u00e9r\u00e9alier dans le pays de Bray\u00a0: \u00ab\u00a0\u00c7a fait trois ans que les tr\u00e9soreries sont dans le rouge et qu&rsquo;on travaille \u00e0 perte\u00a0\u00bb assure-t-il. Des habitants sont \u00e9galement venus apporter leur soutien aux agriculteurs. Mais trop peu de jeunes pr\u00e9sents parmi les personnes mobilis\u00e9es, d\u00e9plore Maxime, \u00e2g\u00e9 d&rsquo;une vingtaine d&rsquo;ann\u00e9es : \u00ab\u00a0Il y a une certaine apathie qui est inqui\u00e9tante et regardez autour de vous, <strong>o\u00f9 sont les gens de mon \u00e2ge ? O\u00f9 est la nouvelle g\u00e9n\u00e9ration ? Je vois des gens qui ont 30, 40, 50, peut-\u00eatre 60 ans. Mais les gens qui ont entre 20 et 30 ans, o\u00f9 sont-ils ? <\/strong>Eux aussi, ils mangent comme tout le monde, donc ce serait bien qu&rsquo;ils fassent un peu attention\u00a0\u00bb.<\/p>\n<p><img decoding=\"async\" class=\"\" style=\"width:100%;max-width:100%\" src=\"https:\/\/www.europesays.com\/fr\/wp-content\/uploads\/2025\/12\/bec3da79_3126_418f_9372_6563f69c4e351766078371592-format16by9.jpg\" alt=\"Col\u00e8re agricole Rouen\"\/> <strong>Pas de blocage pour No\u00ebl<\/strong><\/p>\n<p style=\"text-align: left;\" align=\"justify\">Et en cas de signature du trait\u00e9 dit \u00ab\u00a0du Mercosur\u00a0\u00bb, la mobilisation pourrait se durcir, sous la forme de blocages ponctuels localement et d&rsquo;op\u00e9rations d\u2019escargots, tout en prenant en compte les f\u00eates de fin d&rsquo;ann\u00e9e. \u00ab\u00a0On ne va pas emb\u00eater les gens. <strong>Les gens ont le droit de profiter des f\u00eates. On ferait \u00e7a peut-\u00eatre apr\u00e8s No\u00ebl, entre No\u00ebl et le jour de l&rsquo;An, mais en aucune fa\u00e7on, on veut emb\u00eater la population<\/strong>\u00a0\u00bb pr\u00e9vient Sylvain de Boscherre. Les syndicats FNSEA et Jeunes Agriculteurs de l&rsquo;Eure et de la Seine-Maritime se sont quant \u00e0 eux rendus \u00e0 Bruxelles, pour manifester devant le si\u00e8ge de la commission europ\u00e9enne.<\/p><\/p>\n","protected":false},"excerpt":{"rendered":"Modifi\u00e9 : 19 d\u00e9cembre 2025 \u00e0 11h46 par Julien Dubois \/ cr\u00e9dit photo : Sweet FM Les agriculteurs&hellip;\n","protected":false},"author":2,"featured_media":611828,"comment_status":"","ping_status":"","sticky":false,"template":"","format":"standard","meta":{"footnotes":""},"categories":[9587],"tags":[1111,11,72294,72291,26141,11948,14181,70814,1777,674,1011,27,22461,21426,72295,72292,12,5161,25,9590,72293],"class_list":{"0":"post-611827","1":"post","2":"type-post","3":"status-publish","4":"format-standard","5":"has-post-thumbnail","7":"category-rouen","8":"tag-actu","9":"tag-actualites","10":"tag-agriculteurs-rouen","11":"tag-colere-agriculteurs","12":"tag-coordination-rurale","13":"tag-crise-economique","14":"tag-crise-sanitaire","15":"tag-dermatose-nodulaire","16":"tag-eu","17":"tag-europe","18":"tag-fr","19":"tag-france","20":"tag-infos-rouen","21":"tag-mercosur","22":"tag-mobilisation-agriculteurs-normandie","23":"tag-mobilisation-agriculteurs-rouen","24":"tag-news","25":"tag-normandie","26":"tag-republique-francaise","27":"tag-rouen","28":"tag-sylvain-de-boscherre"},"share_on_mastodon":{"url":"https:\/\/pubeurope.com\/@fr\/115752245871487995","error":""},"_links":{"self":[{"href":"https:\/\/www.europesays.com\/fr\/wp-json\/wp\/v2\/posts\/611827","targetHints":{"allow":["GET"]}}],"collection":[{"href":"https:\/\/www.europesays.com\/fr\/wp-json\/wp\/v2\/posts"}],"about":[{"href":"https:\/\/www.europesays.com\/fr\/wp-json\/wp\/v2\/types\/post"}],"author":[{"embeddable":true,"href":"https:\/\/www.europesays.com\/fr\/wp-json\/wp\/v2\/users\/2"}],"replies":[{"embeddable":true,"href":"https:\/\/www.europesays.com\/fr\/wp-json\/wp\/v2\/comments?post=611827"}],"version-history":[{"count":0,"href":"https:\/\/www.europesays.com\/fr\/wp-json\/wp\/v2\/posts\/611827\/revisions"}],"wp:featuredmedia":[{"embeddable":true,"href":"https:\/\/www.europesays.com\/fr\/wp-json\/wp\/v2\/media\/611828"}],"wp:attachment":[{"href":"https:\/\/www.europesays.com\/fr\/wp-json\/wp\/v2\/media?parent=611827"}],"wp:term":[{"taxonomy":"category","embeddable":true,"href":"https:\/\/www.europesays.com\/fr\/wp-json\/wp\/v2\/categories?post=611827"},{"taxonomy":"post_tag","embeddable":true,"href":"https:\/\/www.europesays.com\/fr\/wp-json\/wp\/v2\/tags?post=611827"}],"curies":[{"name":"wp","href":"https:\/\/api.w.org\/{rel}","templated":true}]}}