{"id":611829,"date":"2025-12-20T13:57:21","date_gmt":"2025-12-20T13:57:21","guid":{"rendered":"https:\/\/www.europesays.com\/fr\/611829\/"},"modified":"2025-12-20T13:57:21","modified_gmt":"2025-12-20T13:57:21","slug":"la-justice-confirme-la-decision","status":"publish","type":"post","link":"https:\/\/www.europesays.com\/fr\/611829\/","title":{"rendered":"la justice confirme la d\u00e9cision"},"content":{"rendered":"<p>                    Par<br \/>\n        <strong><br \/>\n            <a href=\"https:\/\/actu.fr\/auteur\/fmass\" title=\"Consulter tous les articles de Fabien Massin\" target=\"_blank\" rel=\"noopener\">Fabien Massin<\/a><br \/>\n                    <\/strong><\/p>\n<p>        Publi\u00e9 le<\/p>\n<p>            20 d\u00e9c. 2025 \u00e0 12h56        <\/p>\n<p>L\u2019affaire a \u00e9t\u00e9 port\u00e9 devant la justice. Vendredi 19 d\u00e9cembre 2025, le tribunal administratif de <a href=\"https:\/\/actu.fr\/normandie\/rouen_76540\" target=\"_blank\" rel=\"noopener\">Rouen (Seine-Maritime)<\/a> a examin\u00e9 une <a href=\"https:\/\/actu.fr\/normandie\/rouen_76540\/a-rouen-le-so-se-bat-en-urgence-pour-faire-lever-sa-fermeture-de-deux-mois_63603851.html\" target=\"_blank\" rel=\"noopener\">requ\u00eate d\u00e9pos\u00e9e par le patron de la boite de nuit Le So<\/a>, qui contestait la fermeture administrative de son \u00e9tablissement. Le justice a confirm\u00e9 la fermeture, <strong>dans une ordonnance et un communiqu\u00e9<\/strong> d\u00e9voil\u00e9s samedi 20 d\u00e9cembre. Voici pourquoi.\u00a0<\/p>\n<p>Des \u00e9l\u00e9ments apport\u00e9s \u00ab\u00a0pas suffisants\u00a0\u00bb<\/p>\n<p class=\" wall-content\">\u00ab\u00a0La fermeture du \u00ab So Club \u00bb a \u00e9t\u00e9 d\u00e9cid\u00e9e <strong>par le pr\u00e9fet de la Seine-Maritime<\/strong> le 16 d\u00e9cembre 2025 en application de l\u2019article L. 3332-15 du code de la sant\u00e9 publique, rappelle le tribunal administratif. Cet article permet au pr\u00e9fet du d\u00e9partement, au titre de ses pouvoirs de police, <strong>de fermer des d\u00e9bits de boissons et restaurants<\/strong> en cas d\u2019infractions aux lois et r\u00e8glements relatifs \u00e0 ces \u00e9tablissements ou en cas d\u2019atteinte \u00e0 l\u2019ordre public, \u00e0 la sant\u00e9, \u00e0 la tranquillit\u00e9 ou \u00e0 la moralit\u00e9 publiques.\u00a0\u00bb<\/p>\n<blockquote class=\"ac-article-quote wall-content\">\n<p>Au cas d\u2019esp\u00e8ce, pour ordonner la fermeture temporaire du \u00ab So Club \u00bb, le pr\u00e9fet a relev\u00e9<br \/>\nque des policiers ont retrouv\u00e9, \u00e0 la fin du mois de septembre 2025, \u00e0 5h20 du matin, une<br \/>\nmineure pr\u00e9sentant des signes d\u2019ivresse manifeste sur le parking de cet \u00e9tablissement et<br \/>\nd\u00e9clarant y avoir consomm\u00e9 de la vodka et avoir \u00e9t\u00e9 victime d\u2019un viol.<\/p>\n<p>    <strong>La tribunal administratif de Rouen<\/strong>\n            <\/p><\/blockquote>\n<p class=\" wall-content\">Mais le juge des r\u00e9f\u00e9r\u00e9s ayant examin\u00e9 le dossier \u00ab\u00a0a estim\u00e9 que les \u00e9l\u00e9ments apport\u00e9s par l\u2019exploitant du \u00ab So Club \u00bb pour remettre en cause l\u2019exactitude mat\u00e9rielle de ces faits <strong>n\u2019\u00e9taient pas suffisants<\/strong>, notamment au vu de d\u00e9clarations re\u00e7ues par les services de police au mois de novembre 2025 dans le cadre d\u2019une enqu\u00eate pour subornation de t\u00e9moin\u00a0\u00bb,\u00a0 indique le tribunal administratif.\u00a0<\/p>\n<blockquote class=\"ac-article-quote wall-content\">\n<p>Il [le juge des r\u00e9f\u00e9r\u00e9s] a jug\u00e9 que ces faits, qui ne sont pas isol\u00e9s, sont \u00e0 l\u2019origine, par leur nature, de graves troubles \u00e0 l\u2019ordre public et qu\u2019ils sont en relation directe avec les conditions d\u2019exploitation et la fr\u00e9quentation du \u00ab So Club \u00bb.<\/p>\n<p>    <strong>Le tribunal administratif de Rouen<\/strong>\n            <\/p><\/blockquote>\n<p class=\" wall-content\">En cons\u00e9quence, la d\u00e9cision d\u2019une<strong> fermeture temporaire est confirm\u00e9e<\/strong>, le juge des r\u00e9f\u00e9r\u00e9s ayant estim\u00e9 que dans ce contexte \u00ab\u00a0la fermeture de l\u2019\u00e9tablissement pour une dur\u00e9e de deux mois<strong> n\u2019\u00e9tait pas excessive<\/strong> et qu\u2019ainsi, il n\u2019\u00e9tait pas port\u00e9 une atteinte manifestement disproportionn\u00e9e aux libert\u00e9s d\u2019entreprendre et du commerce et de l\u2019industrie, qui constituent des libert\u00e9s fondamentales\u00a0\u00bb, explique le tribunal administratif.\u00a0<\/p>\n<p>Suivez l\u2019actualit\u00e9 de Rouen sur notre <a href=\"https:\/\/www.whatsapp.com\/channel\/0029VaKfnf99hXF2ddApFB1D\" target=\"_blank\" rel=\"noopener\">cha\u00eene WhatsApp<\/a> et sur notre<a href=\"https:\/\/www.tiktok.com\/@76actu.fr?lang=fr\" target=\"_blank\" rel=\"noopener\"> compte TikTok<\/a><\/p>\n<p class=\" wall-content\">Personnalisez votre actualit\u00e9 en ajoutant vos villes et m\u00e9dias en favori avec <a href=\"https:\/\/moncompte.actu.fr\" title=\"D\u00e9couvez Mon Actu\" rel=\"nofollow noopener\" data-trk=\"{&quot;cta&quot;:{&quot;action&quot;:&quot;https:\\\/\\\/moncompte.actu.fr&quot;,&quot;category&quot;:&quot;mon compte&quot;,&quot;from&quot;:&quot;article footer&quot;,&quot;name&quot;:&quot;Mon actu&quot;,&quot;type&quot;:&quot;cta&quot;}}\" target=\"_blank\">Mon Actu<\/a>.<\/p>\n<p>                    <script async src=\"\/\/www.tiktok.com\/embed.js\"><\/script><\/p>\n","protected":false},"excerpt":{"rendered":"Par Fabien Massin Publi\u00e9 le 20 d\u00e9c. 2025 \u00e0 12h56 L\u2019affaire a \u00e9t\u00e9 port\u00e9 devant la justice. Vendredi&hellip;\n","protected":false},"author":2,"featured_media":611830,"comment_status":"","ping_status":"","sticky":false,"template":"","format":"standard","meta":{"footnotes":""},"categories":[9587],"tags":[1111,11,5702,215,1777,674,118,1011,27,303,12,5161,25,9590],"class_list":{"0":"post-611829","1":"post","2":"type-post","3":"status-publish","4":"format-standard","5":"has-post-thumbnail","7":"category-rouen","8":"tag-actu","9":"tag-actualites","10":"tag-alcool","11":"tag-commerce","12":"tag-eu","13":"tag-europe","14":"tag-faits-divers","15":"tag-fr","16":"tag-france","17":"tag-justice","18":"tag-news","19":"tag-normandie","20":"tag-republique-francaise","21":"tag-rouen"},"share_on_mastodon":{"url":"https:\/\/pubeurope.com\/@fr\/115752248767664795","error":""},"_links":{"self":[{"href":"https:\/\/www.europesays.com\/fr\/wp-json\/wp\/v2\/posts\/611829","targetHints":{"allow":["GET"]}}],"collection":[{"href":"https:\/\/www.europesays.com\/fr\/wp-json\/wp\/v2\/posts"}],"about":[{"href":"https:\/\/www.europesays.com\/fr\/wp-json\/wp\/v2\/types\/post"}],"author":[{"embeddable":true,"href":"https:\/\/www.europesays.com\/fr\/wp-json\/wp\/v2\/users\/2"}],"replies":[{"embeddable":true,"href":"https:\/\/www.europesays.com\/fr\/wp-json\/wp\/v2\/comments?post=611829"}],"version-history":[{"count":0,"href":"https:\/\/www.europesays.com\/fr\/wp-json\/wp\/v2\/posts\/611829\/revisions"}],"wp:featuredmedia":[{"embeddable":true,"href":"https:\/\/www.europesays.com\/fr\/wp-json\/wp\/v2\/media\/611830"}],"wp:attachment":[{"href":"https:\/\/www.europesays.com\/fr\/wp-json\/wp\/v2\/media?parent=611829"}],"wp:term":[{"taxonomy":"category","embeddable":true,"href":"https:\/\/www.europesays.com\/fr\/wp-json\/wp\/v2\/categories?post=611829"},{"taxonomy":"post_tag","embeddable":true,"href":"https:\/\/www.europesays.com\/fr\/wp-json\/wp\/v2\/tags?post=611829"}],"curies":[{"name":"wp","href":"https:\/\/api.w.org\/{rel}","templated":true}]}}