{"id":611833,"date":"2025-12-20T13:59:57","date_gmt":"2025-12-20T13:59:57","guid":{"rendered":"https:\/\/www.europesays.com\/fr\/611833\/"},"modified":"2025-12-20T13:59:57","modified_gmt":"2025-12-20T13:59:57","slug":"limmobilisme-de-l-ruffin-est-en-marche","status":"publish","type":"post","link":"https:\/\/www.europesays.com\/fr\/611833\/","title":{"rendered":"L&rsquo;IMMOBILISME DE L. RUFFIN EST EN MARCHE"},"content":{"rendered":"<p>Posted On 20 d\u00e9cembre 2025 <\/p>\n<p style=\"text-align: justify;\">\u00ab\u00a0Plan d&rsquo;action\u00a0\u00bb !<a href=\"https:\/\/grenoble-le-changement.fr\/2025\/12\/09\/fusillades-en-serie-et-toujours-le-deni-de-laurence-ruffin-verts\/\" target=\"_blank\" rel=\"noopener\"> Par antiphrase la majorit\u00e9 municipale<\/a> a nomm\u00e9 ainsi un document de 20 pages qui multiplie les mots justifiant l&rsquo;immobilisme dans la lutte contre l&rsquo;ins\u00e9curit\u00e9 dans le quartier St Bruno. \u00c0 3 mois des municipales il s&rsquo;agissait pour les \u00e9lus Rouge\/Verts de venir en aide \u00e0 Laurence Ruffin en faisant semblant.<\/p>\n<p style=\"text-align: justify;\">Le document \u00e9voque des intentions, \u00ab\u00a0interrogations, suggestions, diagnostics \u00e0 r\u00e9aliser, coordinations multiples \u00e0 instituer\u00a0\u00bb\u00a0mais aussi des \u00ab\u00a0cellules de concertation, un travail d\u2019observation, des groupes de travail \u00e0 cr\u00e9er, de structurer un suivi, des cartographies \u00e0 \u00e9tablir, des \u00e9tudes de partenariat, des bilans \u00e0 r\u00e9aliser\u00a0\u00bb&#8230;<\/p>\n<p>\u00a0<\/p>\n<p><img decoding=\"async\" data-id=\"85334\" src=\"https:\/\/grenoble-le-changement.fr\/wp-content\/uploads\/2025\/10\/rapport-police-st-bruno.png\" alt=\"\" class=\"wp-image-85334 jetpack-lazy-image\" data-lazy-src=\"https:\/\/www.europesays.com\/fr\/wp-content\/uploads\/2025\/12\/rapport-police-st-bruno.png\" \/><br \/>\nLe document de la Police Nationale r\u00e9clamant 7 cam\u00e9ras place St Bruno que la municipalit\u00e9 refuse : il n&rsquo;y en a que deux dont une ne voit rien &#8230;<\/p>\n<p><strong>M. TAVEL, SERVICE MINIMUM ; O. BERTRAND (Verts\/Ades), L&rsquo;IND\u00c9FENDABLE <\/strong><\/p>\n<p style=\"text-align: justify;\">Au Conseil Municipal lundi Maud Tavel, l&rsquo;adjointe (Verts\/LFI) \u00e0 la \u00ab\u00a0tranquillit\u00e9\u00a0\u00bb a fait le minimum syndical en lisant une intervention r\u00e9dig\u00e9e par le cabinet : elle est elle-m\u00eame sur le d\u00e9part et ne cache pas en priv\u00e9 sa d\u00e9ception sur le fonctionnement de la majorit\u00e9. Elle a d&rsquo;ailleurs manifest\u00e9 sa r\u00e9serve en ne r\u00e9pondant pas aux orateurs, laissant \u00e0 l&rsquo;apparatchik <a href=\"https:\/\/grenoble-le-changement.fr\/raymond-avrillier-le-tartuffe-rouge-verts-bouge-encore\/\" target=\"_blank\" rel=\"noopener\">Olivier Bertrand (Verts\/Ades), un b\u00e9b\u00e9 Avrillier,<\/a> la t\u00e2che de d\u00e9fendre &#8211; bien mal- l&rsquo;ind\u00e9fendable. Il est toujours dispo pour la mauvaise foi et le sectarisme.<\/p>\n<p style=\"text-align: justify;\"><strong>LES DEALERS SONT DES COPAINS D&rsquo;EN BAS<\/strong><\/p>\n<p style=\"text-align: justify;\">D&rsquo;ailleurs en conduisant cette op\u00e9ration d&rsquo;enfumage \u00e9lectoraliste de faire croire, qu&rsquo;apr\u00e8s avoir demand\u00e9 pendant 12 ans aux habitants de s&rsquo;adapter aux dealers &#8211;<a href=\"https:\/\/grenoble-le-changement.fr\/2024\/01\/09\/les-dealers-vos-copains-den-bas-pour-la-municipalite\/\" target=\"_blank\" rel=\"noopener\"> les \u00ab\u00a0copains d&rsquo;en bas\u00a0\u00bb (!)-<\/a> , ils allaient faire quelque chose avant les \u00e9lections, Olivier Bertrand a qualifi\u00e9 les critiques de \u00ab\u00a0politique politicienne\u00a0\u00bb. Ils osent tout, c&rsquo;est aussi \u00e0 \u00e7a qu&rsquo;on reconnait les Rouge\/Verts.<\/p>\n<p style=\"text-align: justify;\"><strong>LA POLICE R\u00c9CLAME 7 CAMERAS, LA MAJORIT\u00c9 REFUSE<\/strong><\/p>\n<p style=\"text-align: justify;\">Sur la seule question des cam\u00e9ras de vid\u00e9oprotection la situation est ubuesque ! La Police Nationale demande de l&rsquo;aide pour faire son travail. Elle r\u00e9clame 7 cam\u00e9ras place St Bruno car sur les deux existantes ,insuffisantes, une ne voit rien. Dans son \u00ab\u00a0plan d&rsquo;action\u00a0\u00bb la municipalit\u00e9 d\u00e9cide \u00ab\u00a0d&rsquo;\u00e9tudier en partenariat entre la police nationale et la ville la pertinence de l&rsquo;augmentation du nombre de cam\u00e9ras\u00a0\u00bb.<\/p>\n<p><img decoding=\"async\" data-id=\"86324\" src=\"https:\/\/grenoble-le-changement.fr\/wp-content\/uploads\/2025\/11\/Ruffin-florence.webp\" alt=\"\" class=\"wp-image-86324 jetpack-lazy-image\" data-lazy-src=\"https:\/\/www.europesays.com\/fr\/wp-content\/uploads\/2025\/11\/Ruffin-florence.webp\" \/><\/p>\n<p><a href=\"https:\/\/grenoble-le-changement.fr\/wp-content\/uploads\/2025\/12\/Capture-de\u0301cran-2025-12-18-a\u0300-10.54.08.png\" rel=\"lightbox[86740] noopener\" target=\"_blank\"><img decoding=\"async\" data-id=\"86741\" src=\"https:\/\/grenoble-le-changement.fr\/wp-content\/uploads\/2025\/12\/Capture-de\u0301cran-2025-12-18-a\u0300-10.54.08-982x1024.png\" alt=\"\" class=\"wp-image-86741 jetpack-lazy-image\" data-lazy-src=\"https:\/\/www.europesays.com\/fr\/wp-content\/uploads\/2025\/12\/Capture-de\u0301cran-2025-12-18-a\u0300-10.54.08-982x1024.png\" \/><\/a><br \/>\n<a href=\"https:\/\/grenoble-le-changement.fr\/2025\/12\/08\/l-ruffin-impose-avec-brutalite-une-future-majorite-aux-ordres\/\" target=\"_blank\" rel=\"noopener\">Laurence Ruffin <\/a>et son local de campagne ferm\u00e9 la plupart du temps : les Grenoblois n&rsquo;ont jamais acc\u00e8s aux \u00e9lus Rouge\/Verts qui vivent en vase clos <\/p>\n<p><strong>L. RUFFIN NE SAIT PAS QUELLES CAM\u00c9RAS MARCHENT ENCORE&#8230;<\/strong><\/p>\n<p style=\"text-align: justify;\">Oui elle \u00ab\u00a0d\u00e9cide\u00a0\u00bb. Que voil\u00e0 \u00ab\u00a0un plan d&rsquo;action\u00a0\u00bb ! Ce cynisme est celui de Laurence Ruffin. Attention, avec elle l&rsquo;immobilisme est en mouvement : \u00ab\u00a0On doit aussi renforcer la police municipale et former les effectifs, notamment sur la question des armes (&#8230;). On ne s\u2019interdit pas de discuter de l\u2019armement (&#8230;) la vid\u00e9osurvaillence est\u00a0 un outil parmi d&rsquo;autres, mais ce n&rsquo;est pas l&rsquo;outil miracle. Aujourd&rsquo;hui on a un centre de coordination op\u00e9rationnel qui marche bien et on a des cam\u00e9ras \u00e0 disposition. Mais, on nous a remont\u00e9 qu\u2019on ne sait pas toujours lesquelles fonctionnent et lesquelles ne fonctionnent pas (&#8230;) Commen\u00e7ons par cartographier les endroits o\u00f9 il y a une vid\u00e9osurveillance, o\u00f9 sont les cam\u00e9ras qui fonctionnent et o\u00f9 il devrait y en avoir\u00a0\u00bb (d\u00e9clarations\u00a0 de L.Ruffin \u00e0 Actu.fr).<\/p>\n<p style=\"text-align: justify;\"><strong>&#8230; MAIS LE CENTRE DE COORDINATION FONCTIONNE TR\u00c9S BIEN !\u00a0<\/strong><\/p>\n<p style=\"text-align: justify;\">Si un Grenoblois retient une action qu&rsquo;elle entreprendrait pour r\u00e9duire la d\u00e9linquance qui a pris le pouvoir \u00e0 Grenoble, qu&rsquo;il nous \u00e9crive. Au passage elle avoue que la municipalit\u00e9 ne sait pas combien de cam\u00e9ras fonctionnent encore. Maud Tavel ne lui dit pas ? Ce qui ne l&#8217;emp\u00eache pas d&rsquo;affirmer qu&rsquo;on a \u00ab\u00a0un centre de coordination op\u00e9rationnel qui marche bien\u00a0\u00bb (!). \u00c0 partir de quand tant de niaiseries et d&rsquo;incomp\u00e9tence crasse seront-elles sanctionn\u00e9es ?\u00a0<\/p>\n<p style=\"text-align: justify;\"><strong>ALAIN CARIGNON : \u00ab\u00a0VOUS N&rsquo;ALLEZ PAS TROP VITE ?\u00a0\u00bb\u00a0<\/strong><\/p>\n<p style=\"text-align: justify;\">Elle multiplie \u00ab\u00a0les questions\u00a0\u00bb, elle \u00ab\u00a0ne s&rsquo;interdit pas de discuter\u00a0\u00bb. On avance toujours. <a href=\"https:\/\/grenoble-le-changement.fr\/2025\/11\/17\/12-ans-et-crible-de-balles-ce-a-quoi-conduit-le-deal-a-grenoble\/\" target=\"_blank\" rel=\"noopener\">Pendant ce temps les balles pleuvent,<\/a> les enfants soldats du narcotrafic tombent, un imaginaire catastrophique est cr\u00e9\u00e9 aux enfants grenoblois qui vivent dans ce climat, des familles enti\u00e8res sont inqui\u00e8tes chaque fois que l&rsquo;un des leurs part \u00e0 l&rsquo;\u00e9cole.\u00a0<\/p>\n<p style=\"text-align: justify;\">Au Conseil Municipal lundi Alain Carignon s&rsquo;est moqu\u00e9 : \u00ab\u00a0vous vous engagez \u00e0 \u00e9tudier la pertinence des cam\u00e9ras. N&rsquo;allez vous pas trop vite? Vous devriez vous questionner d&rsquo;abord sur la pertinence de l&rsquo;\u00e9tude&#8230;\u00a0\u00bb.\u00a0<\/p>\n<p><img decoding=\"async\" data-id=\"75596\" src=\"https:\/\/grenoble-le-changement.fr\/wp-content\/uploads\/2024\/08\/Dealers-St-Bruno-mairie-1-1.webp\" alt=\"\" class=\"wp-image-75596 jetpack-lazy-image\" data-lazy-src=\"https:\/\/grenoble-le-changement.fr\/wp-content\/uploads\/2024\/08\/Dealers-St-Bruno-mairie-1-1.webp?is-pending-load=1\" \/><\/p>\n<p><img decoding=\"async\" data-id=\"52404\" src=\"https:\/\/grenoble-le-changement.fr\/wp-content\/uploads\/2022\/04\/St-Bruno-violence-1-1.png\" alt=\"\" class=\"wp-image-52404 jetpack-lazy-image\" data-lazy-src=\"https:\/\/www.europesays.com\/fr\/wp-content\/uploads\/2025\/12\/St-Bruno-violence-1-1.png\" \/><br \/>\nSt-Bruno : les \u00ab\u00a0copains d&rsquo;en bas\u00a0\u00bb de la majorit\u00e9 municipale en action <\/p>\n<p><strong>O. BERTRAND \u00ab\u00a0CA N&rsquo;A PAS DE SENS DE DISCUTER DE LA PERTINENCE DES CAM\u00c9RAS\u00a0\u00bb\u00a0<\/strong><\/p>\n<p style=\"text-align: justify;\">Olivier Bertrand a d&rsquo;ailleurs r\u00e9pondu que \u00ab\u00a0\u00e7a n&rsquo;avait pas de sens\u00a0\u00bb de discuter de \u00ab\u00a0la pertinence des cam\u00e9ras avant le plan de r\u00e9am\u00e9nagement de la place St Bruno\u00a0\u00bb !\u00a0<\/p>\n<p style=\"text-align: justify;\">Par contre le Dauphin\u00e9 (19\/12\/25) retient du \u00ab\u00a0plan d&rsquo;action\u00a0\u00bb l&rsquo;arr\u00eat\u00e9 anti-trottinettes demand\u00e9 aussi par la police depuis 7 mois : 7 mois pour apposer sa signature sur un arr\u00eat\u00e9. Toujours cette mobilisation qui impressionne.<\/p>\n<p style=\"text-align: justify;\"><strong>LAURENCE RUFFIN MULTIPLIE LES QUESTIONS SANS R\u00c9PONSES<\/strong><\/p>\n<p style=\"text-align: justify;\"><a href=\"https:\/\/grenoble-le-changement.fr\/2025\/11\/24\/ruffin-brunon-verts-lfi-on-ne-fera-pas-la-chasse-aux-dealers\/\" target=\"_blank\" rel=\"noopener\">L&rsquo;immobilisme<\/a> est le m\u00eame s&rsquo;agissant du passage du march\u00e9, l&rsquo;\u00e9clairage public d\u00e9faillant, la fermeture de la place sur le mod\u00e8le des autres parcs et jardins comme Marliave ou Val\u00e9rien Perrin. Il ne se passera rien. Que des \u00e9tudes et des questionnements. D&rsquo;ailleurs <a href=\"https:\/\/grenoble-le-changement.fr\/2025\/11\/30\/plainte-dans-laffaire-lheureux-piolle-d-spini-demande-a-laurence-ruffin-de-sexpliquer\/\" target=\"_blank\" rel=\"noopener\">Laurence Ruffin multiplie les question<\/a>s, m\u00eame \u00ab\u00a0la question de la pr\u00e9vention&#8230;\u00a0\u00bb\u00a0 \u00a0\u00bb question\u00a0\u00bb \u00e0 laquelle elle est \u00e9videmment attach\u00e9e ! Mais que ferait-elle?\u00a0 Avec quels moyens?\u00a0<\/p>\n<p><img decoding=\"async\" data-id=\"65118\" src=\"https:\/\/grenoble-le-changement.fr\/wp-content\/uploads\/2023\/07\/AvrillierBertrand.png\" alt=\"\" class=\"wp-image-65118 jetpack-lazy-image\" data-lazy-src=\"https:\/\/www.europesays.com\/fr\/wp-content\/uploads\/2025\/12\/AvrillierBertrand.png\" \/><br \/>\nOlivier Bertrand (Verts\/Ades) <a href=\"https:\/\/grenoble-le-changement.fr\/raymond-avrillier-le-tartuffe-rouge-verts-bouge-encore\/\" target=\"_blank\" rel=\"noopener\">un apparatchik du syst\u00e8me Avrillier<\/a><a href=\"https:\/\/grenoble-le-changement.fr\/2024\/01\/09\/les-dealers-vos-copains-den-bas-pour-la-municipalite\/\" target=\"_blank\" rel=\"noopener\"> <\/a>a suppl\u00e9\u00e9 Maud Tavel pour r\u00e9pondre \u00e0 l&rsquo;opposition : l&rsquo;adjointe au Maire n&rsquo;a pas voulu d\u00e9fendre l&rsquo;ind\u00e9fendable <\/p>\n<p><strong>MAIS ELLE OUVRE UN R\u00c9F\u00c9RENDUM AUX \u00c9TRANGERS \u00c0 PARTIR DE 16 ANS <\/strong><\/p>\n<p style=\"text-align: justify;\">Des r\u00e9ponses pr\u00e9cises, financ\u00e9es que nenni. Seulement l&rsquo;organisation&#8230; \u00ab\u00a0d&rsquo;un r\u00e9f\u00e9rendum local ouvert aux \u00e9trangers et d\u00e8s 16 ans\u00a0\u00bb sur les sujets qui le m\u00e9ritent. Proposition par ceux qui ont refus\u00e9 aux habitants largement majoritaires la consultation sur le lac Villeneuve, dans le cadre des proc\u00e9dures qu&rsquo;ils avaient mis en place.<\/p>\n<p style=\"text-align: justify;\">\u00c0 ce stade de d\u00e9ni et de strat\u00e9gie d&rsquo;\u00e9vitement, <a href=\"https:\/\/grenoble-le-changement.fr\/2025\/11\/10\/laurence-ruffin-limposture-verte-se-fait-discrete\/\" target=\"_blank\" rel=\"noopener\">la tromperie est \u00e0 son comble.<\/a> Mais ce cumul ne passe pas inaper\u00e7u. Tout citoyen qui observe ce man\u00e8ge comprend son objet. Il en est la victime directe.\u00a0<\/p>\n<p style=\"text-align: justify;\"><strong>LE SEUL PLAN D&rsquo;ACTION, CELUI DE \u00ab\u00a0R\u00c9CONCILIER GRENOBLE\u00a0\u00bb<\/strong><\/p>\n<p style=\"text-align: justify;\">Quartier St-Bruno, comme dans tout Grenoble, il faut un vrai plan d&rsquo;action avec des mesures, des chiffres, des financements. <a href=\"https:\/\/grenoble-le-changement.fr\/2025\/11\/23\/securite-le-plan-dalain-carignon-pour-retablir-lordre-a-grenoble\/\" target=\"_blank\" rel=\"noopener\">\u00c0 ce jour seul \u00ab\u00a0R\u00e9concilier Grenoble\u00a0\u00bb et Alain Carignon proposent un projet d\u00e9taill\u00e9<\/a> qui est valid\u00e9 et port\u00e9 par des experts de la police comme Jean-Claude Borel-Garin, Guillaume Josserand, Roger Oria. Entre l&rsquo;enfumage cynique de Laurence Ruffin et ce plan, les grenoblois ont le choix de leur avenir.\u00a0<\/p>\n<p>\u00a0<\/p>\n<p><a href=\"https:\/\/grenoble-le-changement.fr\/wp-content\/uploads\/2025\/12\/Capture-de\u0301cran-2025-12-18-a\u0300-23.11.58.png\" rel=\"lightbox[86740] noopener\" target=\"_blank\"><img decoding=\"async\" data-id=\"86753\" src=\"https:\/\/grenoble-le-changement.fr\/wp-content\/uploads\/2025\/12\/Capture-de\u0301cran-2025-12-18-a\u0300-23.11.58-1024x347.png\" alt=\"\" class=\"wp-image-86753 jetpack-lazy-image\" data-lazy-src=\"https:\/\/www.europesays.com\/fr\/wp-content\/uploads\/2025\/12\/Capture-de\u0301cran-2025-12-18-a\u0300-23.11.58-1024x347.png\" \/><\/a><\/p>\n<p><a href=\"https:\/\/grenoble-le-changement.fr\/wp-content\/uploads\/2025\/12\/Capture-de\u0301cran-2025-12-18-a\u0300-23.12.41.png\" rel=\"lightbox[86740] noopener\" target=\"_blank\"><img decoding=\"async\" data-id=\"86754\" src=\"https:\/\/grenoble-le-changement.fr\/wp-content\/uploads\/2025\/12\/Capture-de\u0301cran-2025-12-18-a\u0300-23.12.41-1024x465.png\" alt=\"\" class=\"wp-image-86754 jetpack-lazy-image\" data-lazy-src=\"https:\/\/www.europesays.com\/fr\/wp-content\/uploads\/2025\/12\/Capture-de\u0301cran-2025-12-18-a\u0300-23.12.41-1024x465.png\" \/><\/a><\/p>\n<p><a href=\"https:\/\/grenoble-le-changement.fr\/wp-content\/uploads\/2025\/12\/Capture-de\u0301cran-2025-12-18-a\u0300-23.12.59.png\" rel=\"lightbox[86740] noopener\" target=\"_blank\"><img decoding=\"async\" data-id=\"86755\" src=\"https:\/\/grenoble-le-changement.fr\/wp-content\/uploads\/2025\/12\/Capture-de\u0301cran-2025-12-18-a\u0300-23.12.59-1024x233.png\" alt=\"\" class=\"wp-image-86755 jetpack-lazy-image\" data-lazy-src=\"https:\/\/grenoble-le-changement.fr\/wp-content\/uploads\/2025\/12\/Capture-de\u0301cran-2025-12-18-a\u0300-23.12.59-1024x233.png?is-pending-load=1\" \/><\/a><br \/>\nQuelques remarques des employ\u00e9s de la ville ces derniers jours sur l&rsquo;intranet de la ville : la majorit\u00e9 municipale met ses salari\u00e9s en danger sans cam\u00e9ras et sans protection <\/p>\n","protected":false},"excerpt":{"rendered":"Posted On 20 d\u00e9cembre 2025 \u00ab\u00a0Plan d&rsquo;action\u00a0\u00bb ! Par antiphrase la majorit\u00e9 municipale a nomm\u00e9 ainsi un document&hellip;\n","protected":false},"author":2,"featured_media":611834,"comment_status":"","ping_status":"","sticky":false,"template":"","format":"standard","meta":{"footnotes":""},"categories":[9566],"tags":[1111,11,10127,9601,2430,9607,1777,674,1011,27,2731,14756,14757,10136,34169,12,15454,10140,25,47846],"class_list":{"0":"post-611833","1":"post","2":"type-post","3":"status-publish","4":"format-standard","5":"has-post-thumbnail","7":"category-grenoble","8":"tag-actu","9":"tag-actualites","10":"tag-ades","11":"tag-alain-carignon","12":"tag-auvergne-rhone-alpes","13":"tag-eric-piolle","14":"tag-eu","15":"tag-europe","16":"tag-fr","17":"tag-france","18":"tag-grenoble","19":"tag-guillaume-josserand","20":"tag-jean-claude-borel-garin","21":"tag-laurence-ruffin","22":"tag-maud-tavel","23":"tag-news","24":"tag-olivier-bertrand","25":"tag-raymond-avrillier","26":"tag-republique-francaise","27":"tag-roger-oria"},"share_on_mastodon":{"url":"https:\/\/pubeurope.com\/@fr\/115752281044641636","error":""},"_links":{"self":[{"href":"https:\/\/www.europesays.com\/fr\/wp-json\/wp\/v2\/posts\/611833","targetHints":{"allow":["GET"]}}],"collection":[{"href":"https:\/\/www.europesays.com\/fr\/wp-json\/wp\/v2\/posts"}],"about":[{"href":"https:\/\/www.europesays.com\/fr\/wp-json\/wp\/v2\/types\/post"}],"author":[{"embeddable":true,"href":"https:\/\/www.europesays.com\/fr\/wp-json\/wp\/v2\/users\/2"}],"replies":[{"embeddable":true,"href":"https:\/\/www.europesays.com\/fr\/wp-json\/wp\/v2\/comments?post=611833"}],"version-history":[{"count":0,"href":"https:\/\/www.europesays.com\/fr\/wp-json\/wp\/v2\/posts\/611833\/revisions"}],"wp:featuredmedia":[{"embeddable":true,"href":"https:\/\/www.europesays.com\/fr\/wp-json\/wp\/v2\/media\/611834"}],"wp:attachment":[{"href":"https:\/\/www.europesays.com\/fr\/wp-json\/wp\/v2\/media?parent=611833"}],"wp:term":[{"taxonomy":"category","embeddable":true,"href":"https:\/\/www.europesays.com\/fr\/wp-json\/wp\/v2\/categories?post=611833"},{"taxonomy":"post_tag","embeddable":true,"href":"https:\/\/www.europesays.com\/fr\/wp-json\/wp\/v2\/tags?post=611833"}],"curies":[{"name":"wp","href":"https:\/\/api.w.org\/{rel}","templated":true}]}}