{"id":611838,"date":"2025-12-20T14:13:25","date_gmt":"2025-12-20T14:13:25","guid":{"rendered":"https:\/\/www.europesays.com\/fr\/611838\/"},"modified":"2025-12-20T14:13:25","modified_gmt":"2025-12-20T14:13:25","slug":"on-fait-quoi-ce-week-end-plutot-marche-de-createurs-concert-ou-gremlins-au-cine-nos-idees-de-sorties-a-strasbourg","status":"publish","type":"post","link":"https:\/\/www.europesays.com\/fr\/611838\/","title":{"rendered":"On fait quoi ce week-end. Plut\u00f4t march\u00e9 de cr\u00e9ateurs, concert ou Gremlins au cin\u00e9 ? Nos id\u00e9es de sorties \u00e0 Strasbourg"},"content":{"rendered":"<p class=\"insetTitle\">C\u00f4t\u00e9 cin\u00e9 : Gremlins, parce que No\u00ebl approche !<\/p>\n<p>Trois r\u00e8gles \u00e0 respecter absolument \u00a0: ne pas les mouiller, ne pas les exposer \u00e0 la lumi\u00e8re et, surtout, ne jamais leur donner \u00e0 manger apr\u00e8s minuit. Lorsque Randall Peltzer, inventeur et commercial de son \u00e9tat, p\u00e9n\u00e8tre dans l&rsquo;\u00e9choppe de M. Wing, \u00e0 Chinatown, il trouve le cadeau id\u00e9al pour son fils Billy (Zach Galligan)\u00a0 : un mogwai. Le petit animal, adorable, n&rsquo;est h\u00e9las pas \u00e0 vendre, alors Peltzer d\u00e9cide de le voler. Sans se douter que cet acte va avoir de lourdes cons\u00e9quences pour la petite ville de Kingston Falls, o\u00f9 il est domicili\u00e9. Bien moins choux, nettement plus destructeurs que la cr\u00e9ature qui leur donne naissance suite \u00e0 un f\u00e2cheux concours de circonstances, d&rsquo;authentiques Gremlins ne vont plus tarder \u00e0 y pointer le bout de leur nez&#8230;<\/p>\n<p>Dans la cat\u00e9gorie des films de No\u00ebl un rien d\u00e9jant\u00e9s, il y a le monumental Die Hard (Pi\u00e8ge de Cristal) de <a href=\"https:\/\/www.dna.fr\/culture-loisirs\/2024\/09\/23\/john-mctiernan-a-strasbourg-enseigner-les-valeurs-morales-aujourd-hui-les-films-ne-font-plus-ca\" target=\"_blank\" rel=\"noopener\">John McTiernan<\/a>, l&rsquo;hilarant Maman j&rsquo;ai rat\u00e9 l&rsquo;avion de Chris Colombus, et il y a la cataclysmique com\u00e9die horrifique Gremlins. Opportun\u00e9ment sorti sur les \u00e9crans fran\u00e7ais en d\u00e9cembre 1984, ce classique du cin\u00e9ma familial met aux prises une petite communaut\u00e9 am\u00e9ricaine traditionnelle avec des cr\u00e9atures aussi hideuses que dr\u00f4les&#8230; et dangereuses. Car les Gremlins, mutations atroces des gentils mogwais, sont n\u00e9s pour jouer des tours pendables \u00e0 l&rsquo;humanit\u00e9.<\/p>\n<p><a href=\"https:\/\/www.dna.fr\/culture\/2015\/09\/20\/hollywood-l-enfer-de-dante\" target=\"_blank\" rel=\"noopener\">R\u00e9alis\u00e9 par Joe Dante<\/a>, alors aur\u00e9ol\u00e9 des succ\u00e8s des pellicules horrifiques Piranhas et Hurlements, Gremlins est de ces longs-m\u00e9trages n\u00e9s sous une bonne \u00e9toile \u00e0 Hollywood. Chris Colombus est au sc\u00e9nario, Steven Spielberg \u00e0 la production. Le trio parvient \u00e0 d\u00e9fendre une vraie libert\u00e9 de ton et une noirceur assum\u00e9e face aux financeurs, ce qui aboutit \u00e0 l&rsquo;\u00e9poque \u00e0 la sortie d&rsquo;un petit ovni filmique devenu culte, farce cruelle et politique doubl\u00e9e d&rsquo;un authentique film de genre, parfaitement assum\u00e9 dans ses exc\u00e8s. Un immense succ\u00e8s commercial \u00e0 la cl\u00e9.<\/p>\n<p>A qui parle Gremlins \u00a0? Aussi bien aux adultes, qui savoureront son d\u00e9licieux second degr\u00e9, qu&rsquo;aux plus jeunes qui y d\u00e9couvriront combien le cin\u00e9ma des ann\u00e9es 1980 savait \u00eatre d\u00e9brid\u00e9. 41 ans apr\u00e8s, Gremlins et sa suite (autre classique, plus politiquement incorrect que jamais) sont d&rsquo;ailleurs sous les feux de l&rsquo;actualit\u00e9 \u00a0: un troisi\u00e8me opus a \u00e9t\u00e9 annonc\u00e9&#8230;<\/p>\n<p><strong>Le bonus \u00a0:<\/strong> Gremlins a donn\u00e9 au regrett\u00e9 Dick Miller, habitu\u00e9 des productions de Roger Corman, l&rsquo;un de ses r\u00f4les les plus embl\u00e9matiques \u00a0: le v\u00e9t\u00e9ran Murray Futterman, qui paiera cher sa rencontre avec les cr\u00e9atures. L&rsquo;occasion de revoir l&rsquo;acteur, aux traits embl\u00e9matiques, h\u00e9las disparu en 2019.<\/p>\n<p class=\"note\">Gremlins, au cin\u00e9ma Cosmos, samedi 20 d\u00e9cembre \u00e0 21h50 en VO<\/p>\n<p class=\"insetSignature\">N.B.<\/p>\n","protected":false},"excerpt":{"rendered":"C\u00f4t\u00e9 cin\u00e9 : Gremlins, parce que No\u00ebl approche ! Trois r\u00e8gles \u00e0 respecter absolument \u00a0: ne pas les&hellip;\n","protected":false},"author":2,"featured_media":611839,"comment_status":"","ping_status":"","sticky":false,"template":"","format":"standard","meta":{"footnotes":""},"categories":[2820],"tags":[1111,11,1687,2880,1777,674,107,1011,27,775,873,12,2661,25,640,2879],"class_list":{"0":"post-611838","1":"post","2":"type-post","3":"status-publish","4":"format-standard","5":"has-post-thumbnail","7":"category-strasbourg","8":"tag-actu","9":"tag-actualites","10":"tag-culture-loisirs","11":"tag-edition-strasbourg","12":"tag-eu","13":"tag-europe","14":"tag-fil-info","15":"tag-fr","16":"tag-france","17":"tag-grand-est","18":"tag-musique","19":"tag-news","20":"tag-patrimoine-culturel","21":"tag-republique-francaise","22":"tag-strasbourg","23":"tag-strasbourg-ville"},"share_on_mastodon":{"url":"https:\/\/pubeurope.com\/@fr\/115752311389195502","error":""},"_links":{"self":[{"href":"https:\/\/www.europesays.com\/fr\/wp-json\/wp\/v2\/posts\/611838","targetHints":{"allow":["GET"]}}],"collection":[{"href":"https:\/\/www.europesays.com\/fr\/wp-json\/wp\/v2\/posts"}],"about":[{"href":"https:\/\/www.europesays.com\/fr\/wp-json\/wp\/v2\/types\/post"}],"author":[{"embeddable":true,"href":"https:\/\/www.europesays.com\/fr\/wp-json\/wp\/v2\/users\/2"}],"replies":[{"embeddable":true,"href":"https:\/\/www.europesays.com\/fr\/wp-json\/wp\/v2\/comments?post=611838"}],"version-history":[{"count":0,"href":"https:\/\/www.europesays.com\/fr\/wp-json\/wp\/v2\/posts\/611838\/revisions"}],"wp:featuredmedia":[{"embeddable":true,"href":"https:\/\/www.europesays.com\/fr\/wp-json\/wp\/v2\/media\/611839"}],"wp:attachment":[{"href":"https:\/\/www.europesays.com\/fr\/wp-json\/wp\/v2\/media?parent=611838"}],"wp:term":[{"taxonomy":"category","embeddable":true,"href":"https:\/\/www.europesays.com\/fr\/wp-json\/wp\/v2\/categories?post=611838"},{"taxonomy":"post_tag","embeddable":true,"href":"https:\/\/www.europesays.com\/fr\/wp-json\/wp\/v2\/tags?post=611838"}],"curies":[{"name":"wp","href":"https:\/\/api.w.org\/{rel}","templated":true}]}}