{"id":611842,"date":"2025-12-20T14:15:33","date_gmt":"2025-12-20T14:15:33","guid":{"rendered":"https:\/\/www.europesays.com\/fr\/611842\/"},"modified":"2025-12-20T14:15:33","modified_gmt":"2025-12-20T14:15:33","slug":"ces-grandes-rues-du-centre-historique-pourraient-ne-bientot-plus-ressembler-a-ca-un-calendrier-propose-pour-les-trames-vertes","status":"publish","type":"post","link":"https:\/\/www.europesays.com\/fr\/611842\/","title":{"rendered":"ces grandes rues du centre historique pourraient ne bient\u00f4t plus ressembler \u00e0 \u00e7a, un calendrier propos\u00e9 pour les trames vertes"},"content":{"rendered":"<p><strong><a href=\"https:\/\/nicepresse.com\/municipales\/\" data-wpel-link=\"internal\" target=\"_blank\" rel=\"noopener\">Municipales 2026<\/a> &#8211; \u00c0\u00a0l\u2019occasion d\u2019un \u00e9change avec les riverains du Voeu, le maire-candidat <a href=\"https:\/\/nicepresse.com\/christian-estrosi-a-nice-presse-10-maisons-de-sante-ouvertes-avant-2029-aux-quatre-coins-de-la-ville\/\" data-wpel-link=\"internal\" target=\"_blank\" rel=\"noopener\">Christian Estrosi<\/a> a\u00a0propos\u00e9 un plan d\u2019action pour r\u00e9nover le secteur d\u00e8s la premi\u00e8re partie de son prochain mandat, s\u2019il est r\u00e9\u00e9lu. Les grands axes des \u00ab\u00a0trames vertes\u00a0\u00bb seraient achev\u00e9s, de part et d\u2019autre des quartiers Belle \u00c9poque.<\/strong><\/p>\n<p>Voici des ann\u00e9es que des arbres en pot ont recouvert une voirie peintur\u00e9e de jaune. Un am\u00e9nagement d\u00e9finitif\u00a0? \u00c9videmment non, m\u00eame si certains Ni\u00e7ois ont fini par le croire (oui, oui). Il faut dire que les \u00ab\u00a0<a href=\"https:\/\/nicepresse.com\/images-en-coeur-de-ville-le-chantier-de-la-nouvelle-trame-verte-dessine-la-nice-de-demain\/\" data-wpel-link=\"internal\" target=\"_blank\" rel=\"noopener\">trames vertes<\/a>\u00a0\u00bb, ces rues apais\u00e9es en lieu et place d\u2019anciens couloirs de bus lib\u00e9r\u00e9s par le tramway souterrain, ont \u00e9t\u00e9 achev\u00e9es pour une bonne part du centre historique, mais que l\u2019est accuse quelques ann\u00e9es de retard.<\/p>\n<p>\u00ab\u00a0Oui, et c\u2019est assum\u00e9. Le secteur conna\u00eet plusieurs \u00e9volutions concomitantes, avec l\u2019extension de la <a href=\"https:\/\/nicepresse.com\/delinquance-grilles-policiers-cameras-dans-la-coulee-verte-quelle-securite-pour-lextension-sur-8-hectares-de-la-promenade-du-paillon\/\" data-wpel-link=\"internal\" target=\"_blank\" rel=\"noopener\">coul\u00e9e verte<\/a> que nous venons de livrer, et l\u2019am\u00e9nagement de <a href=\"https:\/\/nicepresse.com\/un-an-de-retard-pour-la-livraison-du-super-commissariat-la-mairie-de-nice-appelle-letat-a-tenir-ses-promesses\/\" data-wpel-link=\"internal\" target=\"_blank\" rel=\"noopener\">l\u2019H\u00f4tel des Polices<\/a>, qui le sera l\u2019an prochain\u00a0\u00bb rappelle ce samedi \u00e0\u00a0Nice-Presse l\u2019adjoint au maire charg\u00e9 des mobilit\u00e9s, <a href=\"https:\/\/nicepresse.com\/les-deux-listes-de-gauche-portent-une-vision-haineuse-et-conflictuelle-une-croisade-contre-le-fait-religieux-denonce-a-nice-la-campagne-estrosi\/\" data-wpel-link=\"internal\" target=\"_blank\" rel=\"noopener\">Ga\u00ebl Nofri<\/a>.<\/p>\n<p><a href=\"https:\/\/espacelympia.departement06.fr\/agenda\/brigitte-mylene-et-michele-les-petites-cheries-de-la-cote-dazur\" data-wpel-link=\"external\" target=\"_blank\" rel=\"external noopener noreferrer\"><img loading=\"lazy\" decoding=\"async\" width=\"300\" height=\"300\" src=\"https:\/\/www.europesays.com\/fr\/wp-content\/uploads\/2025\/12\/APWeb_LPC_300x300_YB_300-x-300.jpg\" alt=\"\" class=\"wp-image-262664\"\/><\/a><\/p>\n<p>\u00ab\u00a0La logique, notamment dans les quartiers commer\u00e7ants, est de ne pas lancer des travaux partout, de phaser, pour \u00e9viter de trop grandes nuisances. Nous sommes pr\u00eats. Christian Estrosi en a\u00a0discut\u00e9 avec les riverains\u00a0: d\u00e8s le lendemain de l\u2019\u00e9lection, en avril 2026, une concertation publique sera ouverte et la mise en chantier suivra, au mois de septembre\u00a0\u00bb.<\/p>\n<blockquote class=\"twitter-tweet\">\n<p lang=\"fr\" dir=\"ltr\">\u00c9changes avec les riverains de Gioffredo et H\u00f4tel des Postes.<br \/>Je leur ai r\u00e9affirm\u00e9 mon engagement\u00a0: d\u00e8s le prochain mandat, ces axes seront r\u00e9am\u00e9nag\u00e9s sur le mod\u00e8le de Pastorelli avec des plantations, l\u2019embellissement des trottoirs et des voies.<br \/>Avec la promenade du paillon\u2026 <a href=\"https:\/\/t.co\/UxLjp9qfGz\" data-wpel-link=\"external\" target=\"_blank\" rel=\"external noopener noreferrer\" class=\"wpel-icon-right\">pic.twitter.com\/UxLjp9qfGz<\/a><\/p>\n<p>\u2014 Christian Estrosi (@cestrosi) <a href=\"https:\/\/twitter.com\/cestrosi\/status\/2002080547108216947?ref_src=twsrc%5Etfw\" target=\"_blank\" rel=\"noopener external noreferrer\" data-wpel-link=\"external\" class=\"wpel-icon-right\">December 19,\u00a02025<\/a><\/p><\/blockquote>\n<p>La proc\u00e9dure permettra d\u2019entrer dans le d\u00e9tail des futurs \u00e9quipements, choisis par les habitants (<a href=\"https:\/\/nicepresse.com\/airbnb-securite-stationnement-ce-qui-preoccupe-les-riverains-de-ce-quartier-central-de-nice\/\" data-wpel-link=\"internal\" target=\"_blank\" rel=\"noopener\">qui d\u00e9veloppaient il y\u00a0a peu leurs pr\u00e9occupations<\/a>). La rue de l\u2019H\u00f4tel des Postes devrait garder sa piste cyclable bidirectionnelle, \u00eatre v\u00e9g\u00e9talis\u00e9e, ses trottoirs repris et ses diff\u00e9rents r\u00e9seaux souterrains remis \u00e0\u00a0niveau.\u00a0<\/p>\n<p>Les coups de pelle concerneront en premier lieu Gioffredo, \u00ab\u00a0pour peu ou prou une ann\u00e9e\u00a0\u00bb, avec une piste cyclable unique, davantage de vert et un cheminement pi\u00e9ton de meilleure qualit\u00e9. Un point cl\u00e9 dans ce secteur de commer\u00e7ants ind\u00e9pendants, d\u2019\u00e9coles et de squares.<\/p>\n<p>Rues r\u00e9nov\u00e9es, nouveau parking, jardin pour les enfants\u2026<\/p>\n<p><img loading=\"lazy\" decoding=\"async\" width=\"1120\" height=\"630\" src=\"https:\/\/www.europesays.com\/fr\/wp-content\/uploads\/2025\/12\/google_03_retouche-1120x630.png\" alt=\"Nice place Marshall\" class=\"wp-image-115913\" title=\"Nice : ces grandes rues du centre historique pourraient ne bient\u00f4t plus ressembler \u00e0 \u00e7a, un calendrier propos\u00e9 pour les trames vertes 1\"  \/>Visuel de principe transmis par la M\u00e9tropole ni\u00e7oise [\u00a9\u00a0DR]<\/p>\n<p>\u00c7a, ce sont les axes structurants. Mais, <a href=\"https:\/\/nicepresse.com\/nouveaux-parkings-renovations-des-rues-voici-quand-ces-projets-tres-attendus-seront-livres-dans-lhypercentre-de-nice\/\" data-wpel-link=\"internal\" target=\"_blank\" rel=\"noopener\">dans le m\u00eame calendrier<\/a>, c\u2019est-\u00e0-dire pour une inauguration \u00ab\u00a0en 2028\u00a0\u00bb, les trottoirs de Dubouchage seraient refaits, de m\u00eame que les fosses d\u2019arbres, \u00ab\u00a0des op\u00e9rations peu impactantes et assez rapides\u00a0\u00bb. Idem pour les perpendiculaires Defly, Beri, Devoluy, Delille, promises \u00e0\u00a0un coup de jeune, \u00ab\u00a0sans impact sur le stationnement dans la zone\u00a0\u00bb souligne encore Ga\u00ebl\u00a0Nofri.<\/p>\n<p>Le <a href=\"https:\/\/nicepresse.com\/en-photos-nice-on-sait-a-quoi-ressemblera-la-nouvelle-place-marshall-en-2025\/\" data-wpel-link=\"internal\" target=\"_blank\" rel=\"noopener\">nouvel aspect de Marshall<\/a>, aussi, serait d\u00e9voil\u00e9 courant 2026, \u00ab\u00a0avec l\u2019esprit d\u2019un parvis, d\u2019une vraie place d\u2019armes\u00a0\u00bb pour les policiers. Aux alentours, le parking Wilson est toujours programm\u00e9 pour \u00ab\u00a0fin 2028\u00a0\u00bb, avec 400 places souterraines, un jardin en surface et \u00ab\u00a0aucun arbre coup\u00e9\u00a0\u00bb. Pas de news au sujet de Foch, le commissariat appel\u00e9 \u00e0\u00a0fermer d\u2019ici un an et demi. La Ville a\u00a0propos\u00e9 de racheter \u00e0\u00a0l\u2019\u00c9tat un morceau de terrain pour en faire un jardin d\u2019enfants. Mais ne confirme pas \u00eatre int\u00e9ress\u00e9e par le\u00a0b\u00e2ti.<\/p>\n<p><a href=\"https:\/\/www.nice.fr\/noel-a-nice\/\" data-wpel-link=\"external\" target=\"_blank\" rel=\"external noopener noreferrer\"><img loading=\"lazy\" decoding=\"async\" width=\"300\" height=\"300\" src=\"https:\/\/www.europesays.com\/fr\/wp-content\/uploads\/2025\/11\/NoelNice_Coeur-Article-NicePresse-300x300-2.png\" alt=\"\" class=\"wp-image-260426\"\/><\/a><\/p>\n<p>\t<script async src=\"https:\/\/platform.twitter.com\/widgets.js\" charset=\"utf-8\"><\/script><\/p>\n","protected":false},"excerpt":{"rendered":"Municipales 2026 &#8211; \u00c0\u00a0l\u2019occasion d\u2019un \u00e9change avec les riverains du Voeu, le maire-candidat Christian Estrosi a\u00a0propos\u00e9 un plan&hellip;\n","protected":false},"author":2,"featured_media":611843,"comment_status":"","ping_status":"","sticky":false,"template":"","format":"standard","meta":{"footnotes":""},"categories":[2819],"tags":[1111,11,1777,674,1011,27,12,2401,882,25],"class_list":{"0":"post-611842","1":"post","2":"type-post","3":"status-publish","4":"format-standard","5":"has-post-thumbnail","7":"category-nice","8":"tag-actu","9":"tag-actualites","10":"tag-eu","11":"tag-europe","12":"tag-fr","13":"tag-france","14":"tag-news","15":"tag-nice","16":"tag-provence-alpes-cote-dazur","17":"tag-republique-francaise"},"share_on_mastodon":{"url":"https:\/\/pubeurope.com\/@fr\/115752320653144639","error":""},"_links":{"self":[{"href":"https:\/\/www.europesays.com\/fr\/wp-json\/wp\/v2\/posts\/611842","targetHints":{"allow":["GET"]}}],"collection":[{"href":"https:\/\/www.europesays.com\/fr\/wp-json\/wp\/v2\/posts"}],"about":[{"href":"https:\/\/www.europesays.com\/fr\/wp-json\/wp\/v2\/types\/post"}],"author":[{"embeddable":true,"href":"https:\/\/www.europesays.com\/fr\/wp-json\/wp\/v2\/users\/2"}],"replies":[{"embeddable":true,"href":"https:\/\/www.europesays.com\/fr\/wp-json\/wp\/v2\/comments?post=611842"}],"version-history":[{"count":0,"href":"https:\/\/www.europesays.com\/fr\/wp-json\/wp\/v2\/posts\/611842\/revisions"}],"wp:featuredmedia":[{"embeddable":true,"href":"https:\/\/www.europesays.com\/fr\/wp-json\/wp\/v2\/media\/611843"}],"wp:attachment":[{"href":"https:\/\/www.europesays.com\/fr\/wp-json\/wp\/v2\/media?parent=611842"}],"wp:term":[{"taxonomy":"category","embeddable":true,"href":"https:\/\/www.europesays.com\/fr\/wp-json\/wp\/v2\/categories?post=611842"},{"taxonomy":"post_tag","embeddable":true,"href":"https:\/\/www.europesays.com\/fr\/wp-json\/wp\/v2\/tags?post=611842"}],"curies":[{"name":"wp","href":"https:\/\/api.w.org\/{rel}","templated":true}]}}