{"id":611844,"date":"2025-12-20T14:17:13","date_gmt":"2025-12-20T14:17:13","guid":{"rendered":"https:\/\/www.europesays.com\/fr\/611844\/"},"modified":"2025-12-20T14:17:13","modified_gmt":"2025-12-20T14:17:13","slug":"comment-jean-pierre-rivere-et-maurice-cohen-ont-repris-le-pouvoir-a-logc-nice","status":"publish","type":"post","link":"https:\/\/www.europesays.com\/fr\/611844\/","title":{"rendered":"Comment Jean-Pierre Riv\u00e8re et Maurice Cohen ont repris le pouvoir \u00e0 l\u2019OGC Nice"},"content":{"rendered":"<p>Le secret de l\u2019annonce a \u00e9t\u00e9 bien gard\u00e9. Une fois la conf\u00e9rence de presse de Franck Haise termin\u00e9e vendredi, les journalistes ont \u00e9t\u00e9 invit\u00e9s \u00e0 rester quelques instants. On leur a alors remis un communiqu\u00e9 de presse <a href=\"https:\/\/www.footmercato.net\/a920134863967011076-logc-nice-annonce-le-depart-de-fabrice-bocquet-et-le-retour-de-jean-pierre-rivere-et-maurice-cohen\" target=\"_blank\" rel=\"noopener\">officialisant le d\u00e9part imm\u00e9diat de Fabrice Bocquet<\/a>, le pr\u00e9sident-directeur g\u00e9n\u00e9ral, remplac\u00e9 par celui \u00e0 qui il avait lui-m\u00eame succ\u00e9d\u00e9 cet \u00e9t\u00e9 : Jean-Pierre Riv\u00e8re. Pr\u00e9sident du club entre 2011 et janvier 2019, puis d\u2019ao\u00fbt 2019 \u00e0 ao\u00fbt 2025, l\u2019homme de 68 ans revient accompagn\u00e9 d\u2019un autre historique, Maurice Cohen, lui aussi pr\u00e9sident entre 2002 et 2009.<\/p>\n<p>            La suite apr\u00e8s cette publicit\u00e9<\/p>\n<p>C\u2019est ce tandem qui doit redresser l\u2019OGC Nice, sur une terrible s\u00e9rie de neuf d\u00e9faites cons\u00e9cutives toutes comp\u00e9titions confondues. Ils op\u00e9reront sous la direction de Jean-Claude Blanc, patron de la branche sports d\u2019INEOS. \u00ab Avec Maurice, on a l\u2019amour de ce club, l\u2019amour de cette ville, <a href=\"https:\/\/www.footmercato.net\/a391723007636255454-le-cri-du-coeur-de-rivere-et-cohen-pour-sauver-logc-nice\" target=\"_blank\" rel=\"noopener\">expliquait Riv\u00e8re hier, sit\u00f4t apr\u00e8s l\u2019annonce de son retour<\/a>. Mais il faut aussi respecter INEOS qui a d\u00e9j\u00e0 mis 400 millions d\u2019euros sur la table. Je suis all\u00e9 voir Jim Ratcliffe et je lui ai parl\u00e9 de maintien. Il m\u2019a demand\u00e9 si je pouvais reprendre le club. Je lui ai dit oui, mais pas seul. J\u2019ai pens\u00e9 \u00e0 Maurice Cohen. C\u2019\u00e9tait comme une \u00e9vidence. \u00bb <\/p>\n<p>            La suite apr\u00e8s cette publicit\u00e9<\/p>\n<p>        Bocquet concentrait pas mal de reproches<\/p>\n<p>C\u2019est ce dernier qui g\u00e9rera les affaires courantes. Les premiers contacts ont eu lieu d\u00e9but d\u00e9cembre quand les diff\u00e9rents hommes forts du club cherchaient des solutions pour redresser une situation sportive d\u00e9sesp\u00e9rante. \u00ab Il y a quinze jours, j\u2019avais d\u00e9j\u00e0 approch\u00e9 Jean-Claude Blanc et Fabrice Bocquet. J\u2019avais d\u00e9j\u00e0 envie d\u2019aider le club \u00bb, poursuivait Riv\u00e8re. Bocquet souhaitait activer des leviers. <a href=\"https:\/\/www.footmercato.net\/a8318527310379437532-haise-proche-de-pleurer-securite-incriminee-les-coulisses-de-la-reunion-de-crise-a-nice\" target=\"_blank\" rel=\"noopener\">Le changement d\u2019entra\u00eeneur n\u2019\u00e9tait pas une option pour lui<\/a>. Il a pr\u00e9f\u00e9r\u00e9 conserver Franck Haise, m\u00eame si celui-ci a propos\u00e9 son d\u00e9part. Face au manque de moyens de l\u2019actionnaire, c\u2019est donc Bocquet en personne qui a servi de fusible. <\/p>\n<p>L\u2019ancien directeur g\u00e9n\u00e9ral de Lorient avait beau avoir un plan ambitieux pour les Aiglons, il a vite \u00e9t\u00e9 rattrap\u00e9 par la r\u00e9alit\u00e9 \u00e9conomique. Il a fallu se d\u00e9barrasser des gros salaires chez les joueurs et les salari\u00e9s, et renforcer l\u2019effectif sans grands moyens. C\u2019est l\u2019une des raisons du manque de r\u00e9sultat sur la premi\u00e8re partie de saison et de la nouvelle humiliation europ\u00e9enne. Ces changements lui ont valu une certaine d\u00e9fiance en interne. On lui reprochait \u00e9galement de ne pas \u00eatre natif de la r\u00e9gion, alors que son riche CV avait largement de quoi s\u00e9duire. Les accusations de perte d\u2019identit\u00e9 ni\u00e7oise, c\u2019est en partie pour lui.<\/p>\n<p>            La suite apr\u00e8s cette publicit\u00e9<\/p>\n<p>        Un changement pour quels effets ?<\/p>\n<p>La situation a carr\u00e9ment d\u00e9g\u00e9n\u00e9r\u00e9 ces derni\u00e8res semaines avec les supporters. Boga et Moffi ont obtenu un arr\u00eat de travail apr\u00e8s leur altercation et veulent quitter le club d\u00e8s cet hiver. En faisant venir le duo Riv\u00e8re-Cohen, INEOS s\u2019ach\u00e8te une forme de paix sociale, indique <a href=\"https:\/\/www.lequipe.fr\/Football\/Article\/Apres-le-remplacement-de-bocquet-par-rivere-a-la-tete-de-l-ogc-nice-tout-change-mais-rien-ne-change\/1628336\" target=\"_blank\" rel=\"noopener\">L\u2019\u00c9quipe<\/a>. Le fond des probl\u00e8mes reste le m\u00eame. Le Gym a peu de moyens pour recruter cet hiver. Il faudra compter sur des pr\u00eats, comme <a href=\"https:\/\/www.footmercato.net\/a2387247925858864673-logc-nice-tente-le-coup-elye-wahi\" target=\"_blank\" rel=\"noopener\">celui d\u2019Elye Wahi en provenance de l\u2019Eintracht Francfort<\/a>, comme nous vous le r\u00e9v\u00e9lions \u00e0 la mi-journ\u00e9e. \u00ab On va travailler \u00bb, promet Riv\u00e8re, qui compte s\u2019appuyer sur les hommes d\u00e9j\u00e0 en place, \u00e0 commencer par Haise et Florian Maurice, le directeur sportif, eux aussi fortement critiqu\u00e9s ces derni\u00e8res semaines.<\/p>\n<p>\n    Pub. le 20\/12\/2025 15:02<br \/>\n            &#8211; MAJ le 20\/12\/2025 15:03\n    <\/p>\n","protected":false},"excerpt":{"rendered":"Le secret de l\u2019annonce a \u00e9t\u00e9 bien gard\u00e9. Une fois la conf\u00e9rence de presse de Franck Haise termin\u00e9e&hellip;\n","protected":false},"author":2,"featured_media":611845,"comment_status":"","ping_status":"","sticky":false,"template":"","format":"standard","meta":{"footnotes":""},"categories":[2819],"tags":[1111,11,1777,674,1011,27,12,2401,882,25],"class_list":{"0":"post-611844","1":"post","2":"type-post","3":"status-publish","4":"format-standard","5":"has-post-thumbnail","7":"category-nice","8":"tag-actu","9":"tag-actualites","10":"tag-eu","11":"tag-europe","12":"tag-fr","13":"tag-france","14":"tag-news","15":"tag-nice","16":"tag-provence-alpes-cote-dazur","17":"tag-republique-francaise"},"share_on_mastodon":{"url":"https:\/\/pubeurope.com\/@fr\/115752327341667649","error":""},"_links":{"self":[{"href":"https:\/\/www.europesays.com\/fr\/wp-json\/wp\/v2\/posts\/611844","targetHints":{"allow":["GET"]}}],"collection":[{"href":"https:\/\/www.europesays.com\/fr\/wp-json\/wp\/v2\/posts"}],"about":[{"href":"https:\/\/www.europesays.com\/fr\/wp-json\/wp\/v2\/types\/post"}],"author":[{"embeddable":true,"href":"https:\/\/www.europesays.com\/fr\/wp-json\/wp\/v2\/users\/2"}],"replies":[{"embeddable":true,"href":"https:\/\/www.europesays.com\/fr\/wp-json\/wp\/v2\/comments?post=611844"}],"version-history":[{"count":0,"href":"https:\/\/www.europesays.com\/fr\/wp-json\/wp\/v2\/posts\/611844\/revisions"}],"wp:featuredmedia":[{"embeddable":true,"href":"https:\/\/www.europesays.com\/fr\/wp-json\/wp\/v2\/media\/611845"}],"wp:attachment":[{"href":"https:\/\/www.europesays.com\/fr\/wp-json\/wp\/v2\/media?parent=611844"}],"wp:term":[{"taxonomy":"category","embeddable":true,"href":"https:\/\/www.europesays.com\/fr\/wp-json\/wp\/v2\/categories?post=611844"},{"taxonomy":"post_tag","embeddable":true,"href":"https:\/\/www.europesays.com\/fr\/wp-json\/wp\/v2\/tags?post=611844"}],"curies":[{"name":"wp","href":"https:\/\/api.w.org\/{rel}","templated":true}]}}