{"id":611847,"date":"2025-12-20T14:19:37","date_gmt":"2025-12-20T14:19:37","guid":{"rendered":"https:\/\/www.europesays.com\/fr\/611847\/"},"modified":"2025-12-20T14:19:37","modified_gmt":"2025-12-20T14:19:37","slug":"a-concarneau-ils-se-sont-leves-tot-pour-obtenir-leur-billet-pour-le-match-contre-le-fc-nantes","status":"publish","type":"post","link":"https:\/\/www.europesays.com\/fr\/611847\/","title":{"rendered":"\u00c0 Concarneau, ils se sont lev\u00e9s t\u00f4t pour obtenir leur billet pour le match contre le FC Nantes"},"content":{"rendered":"<p>Ils \u00e9taient d\u00e9j\u00e0 une quarantaine dans la queue, \u00e0 9\u00a0h\u00a020, pour obtenir le pr\u00e9cieux s\u00e9same\u00a0: un billet pour le 32e de finale de Coupe de France entre l\u2019US Concarneau et le FC Nantes, qui se jouera dimanche 21 d\u00e9cembre, \u00e0 14\u00a0h\u00a045, au stade Guy-Piriou.<\/p>\n<p>Alors que l\u2019ouverture de la billetterie \u00e9tait pr\u00e9vue \u00e0 10\u00a0h, ce samedi, pour distribuer la centaine de tickets restants, certains \u00e9taient l\u00e0 d\u00e8s 8\u00a0h, dont Pierre-Yves, 63 ans, et Philippe, 69 ans. \u00ab\u00a0On nous a donn\u00e9 un caf\u00e9 quand on est arriv\u00e9, c\u2019est tr\u00e8s sympa\u00a0\u00bb, sourit Pierre-Yves.<\/p>\n<p><img decoding=\"async\" src=\"https:\/\/www.europesays.com\/fr\/wp-content\/uploads\/2025\/12\/6946a479e16ca2f05f001a1c.1.jpeg\" width=\"480\" height=\"300\" class=\"web_golden_m\" loading=\"lazy\" alt=\"Philippe et Pierre-Yves sont arriv\u00e9s d\u00e8s 8\u00a0h, deux heures avant l\u2019ouverture pr\u00e9vue de la billetterie, pour obtenir leur billet pour le match.\"\/>Philippe et Pierre-Yves sont arriv\u00e9s d\u00e8s 8\u00a0h, deux heures avant l\u2019ouverture pr\u00e9vue de la billetterie, pour obtenir leur billet pour le match. (Le T\u00e9l\u00e9gramme\/Aur\u00e9lien Dufour)<\/p>\n<p>Les deux Concarnois ne cachaient pas leur sourire une fois leur billet en main, apr\u00e8s plus d\u20191\u00a0h\u00a045 d\u2019attente. \u00ab\u00a0On s\u2019attend \u00e0 une grosse victoire de Concarneau, 1-0\u00a0\u00bb, pr\u00e9dit Pierre-Yves. \u00ab\u00a0Ou 3-0\u00a0!\u00a0\u00bb, lance Philippe, <a href=\"https:\/\/www.letelegramme.fr\/finistere\/concarneau-29900\/une-ambiance-de-folie-us-concarneau-fc-nantes-16-ans-apres-la-magie-de-la-coupe-de-football-toujours-intacte-6950642.php\" target=\"_blank\" rel=\"noopener\">comme il y a seize ans, contre le FC Nantes d\u00e9j\u00e0<\/a>.<\/p>\n<p>Rodolphe, 55 ans, supporter depuis son enfance de l\u2019USC, \u00e9tait devant la boutique d\u00e8s 8\u00a0h\u00a005, muni de sa chaise pliante pour patienter et moins faire souffrir son dos. \u00ab\u00a0<a href=\"https:\/\/www.letelegramme.fr\/finistere\/concarneau-29900\/decus-une-quinzaine-de-supporters-trouvent-porte-close-devant-la-billetterie-de-lus-concarneau-ce-lundi-15-decembre-6947953.php\" target=\"_blank\" rel=\"noopener\">J\u2019\u00e9tais d\u00e9j\u00e0 l\u00e0 lundi<\/a>\u00a0\u00bb, relate-t-il. \u00ab\u00a0Je vais inaugurer la nouvelle tribune\u00a0\u00bb, sourit-il, son billet en main et les \u00e9toiles qui p\u00e9tillent dans les yeux.<\/p>\n<p><img decoding=\"async\" src=\"https:\/\/www.europesays.com\/fr\/wp-content\/uploads\/2025\/12\/6946a479a13d2c3f290d2681.1.jpeg\" width=\"480\" height=\"300\" class=\"web_golden_m\" loading=\"lazy\" alt=\"Rodolphe, 55 ans, a le sourire\u00a0: il tient son billet pour le 32e de finale de Coupe de France entre l\u2019US Concarneau et le FC Nantes.\"\/>Rodolphe, 55 ans, a le sourire\u00a0: il tient son billet pour le 32e de finale de Coupe de France entre l\u2019US Concarneau et le FC Nantes. (Le T\u00e9l\u00e9gramme\/Aur\u00e9lien Dufour)Une supportrice du FC Nantes<\/p>\n<p>Un peu plus loin dans la file d\u2019attente, Lisa, 24 ans. \u00ab\u00a0J\u2019habite Concarneau, mais je suis supportrice du FC Nantes depuis mes 11 ans\u00a0\u00bb, confie-t-elle. Dimanche, elle sera au stade, bien d\u00e9cid\u00e9e \u00e0 donner de la voix. \u00ab\u00a0Ce n\u2019est pas du tout gagn\u00e9 d\u2019avance pour Nantes\u00a0! \u00c7a va \u00eatre tr\u00e8s serr\u00e9.\u00a0\u00bb Juste derri\u00e8re elle, Catherine, 48 ans, venue chercher une place pour son fils, Na\u00ebl, 14 ans, fan de foot.<\/p>\n<p><img decoding=\"async\" src=\"https:\/\/www.europesays.com\/fr\/wp-content\/uploads\/2025\/12\/6946a4785e46eb836f063d30.1.jpeg\" width=\"480\" height=\"300\" class=\"web_golden_m\" loading=\"lazy\" alt=\"Zacharie a fait le d\u00e9placement depuis Quimper pour obtenir son ticket. Pour lui, l\u2019USC gagnera \u00ab\u00a0\u00e0 l\u2019arrach\u00e9\u00a0\u00bb face au FC Nantes.\"\/>Zacharie a fait le d\u00e9placement depuis Quimper pour obtenir son ticket. Pour lui, l\u2019USC gagnera \u00ab\u00a0\u00e0 l\u2019arrach\u00e9\u00a0\u00bb face au FC Nantes. (Le T\u00e9l\u00e9gramme\/Aur\u00e9lien Dufour)<\/p>\n<p>\u00ab\u00a0L\u2019USC a clairement ses chances\u00a0! Ils ont souvent fait un beau parcours en Coupe de France\u00a0\u00bb, ajoute Zacharie, 34 ans, venu de Quimper pour obtenir son ticket. Pour lui, Concarneau se qualifiera \u00ab\u00a0\u00e0 l\u2019arrach\u00e9\u00a0\u00bb. Victoire 3-0, 1-0 ou aux tirs au but, tous esp\u00e8rent retrouver les Thoniers en seizi\u00e8mes de finale.<\/p>\n","protected":false},"excerpt":{"rendered":"Ils \u00e9taient d\u00e9j\u00e0 une quarantaine dans la queue, \u00e0 9\u00a0h\u00a020, pour obtenir le pr\u00e9cieux s\u00e9same\u00a0: un billet pour&hellip;\n","protected":false},"author":2,"featured_media":611848,"comment_status":"","ping_status":"","sticky":false,"template":"","format":"standard","meta":{"footnotes":""},"categories":[2818],"tags":[1111,11,3322,83,3166,1777,674,462,63,1011,27,766,12,2636,25,14656],"class_list":{"0":"post-611847","1":"post","2":"type-post","3":"status-publish","4":"format-standard","5":"has-post-thumbnail","7":"category-nantes","8":"tag-actu","9":"tag-actualites","10":"tag-concarneau","11":"tag-coupe-de-france","12":"tag-en-continu-sports","13":"tag-eu","14":"tag-europe","15":"tag-fc-nantes","16":"tag-football","17":"tag-fr","18":"tag-france","19":"tag-nantes","20":"tag-news","21":"tag-pays-de-la-loire","22":"tag-republique-francaise","23":"tag-us-concarneau"},"share_on_mastodon":{"url":"https:\/\/pubeurope.com\/@fr\/115752339627228527","error":""},"_links":{"self":[{"href":"https:\/\/www.europesays.com\/fr\/wp-json\/wp\/v2\/posts\/611847","targetHints":{"allow":["GET"]}}],"collection":[{"href":"https:\/\/www.europesays.com\/fr\/wp-json\/wp\/v2\/posts"}],"about":[{"href":"https:\/\/www.europesays.com\/fr\/wp-json\/wp\/v2\/types\/post"}],"author":[{"embeddable":true,"href":"https:\/\/www.europesays.com\/fr\/wp-json\/wp\/v2\/users\/2"}],"replies":[{"embeddable":true,"href":"https:\/\/www.europesays.com\/fr\/wp-json\/wp\/v2\/comments?post=611847"}],"version-history":[{"count":0,"href":"https:\/\/www.europesays.com\/fr\/wp-json\/wp\/v2\/posts\/611847\/revisions"}],"wp:featuredmedia":[{"embeddable":true,"href":"https:\/\/www.europesays.com\/fr\/wp-json\/wp\/v2\/media\/611848"}],"wp:attachment":[{"href":"https:\/\/www.europesays.com\/fr\/wp-json\/wp\/v2\/media?parent=611847"}],"wp:term":[{"taxonomy":"category","embeddable":true,"href":"https:\/\/www.europesays.com\/fr\/wp-json\/wp\/v2\/categories?post=611847"},{"taxonomy":"post_tag","embeddable":true,"href":"https:\/\/www.europesays.com\/fr\/wp-json\/wp\/v2\/tags?post=611847"}],"curies":[{"name":"wp","href":"https:\/\/api.w.org\/{rel}","templated":true}]}}