{"id":611857,"date":"2025-12-20T14:35:14","date_gmt":"2025-12-20T14:35:14","guid":{"rendered":"https:\/\/www.europesays.com\/fr\/611857\/"},"modified":"2025-12-20T14:35:14","modified_gmt":"2025-12-20T14:35:14","slug":"lamicale-de-police-de-cambrai-recolte-5-600-e-pour-la-recherche-dans-la-lutte-contre-le-cancer-pediatrique","status":"publish","type":"post","link":"https:\/\/www.europesays.com\/fr\/611857\/","title":{"rendered":"L&rsquo;Amicale de police de Cambrai r\u00e9colte 5 600 \u20ac pour la recherche dans la lutte contre le cancer p\u00e9diatrique"},"content":{"rendered":"<p>                    Par<br \/>\n        <strong><br \/>\n            <a href=\"https:\/\/actu.fr\/auteur\/redaction-lille\" title=\"Consulter tous les articles de R\u00e9daction Lille\" target=\"_blank\" rel=\"noopener\">R\u00e9daction Lille<\/a><br \/>\n                    <\/strong><\/p>\n<p>        Publi\u00e9 le<\/p>\n<p>            20 d\u00e9c. 2025 \u00e0 15h20        <\/p>\n<p>C\u2019est une belle action, dans l\u2019esprit de solidarit\u00e9 des <a href=\"https:\/\/actu.fr\/hauts-de-france\/lille_59350\/expos-marches-titanic-en-vr-20-idees-de-sorties-pour-les-vacances-de-noel-a-lille-et-autour_63580531.html\" target=\"_blank\" rel=\"noopener\">f\u00eates de fin d\u2019ann\u00e9e<\/a>, qu\u2019a men\u00e9e <b>l\u2019Amicale de police de <a href=\"https:\/\/actu.fr\/hauts-de-france\/cambrai_59122\" target=\"_blank\" rel=\"noopener\">Cambrai<\/a> <\/b>(Nord). Le 17 d\u00e9cembre, elle a remis <b>un ch\u00e8que de 2 000 \u20ac<\/b> au <a href=\"https:\/\/actu.fr\/hauts-de-france\/lille_59350\/cancers-le-centre-oscar-lambret-se-dote-dun-nouvel-outil-a-la-pointe-a-lille_60992227.html\" target=\"_blank\" rel=\"noopener\">centre Oscar-Lambret<\/a> \u00e0 <a href=\"https:\/\/actu.fr\/hauts-de-france\/lille_59350\" target=\"_blank\" rel=\"noopener\">Lille<\/a>, pour soutenir la recherche dans<b> la lutte contre le cancer p\u00e9diatrique<\/b>.<\/p>\n<p class=\" wall-content\">Au total, et gr\u00e2ce \u00e0 la participation \u00e9largie de plusieurs commissariats \u2013 Maubeuge, Valenciennes, Denain, Douai \u2013 ainsi que de l\u2019IGPN (Inspection g\u00e9n\u00e9rale de la police nationale) et la police judiciaire, <b>un total de 5 600 \u20ac ont \u00e9t\u00e9 r\u00e9colt\u00e9s<\/b>.\u00a0<\/p>\n<p>Remise de ch\u00e8que et pilotage de drones propos\u00e9 par la police aux enfants hospitalis\u00e9s<\/p>\n<p class=\" wall-content\">Deux autres ch\u00e8ques ont ainsi \u00e9t\u00e9 vers\u00e9s \u00e0 l\u2019association \u00ab\u00a0Stop aux cancers de nos enfants\u00a0\u00bb, qui soutient un institut de recherche environnementale pour identifier les facteurs susceptibles d\u2019\u00eatre \u00e0 l\u2019origine de certains cancers, ainsi qu\u2019\u00e0 <a href=\"https:\/\/www.facebook.com\/profile.php?id=61551762174178\" target=\"_blank\" rel=\"noopener\">l\u2019association des parents du jeune Alessio<\/a>, petit gar\u00e7on originaire d\u2019Avesnes-l\u00e8s-Aubert, emport\u00e9 par la maladie en f\u00e9vrier 2025.<\/p>\n<p>    <img   decoding=\"async\" loading=\"lazy\" class=\"size-large\" src=\"https:\/\/www.europesays.com\/fr\/wp-content\/uploads\/2025\/12\/08dfd9fc25496fbdfd9fc2549bfdfdv-960x640.jpg\" alt=\"Pilotage de drones, jeux interactifs, exercices ludiques... La venue de policiers au centre Oscar-Lambret de Lille (Nord) a aussi permis de divertir les enfants hospitalis\u00e9s.\" width=\"960\" height=\"640\"\/><br \/>\n    Pilotage de drones, jeux interactifs, exercices ludiques\u2026 La venue de policiers au centre Oscar-Lambret de Lille (Nord) a aussi permis de divertir les enfants hospitalis\u00e9s. \u00a9DIPN 59<\/p>\n<p class=\" wall-content\">En parall\u00e8le, le 17 d\u00e9cembre \u00e0 Oscar-Lambret, des policiers des \u00e9quipes drones ont propos\u00e9 aux enfants hospitalis\u00e9s <b>des sessions de pilotage<\/b>, des <b>jeux interactifs <\/b>(un survol virtuel du site de Wallers Aremberg !) et des <b>exercices ludiques<\/b>.\u00a0<\/p>\n<p class=\" wall-content\">L\u2019action sera reconduite l\u2019an prochain, par la DIPN (Direction interd\u00e9partementale de la police nationale) du Nord, la plus importante de France.<\/p>\n<p class=\" wall-content\">Personnalisez votre actualit\u00e9 en ajoutant vos villes et m\u00e9dias en favori avec <a href=\"https:\/\/moncompte.actu.fr\" title=\"D\u00e9couvez Mon Actu\" rel=\"nofollow noopener\" data-trk=\"{&quot;cta&quot;:{&quot;action&quot;:&quot;https:\\\/\\\/moncompte.actu.fr&quot;,&quot;category&quot;:&quot;mon compte&quot;,&quot;from&quot;:&quot;article footer&quot;,&quot;name&quot;:&quot;Mon actu&quot;,&quot;type&quot;:&quot;cta&quot;}}\" target=\"_blank\">Mon Actu<\/a>.<\/p>\n","protected":false},"excerpt":{"rendered":"Par R\u00e9daction Lille Publi\u00e9 le 20 d\u00e9c. 2025 \u00e0 15h20 C\u2019est une belle action, dans l\u2019esprit de solidarit\u00e9&hellip;\n","protected":false},"author":2,"featured_media":611858,"comment_status":"","ping_status":"","sticky":false,"template":"","format":"standard","meta":{"footnotes":""},"categories":[2815],"tags":[1111,11,101,1719,1777,674,1011,27,811,1307,12,1072,25,104],"class_list":{"0":"post-611857","1":"post","2":"type-post","3":"status-publish","4":"format-standard","5":"has-post-thumbnail","7":"category-lille","8":"tag-actu","9":"tag-actualites","10":"tag-cancer","11":"tag-enfants","12":"tag-eu","13":"tag-europe","14":"tag-fr","15":"tag-france","16":"tag-hauts-de-france","17":"tag-lille","18":"tag-news","19":"tag-police","20":"tag-republique-francaise","21":"tag-societe"},"share_on_mastodon":{"url":"https:\/\/pubeurope.com\/@fr\/115752398828017038","error":""},"_links":{"self":[{"href":"https:\/\/www.europesays.com\/fr\/wp-json\/wp\/v2\/posts\/611857","targetHints":{"allow":["GET"]}}],"collection":[{"href":"https:\/\/www.europesays.com\/fr\/wp-json\/wp\/v2\/posts"}],"about":[{"href":"https:\/\/www.europesays.com\/fr\/wp-json\/wp\/v2\/types\/post"}],"author":[{"embeddable":true,"href":"https:\/\/www.europesays.com\/fr\/wp-json\/wp\/v2\/users\/2"}],"replies":[{"embeddable":true,"href":"https:\/\/www.europesays.com\/fr\/wp-json\/wp\/v2\/comments?post=611857"}],"version-history":[{"count":0,"href":"https:\/\/www.europesays.com\/fr\/wp-json\/wp\/v2\/posts\/611857\/revisions"}],"wp:featuredmedia":[{"embeddable":true,"href":"https:\/\/www.europesays.com\/fr\/wp-json\/wp\/v2\/media\/611858"}],"wp:attachment":[{"href":"https:\/\/www.europesays.com\/fr\/wp-json\/wp\/v2\/media?parent=611857"}],"wp:term":[{"taxonomy":"category","embeddable":true,"href":"https:\/\/www.europesays.com\/fr\/wp-json\/wp\/v2\/categories?post=611857"},{"taxonomy":"post_tag","embeddable":true,"href":"https:\/\/www.europesays.com\/fr\/wp-json\/wp\/v2\/tags?post=611857"}],"curies":[{"name":"wp","href":"https:\/\/api.w.org\/{rel}","templated":true}]}}