{"id":611859,"date":"2025-12-20T14:36:22","date_gmt":"2025-12-20T14:36:22","guid":{"rendered":"https:\/\/www.europesays.com\/fr\/611859\/"},"modified":"2025-12-20T14:36:22","modified_gmt":"2025-12-20T14:36:22","slug":"suivez-le-match-saint-maur-lille-en-direct","status":"publish","type":"post","link":"https:\/\/www.europesays.com\/fr\/611859\/","title":{"rendered":"Suivez le match Saint-Maur-Lille en direct"},"content":{"rendered":"<ol class=\"breadcrumb\">\n<li class=\"parent\"><a href=\"https:\/\/www.football.fr\/coupe-de-france\" target=\"_blank\" rel=\"noopener\">coupe de france<\/a><\/li>\n<\/ol>\n<p><a class=\"post-author align-middle\" href=\"https:\/\/www.football.fr\/auteur\/redaction\" target=\"_blank\" rel=\"noopener\">La r\u00e9daction<\/a><br \/>\n20\/12\/2025 15h15<\/p>\n<p><img width=\"750\" height=\"368\" src=\"https:\/\/www.europesays.com\/fr\/wp-content\/uploads\/2025\/12\/Bruno-Genesio-2-750x368.jpg\" class=\"img-responsive m-rf-auto wp-post-image\" alt=\"Genesio \u00e0 Lyon, \u00e7a br\u00fble\" data-lazyloading=\"false\" fetchpriority=\"high\" decoding=\"async\"\/><\/p>\n<p><strong>Suivez en direct sur notre site,<br \/>\n\u00e0 partir de 15h30, le match des 32e de finale de la Coupe de France<br \/>\nentre Saint-Maur et Lille.<\/strong><\/p>\n<ul class=\"list-inline text-center live-match-info\">\n<li class=\"live-match-info-item\">DATE :<br \/>\n20\/12\/2025<\/li>\n<li class=\"live-match-info-item\">Horaires : 15h30<\/li>\n<li class=\"live-match-info-item\">STADE : <\/li>\n<li class=\"live-match-info-item\">ARBITRE : Mikael<br \/>\nLesage<\/li>\n<\/ul>\n<p><img decoding=\"async\" class=\"equipe-logo lazy-load align-middle m-b-10\" src=\"https:\/\/www.sport365.fr\/static\/sport\/bddimages\/wp-content\/themes\/core\/assets\/images\/default_equipe_avatar.svg\" alt=\"St. Maur Lusi\" loading=\"lazy\"\/><\/p>\n<p>St. Maur Lusi<\/p>\n<p><img decoding=\"async\" class=\"equipe-logo lazy-load align-middle m-b-10\" src=\"https:\/\/www.europesays.com\/fr\/wp-content\/uploads\/2025\/04\/895.png\" alt=\"Lille\" loading=\"lazy\"\/><\/p>\n<p>Lille<\/p>\n<p>COUPE DU MONDE<br \/>\n2018<\/p>\n<p><img decoding=\"async\" class=\"equipe-logo lazy-load d-inline-block m-r-20\" height=\"25\" src=\"https:\/\/www.sport365.fr\/static\/sport\/bddimages\/wp-content\/themes\/core\/assets\/images\/default_equipe_avatar.svg\" alt=\"St. Maur Lusi\" loading=\"lazy\"\/> St. Maur Lusi<\/p>\n<p>\n0-0<\/p>\n<p>Lille <img decoding=\"async\" class=\"equipe-logo lazy-load d-inline-block m-l-20\" height=\"25\" src=\"https:\/\/www.europesays.com\/fr\/wp-content\/uploads\/2025\/04\/895.png\" alt=\"Lille\" loading=\"lazy\"\/><\/p>\n<p>\n0\u2019<\/p>\n<p>Composition<\/p>\n<p><img decoding=\"async\" class=\"equipe-logo lazy-load align-middle m-b-10\" src=\"https:\/\/www.sport365.fr\/static\/sport\/bddimages\/wp-content\/themes\/core\/assets\/images\/default_equipe_avatar.svg\" alt=\"St. Maur Lusi\" loading=\"lazy\"\/><\/p>\n<p>\nFormation<br \/>4 3 3<\/p>\n<p>\nFormation<br \/>4 2 3 1<\/p>\n<p><img decoding=\"async\" class=\"equipe-logo lazy-load align-middle m-b-10\" src=\"https:\/\/www.europesays.com\/fr\/wp-content\/uploads\/2025\/04\/895.png\" alt=\"Lille\" loading=\"lazy\"\/><\/p>\n<ul class=\"list-unstyled live-match-effectifs-info\">\n<li>\n<p>\nFORMATION<\/p>\n<p>4 2 3 1<\/p>\n<\/li>\n<li>\n<p>\nENTRAINEUR<\/p>\n<p>B G\u00e9n\u00e9sio<\/p>\n<\/li>\n<li>\n<p>\nEFFECTIFS<\/p>\n<p>A.<br \/>\nBodart<\/p>\n<p>T.<br \/>\nCarvalho Santos<\/p>\n<p>N.<br \/>\nBentaleb<\/p>\n<p>M.<br \/>\nGoffi<\/p>\n<p>T.<br \/>\nMeunier<\/p>\n<p>A.<br \/>\nBouaddi<\/p>\n<p>B.<br \/>\nAndr\u00e9<\/p>\n<p>F.<br \/>\nAndrade Sanches Correia<\/p>\n<p>H.<br \/>\nHaraldsson<\/p>\n<p>E.<br \/>\nMbapp\u00e9 Lottin<\/p>\n<p>O.<br \/>\nGiroud<\/p>\n<\/li>\n<li>\n<p>\nRempla\u00e7ants<\/p>\n<p>M.<br \/>\nCostarelli<\/p>\n<p>S.<br \/>\nDiaoune<\/p>\n<p>U.<br \/>\nRaghouber<\/p>\n<p>O.<br \/>\nSahraoui<\/p>\n<p>M.<br \/>\nSivertsen Broholm<\/p>\n<p>C.<br \/>\nVerdonk<\/p>\n<p>A.<br \/>\nde Souza Ribeiro<\/p>\n<p>B.<br \/>\n\u00d6zer<\/p>\n<\/li>\n<\/ul>\n","protected":false},"excerpt":{"rendered":"coupe de france La r\u00e9daction 20\/12\/2025 15h15 Suivez en direct sur notre site, \u00e0 partir de 15h30, le&hellip;\n","protected":false},"author":2,"featured_media":611860,"comment_status":"","ping_status":"","sticky":false,"template":"","format":"standard","meta":{"footnotes":""},"categories":[2815],"tags":[1111,11,1777,674,1011,27,811,1307,12,25],"class_list":{"0":"post-611859","1":"post","2":"type-post","3":"status-publish","4":"format-standard","5":"has-post-thumbnail","7":"category-lille","8":"tag-actu","9":"tag-actualites","10":"tag-eu","11":"tag-europe","12":"tag-fr","13":"tag-france","14":"tag-hauts-de-france","15":"tag-lille","16":"tag-news","17":"tag-republique-francaise"},"share_on_mastodon":{"url":"https:\/\/pubeurope.com\/@fr\/115752402998139943","error":""},"_links":{"self":[{"href":"https:\/\/www.europesays.com\/fr\/wp-json\/wp\/v2\/posts\/611859","targetHints":{"allow":["GET"]}}],"collection":[{"href":"https:\/\/www.europesays.com\/fr\/wp-json\/wp\/v2\/posts"}],"about":[{"href":"https:\/\/www.europesays.com\/fr\/wp-json\/wp\/v2\/types\/post"}],"author":[{"embeddable":true,"href":"https:\/\/www.europesays.com\/fr\/wp-json\/wp\/v2\/users\/2"}],"replies":[{"embeddable":true,"href":"https:\/\/www.europesays.com\/fr\/wp-json\/wp\/v2\/comments?post=611859"}],"version-history":[{"count":0,"href":"https:\/\/www.europesays.com\/fr\/wp-json\/wp\/v2\/posts\/611859\/revisions"}],"wp:featuredmedia":[{"embeddable":true,"href":"https:\/\/www.europesays.com\/fr\/wp-json\/wp\/v2\/media\/611860"}],"wp:attachment":[{"href":"https:\/\/www.europesays.com\/fr\/wp-json\/wp\/v2\/media?parent=611859"}],"wp:term":[{"taxonomy":"category","embeddable":true,"href":"https:\/\/www.europesays.com\/fr\/wp-json\/wp\/v2\/categories?post=611859"},{"taxonomy":"post_tag","embeddable":true,"href":"https:\/\/www.europesays.com\/fr\/wp-json\/wp\/v2\/tags?post=611859"}],"curies":[{"name":"wp","href":"https:\/\/api.w.org\/{rel}","templated":true}]}}