{"id":611863,"date":"2025-12-20T14:38:12","date_gmt":"2025-12-20T14:38:12","guid":{"rendered":"https:\/\/www.europesays.com\/fr\/611863\/"},"modified":"2025-12-20T14:38:12","modified_gmt":"2025-12-20T14:38:12","slug":"psg-om-les-supporters-de-marseille-boycottent-le-tdc","status":"publish","type":"post","link":"https:\/\/www.europesays.com\/fr\/611863\/","title":{"rendered":"PSG \/ OM &#8211; Les supporters de Marseille boycottent le TDC"},"content":{"rendered":"<p><img width=\"780\" height=\"470\" src=\"https:\/\/www.europesays.com\/fr\/wp-content\/uploads\/2025\/12\/Le-Trophee-des-champions-1458647-780x470.jpg\" class=\"attachment-jannah-image-post size-jannah-image-post wp-post-image\" alt=\"Le Troph\u00e9e des Champions\" is_main_img=\"1\" decoding=\"async\" fetchpriority=\"high\"\/><\/p>\n<p>Le PSG et Marseille s\u2019affronteront le 8 janvier prochain<br \/>\nlors du Troph\u00e9e des champions au Kowe\u00eft. Les supporters marseillais<br \/>\nont d\u00e9cid\u00e9 de boycotter cette rencontre.\u00a0<\/p>\n<p>Le <strong>PSG<\/strong> et <strong>Marseille<\/strong> joueront<br \/>\nle deuxi\u00e8me <strong>Classico<\/strong> de la saison le <a href=\"https:\/\/canal-supporters.com\/trophee-des-champions-la-programmation-de-psg-om-est-tombee\/\" title=\"\" target=\"_blank\" rel=\"noopener\">8 janvier<\/a> prochain (19 heures, Ligue 1 +)<br \/>\nlors du <strong>Troph\u00e9e des Champions<\/strong>. Comme depuis 2009,<br \/>\n\u00e0 part la p\u00e9riode COVID o\u00f9 ce dernier avait jou\u00e9 \u00e0<br \/>\n<strong>Lens<\/strong> entre le <strong>PSG<\/strong> et\u2026<br \/>\n<strong>Marseille<\/strong>, cette rencontre entre le vainqueur de<br \/>\nla <strong>Ligue 1<\/strong> et de la <strong>Coupe de<br \/>\nFrance<\/strong> et son dauphin en championnat se jouera \u00e0<br \/>\nl\u2019\u00e9tranger. Apr\u00e8s le <strong>Qatar<\/strong> la saison derni\u00e8re, la<br \/>\n<strong>LFP<\/strong> a d\u00e9cid\u00e9 de d\u00e9localiser l\u2019\u00e9dition 2025 au<br \/>\n<strong><a href=\"https:\/\/canal-supporters.com\/les-raisons-du-choix-du-koweit-pour-le-trophee-des-champions\/\" title=\"\" target=\"_blank\" rel=\"noopener\">Kowe\u00eft<\/a><\/strong>. Un choix qui a beaucoup fait<br \/>\nparler.\u00a0<\/p>\n<p>A lire aussi : <a href=\"https:\/\/canal-supporters.com\/psg-om-la-lfp-officialise-la-date-et-le-lieu-du-trophee-des-champions\/\" title=\"\" target=\"_blank\" rel=\"noopener\">PSG \/ OM \u2013 La LFP officialise la date et le lieu du<br \/>\nTroph\u00e9e des Champions<\/a><\/p>\n<p><a href=\"https:\/\/x.com\/CanalSupporters\" target=\"_blank\" rel=\"noopener\" title=\"\">canalsupporters.com<\/a><\/p>\n<p>Le choix de le<br \/>\njouer \u00e0 l\u2019\u00e9tranger, la raison du boycott<\/p>\n<p>Ce samedi, Ici Provence, dans des informations<br \/>\nconfirm\u00e9es par <a href=\"https:\/\/www.leparisien.fr\/sports\/football\/psg\/trophee-de-champions-pourquoi-les-supporters-marseillais-nassisteront-pas-au-match-de-lom-contre-le-psg-au-koweit-20-12-2025-Z5FLSG332FDGJOHAEN7A5WK2JE.php\" target=\"_blank\" rel=\"noopener\" title=\"\">Le Parisien<\/a>, explique<br \/>\nque les supporters marseillais ne feront pas le d\u00e9placement pour<br \/>\nsoutenir leur \u00e9quipe contre le <strong>PSG<\/strong>. Les diff\u00e9rents<br \/>\ngroupes de supporters ont pr\u00e9venu le club lors d\u2019une r\u00e9union<br \/>\nvendredi qu\u2019ils boycotteraient le d\u00e9placement, avancent les deux<br \/>\nm\u00e9dias. Et ce malgr\u00e9 l\u2019offre de <strong>l\u2019Olympique de<br \/>\nMarseille<\/strong> qui a propos\u00e9 de prendre en charge l\u2019ensemble du<br \/>\nd\u00e9placement et de proposer un tarif pas trop cher aux supporters<br \/>\npour venir (selon Ici Provence, l\u2019offre \u00e9tait pour 150<br \/>\nsupporters qui auraient pay\u00e9 150 euros chacun avec le reste pris en<br \/>\ncharge par le club). Le refus des supporters marseillais s\u2019explique<br \/>\nnotamment par le fait que ce match ait lieu \u00e0 l\u2019\u00e9tranger, conclut<br \/>\nLe Parisien.\u00a0<\/p><\/p>\n","protected":false},"excerpt":{"rendered":"Le PSG et Marseille s\u2019affronteront le 8 janvier prochain lors du Troph\u00e9e des champions au Kowe\u00eft. Les supporters&hellip;\n","protected":false},"author":2,"featured_media":611864,"comment_status":"","ping_status":"","sticky":false,"template":"","format":"standard","meta":{"footnotes":""},"categories":[2814],"tags":[1111,11,7976,81,19981,2337,53995,3526,787,1777,674,1011,27,26137,884,12,626,91,92,882,93,72296,72297,19369,72298,25,10221,44882,72299,38586,96],"class_list":{"0":"post-611863","1":"post","2":"type-post","3":"status-publish","4":"format-standard","5":"has-post-thumbnail","7":"category-marseille","8":"tag-actu","9":"tag-actualites","10":"tag-boycott","11":"tag-canal-supporters","12":"tag-clasico","13":"tag-classico","14":"tag-classico-clasico-classique","15":"tag-classique","16":"tag-cs","17":"tag-eu","18":"tag-europe","19":"tag-fr","20":"tag-france","21":"tag-koweit","22":"tag-marseille","23":"tag-news","24":"tag-paris","25":"tag-paris-saint-germain","26":"tag-paris-sg","27":"tag-provence-alpes-cote-dazur","28":"tag-psg","29":"tag-psg-marseille","30":"tag-psg-olympique-de-marseille","31":"tag-psg-om","32":"tag-psgom","33":"tag-republique-francaise","34":"tag-supporters","35":"tag-supporters-marseillais","36":"tag-tdc","37":"tag-trophee-des-champions","38":"tag-une"},"share_on_mastodon":{"url":"https:\/\/pubeurope.com\/@fr\/115752410968748984","error":""},"_links":{"self":[{"href":"https:\/\/www.europesays.com\/fr\/wp-json\/wp\/v2\/posts\/611863","targetHints":{"allow":["GET"]}}],"collection":[{"href":"https:\/\/www.europesays.com\/fr\/wp-json\/wp\/v2\/posts"}],"about":[{"href":"https:\/\/www.europesays.com\/fr\/wp-json\/wp\/v2\/types\/post"}],"author":[{"embeddable":true,"href":"https:\/\/www.europesays.com\/fr\/wp-json\/wp\/v2\/users\/2"}],"replies":[{"embeddable":true,"href":"https:\/\/www.europesays.com\/fr\/wp-json\/wp\/v2\/comments?post=611863"}],"version-history":[{"count":0,"href":"https:\/\/www.europesays.com\/fr\/wp-json\/wp\/v2\/posts\/611863\/revisions"}],"wp:featuredmedia":[{"embeddable":true,"href":"https:\/\/www.europesays.com\/fr\/wp-json\/wp\/v2\/media\/611864"}],"wp:attachment":[{"href":"https:\/\/www.europesays.com\/fr\/wp-json\/wp\/v2\/media?parent=611863"}],"wp:term":[{"taxonomy":"category","embeddable":true,"href":"https:\/\/www.europesays.com\/fr\/wp-json\/wp\/v2\/categories?post=611863"},{"taxonomy":"post_tag","embeddable":true,"href":"https:\/\/www.europesays.com\/fr\/wp-json\/wp\/v2\/tags?post=611863"}],"curies":[{"name":"wp","href":"https:\/\/api.w.org\/{rel}","templated":true}]}}