{"id":611865,"date":"2025-12-20T14:39:11","date_gmt":"2025-12-20T14:39:11","guid":{"rendered":"https:\/\/www.europesays.com\/fr\/611865\/"},"modified":"2025-12-20T14:39:11","modified_gmt":"2025-12-20T14:39:11","slug":"a-lyon-une-camionnette-perturbe-le-trafic-des-tramways","status":"publish","type":"post","link":"https:\/\/www.europesays.com\/fr\/611865\/","title":{"rendered":"\u00c0 Lyon, une camionnette perturbe le trafic des tramways"},"content":{"rendered":"<p class=\"content\" style=\"font-size:1.2em;font-weight:700\">\u00c0 Confluence, une camionnette s&rsquo;est retrouv\u00e9e coinc\u00e9e \u00e0 proximit\u00e9 de la station H\u00f4tel de R\u00e9gion &#8211; Montrochet, bloquant le trafic des tramways pendant plus d&rsquo;une heure ce samedi 20 d\u00e9cembre dans la matin\u00e9e.<\/p>\n<p>Ce samedi 20 d\u00e9cembre, vers 6h30, une camionnette a termin\u00e9 sa course dans un terre-plein sur l&rsquo;axe de Confluence, \u00e0 quelques m\u00e8tres de l&rsquo;arr\u00eat de tram H\u00f4tel de R\u00e9gion &#8211; Montrochet, selon <a href=\"https:\/\/www.leprogres.fr\/faits-divers-justice\/2025\/12\/20\/une-camionnette-s-embourbe-dans-un-parterre-et-bloque-les-trams-a-confluence\" target=\"_blank\" rel=\"noreferrer noopener\">les informations de nos confr\u00e8res du Progr\u00e8s<\/a>. Coinc\u00e9 dans le parterre, le v\u00e9hicule a bloqu\u00e9 la voie des rames, contraignant les op\u00e9rateurs \u00e0 suspendre temporairement le trafic sur ce secteur tr\u00e8s fr\u00e9quent\u00e9 du r\u00e9seau lyonnais. Les conducteurs et passagers ont d\u00fb patienter plus d&rsquo;une heure, le temps que les \u00e9quipes de d\u00e9pannages d\u00e9gagent l&rsquo;utilitaire et que la circulation reprennent progressivement. <\/p>\n<p>Les perturbations, qui se sont termin\u00e9es aux alentours de 8 h, ont entra\u00een\u00e9 des retards importants pour les voyageurs. Des bus relais ont \u00e9t\u00e9 mis en place par les TCL entre Quai Claude Bernard et Debourg. Le T1 a roul\u00e9 entre IUT Feyssine et Perrache et le T2 entre Saint-Priest &#8211; Bel Air \u00e0 Perrache. Pour l&rsquo;heure, les cons\u00e9quences de cet accident restent inconnues, la voie de tramway n&rsquo;\u00e9tant pas reli\u00e9e \u00e0 la route. <\/p>\n","protected":false},"excerpt":{"rendered":"\u00c0 Confluence, une camionnette s&rsquo;est retrouv\u00e9e coinc\u00e9e \u00e0 proximit\u00e9 de la station H\u00f4tel de R\u00e9gion &#8211; Montrochet, bloquant&hellip;\n","protected":false},"author":2,"featured_media":151406,"comment_status":"","ping_status":"","sticky":false,"template":"","format":"standard","meta":{"footnotes":""},"categories":[1889],"tags":[1111,11,2430,3542,1777,674,1011,27,2428,12,25,2429,24335],"class_list":{"0":"post-611865","1":"post","2":"type-post","3":"status-publish","4":"format-standard","5":"has-post-thumbnail","7":"category-lyon","8":"tag-actu","9":"tag-actualites","10":"tag-auvergne-rhone-alpes","11":"tag-circulation","12":"tag-eu","13":"tag-europe","14":"tag-fr","15":"tag-france","16":"tag-lyon","17":"tag-news","18":"tag-republique-francaise","19":"tag-rhone","20":"tag-tramways"},"share_on_mastodon":{"url":"https:\/\/pubeurope.com\/@fr\/115752413760701125","error":""},"_links":{"self":[{"href":"https:\/\/www.europesays.com\/fr\/wp-json\/wp\/v2\/posts\/611865","targetHints":{"allow":["GET"]}}],"collection":[{"href":"https:\/\/www.europesays.com\/fr\/wp-json\/wp\/v2\/posts"}],"about":[{"href":"https:\/\/www.europesays.com\/fr\/wp-json\/wp\/v2\/types\/post"}],"author":[{"embeddable":true,"href":"https:\/\/www.europesays.com\/fr\/wp-json\/wp\/v2\/users\/2"}],"replies":[{"embeddable":true,"href":"https:\/\/www.europesays.com\/fr\/wp-json\/wp\/v2\/comments?post=611865"}],"version-history":[{"count":0,"href":"https:\/\/www.europesays.com\/fr\/wp-json\/wp\/v2\/posts\/611865\/revisions"}],"wp:featuredmedia":[{"embeddable":true,"href":"https:\/\/www.europesays.com\/fr\/wp-json\/wp\/v2\/media\/151406"}],"wp:attachment":[{"href":"https:\/\/www.europesays.com\/fr\/wp-json\/wp\/v2\/media?parent=611865"}],"wp:term":[{"taxonomy":"category","embeddable":true,"href":"https:\/\/www.europesays.com\/fr\/wp-json\/wp\/v2\/categories?post=611865"},{"taxonomy":"post_tag","embeddable":true,"href":"https:\/\/www.europesays.com\/fr\/wp-json\/wp\/v2\/tags?post=611865"}],"curies":[{"name":"wp","href":"https:\/\/api.w.org\/{rel}","templated":true}]}}