{"id":611870,"date":"2025-12-20T14:43:16","date_gmt":"2025-12-20T14:43:16","guid":{"rendered":"https:\/\/www.europesays.com\/fr\/611870\/"},"modified":"2025-12-20T14:43:16","modified_gmt":"2025-12-20T14:43:16","slug":"la-fille-de-bruno-gaccio-ironise-sur-sa-candidature-lfi-face-a-rachida-dati","status":"publish","type":"post","link":"https:\/\/www.europesays.com\/fr\/611870\/","title":{"rendered":"la fille de Bruno Gaccio ironise sur sa candidature LFI face \u00e0 Rachida Dati"},"content":{"rendered":"<p>                    Par<br \/>\n        <strong><br \/>\n            <a href=\"https:\/\/actu.fr\/auteur\/thomas-martin\" title=\"Consulter tous les articles de Thomas Martin\" target=\"_blank\" rel=\"noopener\">Thomas Martin<\/a><br \/>\n                    <\/strong><\/p>\n<p>        Publi\u00e9 le<\/p>\n<p>            20 d\u00e9c. 2025 \u00e0 13h58        <\/p>\n<p><a href=\"https:\/\/actu.fr\/ile-de-france\/paris_75056\/bruno-gaccio-daniele-obono-lfi-mise-sur-des-gros-noms-pour-les-municipales-2026-a-paris_63440456.html\" target=\"_blank\" rel=\"noopener\">Bruno Gaccio<\/a>, ancien co-auteur des Guignols de l\u2019info, s\u2019est lanc\u00e9 comme t\u00eate de liste de La France insoumise (<a href=\"https:\/\/actu.fr\/tag\/la-france-insoumise-lfi\" target=\"_blank\" rel=\"noopener\">LFI<\/a>) dans le 7e arrondissement de Paris pour les <a href=\"https:\/\/actu.fr\/tag\/municipales-2026\" target=\"_blank\" rel=\"noopener\">\u00e9lections municipales de mars 2026<\/a>. Apr\u00e8s une longue carri\u00e8re dans l\u2019humour et l\u2019\u00e9criture t\u00e9l\u00e9visuelle, il brigue donc aujourd\u2019hui un mandat local sous l\u2019\u00e9tiquette insoumise, affrontant notamment la maire sortante <a href=\"https:\/\/actu.fr\/tag\/rachida-dati\" target=\"_blank\" rel=\"noopener\">Rachida Dati<\/a> (LR) dans un des arrondissements les plus \u00e0 droite de Paris.\u00a0<\/p>\n<p>\u00ab On est \u00e0 l\u2019abri de la victoire \u00bb<\/p>\n<p class=\" wall-content\">Sa fille, l\u2019actrice Charlotte Gaccio a r\u00e9cemment comment\u00e9 la candidature de son p\u00e8re avec ironie lors d\u2019une interview \u00e0 TV Magazine, en marge de la promotion d\u2019un t\u00e9l\u00e9film : \u00ab on est \u00e0 l\u2019abri de la victoire \u00bb. \u00ab\u00a0Il me l\u2019avait annonc\u00e9, poursuit-elle. Nous sommes all\u00e9s d\u00e9jeuner, et il m\u2019a dit : \u201cJ\u2019ai un truc \u00e0 te dire\u201d, et voil\u00e0 ! Il \u00e9crit des livres, surtout. Je pense que c\u2019est l\u00e0-dessus qu\u2019il faut se concentrer\u00bb.<\/p>\n<p class=\" wall-content\">\n<p class=\" wall-content\">C\u2019est la premi\u00e8re candidature au suffrage universel de Bruno Gaccio, m\u00eame s\u2019il n\u2019a jamais cach\u00e9 ses engagements \u00e0 gauche (participation \u00e0 la cr\u00e9ation de Nouvelle Donne, soutien aux Gilets jaunes, \u00e0 Jean-Luc M\u00e9lenchon).<\/p>\n<p class=\" wall-content\"><a href=\"https:\/\/actu.fr\/ile-de-france\/paris_75056\/bruno-gaccio-daniele-obono-lfi-mise-sur-des-gros-noms-pour-les-municipales-2026-a-paris_63440456.html\" target=\"_blank\" rel=\"noopener\">L\u2019annonce de sa candidature<\/a> avait \u00e9t\u00e9 faite par la d\u00e9put\u00e9e insoumise <a href=\"https:\/\/actu.fr\/ile-de-france\/paris_75056\/municipales-2026-lfi-investit-officiellement-sophia-chikirou-pour-un-nouveau-paris-populaire_63439814.html\" target=\"_blank\" rel=\"noopener\">Sophia Chikirou<\/a>, elle-m\u00eame candidate \u00e0 la mairie de Paris, qui souhaite f\u00e9d\u00e9rer les listes LFI autour d\u2019un \u201cNouveau Paris Populaire\u201d.<\/p>\n<p class=\" wall-content\">Pour une premi\u00e8re, il n\u2019a pas \u00e9t\u00e9 investi dans l\u2019arrondissement le plus favorable \u00e0 la gauche radicale, loin s\u2019en faut.\u00a0<\/p>\n<p class=\" wall-content\">Aux \u00e9lections municipales de 2020, Rachida Dati avait \u00e9t\u00e9 \u00e9lue d\u00e8s le premier tour avec 50,69% des suffrages exprim\u00e9s. Samia Hasnaoui, la candidate LFI, avait rassembl\u00e9 seulement 0,66% des suffrages, soit 69 voix.\u00a0<\/p>\n<p class=\" wall-content\">Personnalisez votre actualit\u00e9 en ajoutant vos villes et m\u00e9dias en favori avec <a href=\"https:\/\/moncompte.actu.fr\" title=\"D\u00e9couvez Mon Actu\" rel=\"nofollow noopener\" data-trk=\"{&quot;cta&quot;:{&quot;action&quot;:&quot;https:\\\/\\\/moncompte.actu.fr&quot;,&quot;category&quot;:&quot;mon compte&quot;,&quot;from&quot;:&quot;article footer&quot;,&quot;name&quot;:&quot;Mon actu&quot;,&quot;type&quot;:&quot;cta&quot;}}\" target=\"_blank\">Mon Actu<\/a>.<\/p>\n","protected":false},"excerpt":{"rendered":"Par Thomas Martin Publi\u00e9 le 20 d\u00e9c. 2025 \u00e0 13h58 Bruno Gaccio, ancien co-auteur des Guignols de l\u2019info,&hellip;\n","protected":false},"author":2,"featured_media":611871,"comment_status":"","ping_status":"","sticky":false,"template":"","format":"standard","meta":{"footnotes":""},"categories":[1888],"tags":[1111,1928,11,1927,4188,1777,674,1011,27,1023,3434,12,1926,626,1925,316,417,25],"class_list":{"0":"post-611870","1":"post","2":"type-post","3":"status-publish","4":"format-standard","5":"has-post-thumbnail","7":"category-paris","8":"tag-actu","9":"tag-actu-paris","10":"tag-actualites","11":"tag-actualites-paris","12":"tag-elections-municipales","13":"tag-eu","14":"tag-europe","15":"tag-fr","16":"tag-france","17":"tag-la-france-insoumise-lfi","18":"tag-municipales-2026","19":"tag-news","20":"tag-news-paris","21":"tag-paris","22":"tag-paris-news","23":"tag-politique","24":"tag-rachida-dati","25":"tag-republique-francaise"},"share_on_mastodon":{"url":"https:\/\/pubeurope.com\/@fr\/115752429546291597","error":""},"_links":{"self":[{"href":"https:\/\/www.europesays.com\/fr\/wp-json\/wp\/v2\/posts\/611870","targetHints":{"allow":["GET"]}}],"collection":[{"href":"https:\/\/www.europesays.com\/fr\/wp-json\/wp\/v2\/posts"}],"about":[{"href":"https:\/\/www.europesays.com\/fr\/wp-json\/wp\/v2\/types\/post"}],"author":[{"embeddable":true,"href":"https:\/\/www.europesays.com\/fr\/wp-json\/wp\/v2\/users\/2"}],"replies":[{"embeddable":true,"href":"https:\/\/www.europesays.com\/fr\/wp-json\/wp\/v2\/comments?post=611870"}],"version-history":[{"count":0,"href":"https:\/\/www.europesays.com\/fr\/wp-json\/wp\/v2\/posts\/611870\/revisions"}],"wp:featuredmedia":[{"embeddable":true,"href":"https:\/\/www.europesays.com\/fr\/wp-json\/wp\/v2\/media\/611871"}],"wp:attachment":[{"href":"https:\/\/www.europesays.com\/fr\/wp-json\/wp\/v2\/media?parent=611870"}],"wp:term":[{"taxonomy":"category","embeddable":true,"href":"https:\/\/www.europesays.com\/fr\/wp-json\/wp\/v2\/categories?post=611870"},{"taxonomy":"post_tag","embeddable":true,"href":"https:\/\/www.europesays.com\/fr\/wp-json\/wp\/v2\/tags?post=611870"}],"curies":[{"name":"wp","href":"https:\/\/api.w.org\/{rel}","templated":true}]}}