{"id":611875,"date":"2025-12-20T14:46:28","date_gmt":"2025-12-20T14:46:28","guid":{"rendered":"https:\/\/www.europesays.com\/fr\/611875\/"},"modified":"2025-12-20T14:46:28","modified_gmt":"2025-12-20T14:46:28","slug":"meteo-le-froid-revient-lepisode-moscou-paris-va-faire-chuter-les-temperatures-pour-les-fetes-de-fin-dannee","status":"publish","type":"post","link":"https:\/\/www.europesays.com\/fr\/611875\/","title":{"rendered":"M\u00e9t\u00e9o\u00a0: le froid revient, l\u2019\u00e9pisode \u00ab\u00a0Moscou-Paris\u00a0\u00bb va faire chuter les temp\u00e9ratures pour les f\u00eates de fin d\u2019ann\u00e9e"},"content":{"rendered":"<p>\n                                                                Apr\u00e8s un d\u00e9but d\u00e9cembre anormalement doux, un net refroidissement est attendu en France pour les f\u00eates de fin d\u2019ann\u00e9e, sous l\u2019effet d\u2019un \u00e9pisode dit \u00ab\u00a0Moscou-Paris\u00a0\u00bb.\n                            <\/p>\n<p>Apr\u00e8s un d\u00e9but d\u00e9cembre exceptionnellement doux, avec des temp\u00e9ratures souvent 7 \u00e0 10\u00a0\u00b0C au-dessus des normales saisonni\u00e8res, le froid va revenir en France pour les f\u00eates de fin d\u2019ann\u00e9e.<\/p>\n<p>Qu\u2019est-ce qu\u2019un \u00e9pisode Moscou-Paris\u00a0?<\/p>\n<p>Selon <a href=\"https:\/\/www.meteo-paris.com\/actualites\/retour-du-froid-en-vue-pour-les-fetes-a-quoi-s-attendre\" target=\"_self\" rel=\"noopener\">M\u00e9t\u00e9o-Villes<\/a>, un puissant anticyclone va se mettre en place sur le nord de l\u2019Europe, s\u2019\u00e9tendant des A\u00e7ores \u00e0 la Scandinavie, tandis que des basses pressions persisteront sur le bassin m\u00e9diterran\u00e9en.\u00a0Cette situation oblige l\u2019air \u00e0 circuler depuis l\u2019Europe de l\u2019Est vers la France, faisant remonter un air froid continental venu de Russie.\u00a0C\u2019est ce que les m\u00e9t\u00e9orologues appellent un \u00e9pisode \u00ab\u00a0Moscou-Paris\u00a0\u00bb.<\/p>\n<p>Contrairement \u00e0 l\u2019imaginaire li\u00e9 au nom \u00ab\u00a0Moscou-Paris\u00a0\u00bb, cet air froid est plut\u00f4t sec. Dans la majorit\u00e9 des cas, peu ou pas de neige est pr\u00e9vue en plaine, notamment autour de Paris, Amiens, Rouen ou Metz, la s\u00e9cheresse de l\u2019air \u00e9tant un frein aux pr\u00e9cipitations significatives.<\/p>\n<p>Une chute des temp\u00e9ratures \u00e0 No\u00ebl\u00a0?<\/p>\n<p>Les simulations du Centre europ\u00e9en pour les pr\u00e9visions m\u00e9t\u00e9orologiques \u00e0 moyen terme (<a href=\"https:\/\/www.ecmwf.int\/en\/forecasts?utm_source=chatgpt.com\" target=\"_blank\" rel=\"noopener\">ECMWF<\/a>) montrent clairement cette descente d\u2019air froid, avec des anomalies de temp\u00e9rature n\u00e9gatives marqu\u00e9es sur l\u2019Europe occidentale pour la semaine de No\u00ebl. Les temp\u00e9ratures devraient d\u2019abord revenir vers les normales de saison en d\u00e9but de semaine, avant de chuter nettement \u00e0 partir du 24-25 d\u00e9cembre. Un pic est possible autour du 27.<\/p>\n<p>Les temp\u00e9ratures maximales pourraient alors plafonner entre 2 et 6\u00a0\u00b0C sur une large moiti\u00e9 nord, et entre 6 et 9\u00a0\u00b0C au sud, avec des gel\u00e9es fr\u00e9quentes le matin, notamment dans l\u2019int\u00e9rieur des terres, d\u2019apr\u00e8s <a href=\"https:\/\/www.facebook.com\/lameilleureinfometeo\/?locale=fr_FR\" target=\"_self\" rel=\"noopener\">La Cha\u00eene M\u00e9t\u00e9o.<\/a><\/p>\n<p>La dur\u00e9e et l\u2019intensit\u00e9 de cet \u00e9pisode restent \u00e0 confirmer. Pour l\u2019heure, ce refroidissement appara\u00eet significatif mais pas forc\u00e9ment exceptionnel par rapport aux \u00e9pisodes de froid les plus marqu\u00e9s de l\u2019histoire (comme en 1962-63 ou 1978-79).<\/p>\n","protected":false},"excerpt":{"rendered":"Apr\u00e8s un d\u00e9but d\u00e9cembre anormalement doux, un net refroidissement est attendu en France pour les f\u00eates de fin&hellip;\n","protected":false},"author":2,"featured_media":611876,"comment_status":"","ping_status":"","sticky":false,"template":"","format":"standard","meta":{"footnotes":""},"categories":[1888],"tags":[1111,11,1777,674,1011,27,15882,12,626,25],"class_list":{"0":"post-611875","1":"post","2":"type-post","3":"status-publish","4":"format-standard","5":"has-post-thumbnail","7":"category-paris","8":"tag-actu","9":"tag-actualites","10":"tag-eu","11":"tag-europe","12":"tag-fr","13":"tag-france","14":"tag-mu00e9tu00e9o","15":"tag-news","16":"tag-paris","17":"tag-republique-francaise"},"share_on_mastodon":{"url":"https:\/\/pubeurope.com\/@fr\/115752441283150667","error":""},"_links":{"self":[{"href":"https:\/\/www.europesays.com\/fr\/wp-json\/wp\/v2\/posts\/611875","targetHints":{"allow":["GET"]}}],"collection":[{"href":"https:\/\/www.europesays.com\/fr\/wp-json\/wp\/v2\/posts"}],"about":[{"href":"https:\/\/www.europesays.com\/fr\/wp-json\/wp\/v2\/types\/post"}],"author":[{"embeddable":true,"href":"https:\/\/www.europesays.com\/fr\/wp-json\/wp\/v2\/users\/2"}],"replies":[{"embeddable":true,"href":"https:\/\/www.europesays.com\/fr\/wp-json\/wp\/v2\/comments?post=611875"}],"version-history":[{"count":0,"href":"https:\/\/www.europesays.com\/fr\/wp-json\/wp\/v2\/posts\/611875\/revisions"}],"wp:featuredmedia":[{"embeddable":true,"href":"https:\/\/www.europesays.com\/fr\/wp-json\/wp\/v2\/media\/611876"}],"wp:attachment":[{"href":"https:\/\/www.europesays.com\/fr\/wp-json\/wp\/v2\/media?parent=611875"}],"wp:term":[{"taxonomy":"category","embeddable":true,"href":"https:\/\/www.europesays.com\/fr\/wp-json\/wp\/v2\/categories?post=611875"},{"taxonomy":"post_tag","embeddable":true,"href":"https:\/\/www.europesays.com\/fr\/wp-json\/wp\/v2\/tags?post=611875"}],"curies":[{"name":"wp","href":"https:\/\/api.w.org\/{rel}","templated":true}]}}