{"id":611877,"date":"2025-12-20T14:47:16","date_gmt":"2025-12-20T14:47:16","guid":{"rendered":"https:\/\/www.europesays.com\/fr\/611877\/"},"modified":"2025-12-20T14:47:16","modified_gmt":"2025-12-20T14:47:16","slug":"guerre-en-ukraine-les-etats-unis-proposent-une-rencontre-washington-kiev-et-moscou-a-miami-indique-zelensky","status":"publish","type":"post","link":"https:\/\/www.europesays.com\/fr\/611877\/","title":{"rendered":"Guerre en Ukraine\u00a0: les \u00c9tats-Unis proposent une rencontre Washington, Kiev et Moscou \u00e0 Miami, indique Zelensky"},"content":{"rendered":"<p class=\"paragraph text_align_left lp-f-body-02\">Les pourparlers <a href=\"https:\/\/www.leparisien.fr\/international\/ukraine\/guerre-en-ukraine-pourparlers-etats-unis-russie-a-miami-ce-week-end-18-12-2025-HJPPCP6GL5HNNHECKOJEEE3XI4.php\" target=\"_self\" rel=\"noopener\">pour tenter de mettre fin \u00e0 la guerre en Ukraine<\/a> se poursuivent ce samedi \u00e0 Miami, o\u00f9 se trouvent des n\u00e9gociateurs ukrainiens, europ\u00e9ens et am\u00e9ricains, qui pourraient bient\u00f4t \u00eatre rejoints par une d\u00e9l\u00e9gation russe. <\/p>\n<p class=\"\">C\u2019est le pr\u00e9sident <a href=\"https:\/\/www.leparisien.fr\/international\/volodymyr-zelensky\/\" target=\"_self\" rel=\"noopener\">Volodymyr Zelensky<\/a> qui a r\u00e9v\u00e9l\u00e9 ce samedi midi que les <a href=\"https:\/\/www.leparisien.fr\/international\/etats-unis\/\" target=\"_self\" rel=\"noopener\">\u00c9tats-Unis<\/a> avaient propos\u00e9 une rencontre tripartite r\u00e9unissant les repr\u00e9sentants des \u00c9tats-Unis, de l\u2019Ukraine et de la Russie \u00e0 Miami. Aucune table ronde rassemblant toutes ces parties n\u2019\u00e9tait jusqu\u2019\u00e0 l\u2019heure pr\u00e9vue.<\/p>\n<p class=\"\">Washington a \u00ab propos\u00e9 un format, autant que je sache, Ukraine, \u00c9tats-Unis, Russie \u00bb, a-t-il dit, ajoutant que des repr\u00e9sentants europ\u00e9ens pourraient \u00eatre pr\u00e9sents et qu\u2019il \u00ab serait logique d\u2019avoir une telle r\u00e9union en commun (\u2026) une fois que nous aurons pris connaissance des r\u00e9sultats potentiels des r\u00e9unions qui ont d\u00e9j\u00e0 eu lieu \u00bb.<\/p>\n<p class=\"\"><a href=\"https:\/\/www.leparisien.fr\/international\/ukraine\/qui-est-kirill-dmitriev-cet-intermediaire-russe-discret-qui-a-souffle-a-washington-les-exigences-du-kremlin-25-11-2025-T4HKNUNVQ5CJ7ITTO3UOFCQJQI.php\" target=\"_self\" rel=\"noopener\">L\u2019\u00e9missaire russe Kirill Dmitriev<\/a> a annonc\u00e9 samedi \u00eatre en route pour cette ville de Floride o\u00f9 des \u00e9quipes ukrainienne et europ\u00e9enne se trouvent d\u00e9j\u00e0 pour participer aux n\u00e9gociations men\u00e9es par Steve Witkoff, l\u2019envoy\u00e9 sp\u00e9cial de Donald Trump, et Jared Kushner, le gendre du pr\u00e9sident am\u00e9ricain.<\/p>\n<p>\u00ab Ce n\u2019est pas Poutine qui d\u00e9cide \u00bb des \u00e9lections en Ukraine<\/p>\n<p class=\"\">Dans le m\u00eame temps, le pr\u00e9sident ukrainien Volodymyr Zelensky a d\u00e9clar\u00e9 que ce n\u2019\u00e9tait pas \u00e0 son homologue russe de d\u00e9cider de l\u2019organisation des \u00e9lections en Ukraine, apr\u00e8s que <a href=\"https:\/\/www.leparisien.fr\/international\/vladimir-poutine\/\" target=\"_self\" rel=\"noopener\">Vladimir Poutine<\/a> a sugg\u00e9r\u00e9 la veille que la Russie pourrait cesser ses frappes en profondeur le jour o\u00f9 un scrutin aurait lieu.<\/p>\n<p class=\"\">\u00ab Ce n\u2019est pas (Vladimir) Poutine qui d\u00e9cide quand et sous quel format les \u00e9lections auront lieu en Ukraine \u00bb a lanc\u00e9 Volodymyr Zelensky, \u00e9cartant toute possibilit\u00e9 d\u2019en organiser sur les territoires actuellement occup\u00e9s par les forces russes.<\/p>\n<p class=\"\">Sur le terrain, la Russie continue de viser <a href=\"https:\/\/www.leparisien.fr\/international\/guerre-en-ukraine-des-milliers-de-foyers-prives-de-chauffage-et-delectricite-apres-des-frappes-russes-sur-des-sites-energetiques-06-12-2025-HEMTUUKKQJFDZIM6JICAHDCANY.php\" target=\"_self\" rel=\"noopener\">les infrastructures ukrainiennes<\/a> : vendredi soir, un missile balistique a fait sept morts et quinze bless\u00e9s pr\u00e8s d\u2019Odessa, a annonc\u00e9 le gouverneur local Oleg Kiper. Moscou a \u00e9galement affirm\u00e9 samedi avoir pris deux villages dans les r\u00e9gions de Soumy (nord) et Donetsk (est). De son c\u00f4t\u00e9, Kiev a annonc\u00e9 samedi avoir d\u00e9truit deux avions de combat russes sur un a\u00e9rodrome situ\u00e9 dans la p\u00e9ninsule de Crim\u00e9e occup\u00e9e, selon les services de s\u00e9curit\u00e9 SBU.<\/p>\n<p class=\"\">De plus en plus impatient, <a href=\"https:\/\/www.leparisien.fr\/international\/etats-unis\/donald-trump\/\" target=\"_self\" rel=\"noopener\">Donald Trump<\/a> a press\u00e9 Kiev de \u00ab bouger rapidement \u00bb, lors d\u2019un \u00e9change avec la presse dans le Bureau ovale.<\/p>\n","protected":false},"excerpt":{"rendered":"Les pourparlers pour tenter de mettre fin \u00e0 la guerre en Ukraine se poursuivent ce samedi \u00e0 Miami,&hellip;\n","protected":false},"author":2,"featured_media":611878,"comment_status":"","ping_status":"","sticky":false,"template":"","format":"standard","meta":{"footnotes":""},"categories":[1591],"tags":[11,1887,14,12,1885,1886,132],"class_list":{"0":"post-611877","1":"post","2":"type-post","3":"status-publish","4":"format-standard","5":"has-post-thumbnail","7":"category-russie","8":"tag-actualites","9":"tag-federation-de-russie","10":"tag-international","11":"tag-news","12":"tag-russia","13":"tag-russian-federation","14":"tag-russie"},"share_on_mastodon":{"url":"https:\/\/pubeurope.com\/@fr\/115752445253789951","error":""},"_links":{"self":[{"href":"https:\/\/www.europesays.com\/fr\/wp-json\/wp\/v2\/posts\/611877","targetHints":{"allow":["GET"]}}],"collection":[{"href":"https:\/\/www.europesays.com\/fr\/wp-json\/wp\/v2\/posts"}],"about":[{"href":"https:\/\/www.europesays.com\/fr\/wp-json\/wp\/v2\/types\/post"}],"author":[{"embeddable":true,"href":"https:\/\/www.europesays.com\/fr\/wp-json\/wp\/v2\/users\/2"}],"replies":[{"embeddable":true,"href":"https:\/\/www.europesays.com\/fr\/wp-json\/wp\/v2\/comments?post=611877"}],"version-history":[{"count":0,"href":"https:\/\/www.europesays.com\/fr\/wp-json\/wp\/v2\/posts\/611877\/revisions"}],"wp:featuredmedia":[{"embeddable":true,"href":"https:\/\/www.europesays.com\/fr\/wp-json\/wp\/v2\/media\/611878"}],"wp:attachment":[{"href":"https:\/\/www.europesays.com\/fr\/wp-json\/wp\/v2\/media?parent=611877"}],"wp:term":[{"taxonomy":"category","embeddable":true,"href":"https:\/\/www.europesays.com\/fr\/wp-json\/wp\/v2\/categories?post=611877"},{"taxonomy":"post_tag","embeddable":true,"href":"https:\/\/www.europesays.com\/fr\/wp-json\/wp\/v2\/tags?post=611877"}],"curies":[{"name":"wp","href":"https:\/\/api.w.org\/{rel}","templated":true}]}}