{"id":611883,"date":"2025-12-20T14:52:15","date_gmt":"2025-12-20T14:52:15","guid":{"rendered":"https:\/\/www.europesays.com\/fr\/611883\/"},"modified":"2025-12-20T14:52:15","modified_gmt":"2025-12-20T14:52:15","slug":"rare-entretien-telephonique-entre-liran-et-le-royaume-uni","status":"publish","type":"post","link":"https:\/\/www.europesays.com\/fr\/611883\/","title":{"rendered":"rare entretien t\u00e9l\u00e9phonique entre l&rsquo;Iran et le Royaume-Uni"},"content":{"rendered":"<p class=\"fig-paragraph\">L&rsquo;Iran et le Royaume-Uni, deux pays aux\u00a0<a href=\"http:\/\/www.lefigaro.fr\/international\/nucleaire-l-iran-rappelle-ses-ambassadeurs-en-allemagne-france-et-royaume-uni-pour-consultations-20250927\" data-fig-type=\"NewsFlash\" data-gtm-custom-categorie=\"navigation\" data-gtm-custom-action=\"crossclick\" data-gtm-custom-label=\"Contextuel\" data-gtm-event=\"customEventSPE\" data-fig-domain=\"LEFIGARO\" target=\"_blank\" rel=\"noopener\">relations tendues<\/a>, ont tenu des discussions par t\u00e9l\u00e9phone \u00abafin de renforcer la compr\u00e9hension mutuelle\u00bb, a indiqu\u00e9 samedi T\u00e9h\u00e9ran, une source britannique assurant que la question de deux ressortissants d\u00e9tenus en Iran avait \u00e9t\u00e9 abord\u00e9e. Le chef de la diplomatie iranienne, Abbas Araghchi, et son homologue britannique, Yvette Cooper, \u00abont \u00e9chang\u00e9 leurs points de vue sur plusieurs questions bilat\u00e9rales\u00bb, a rapport\u00e9 le minist\u00e8re iranien des Affaires \u00e9trang\u00e8res dans un compte-rendu de cet appel qui s&rsquo;est d\u00e9roul\u00e9 la veille.<\/p>\n<p class=\"fig-paragraph\">Les deux ministres \u00abont soulign\u00e9 la n\u00e9cessit\u00e9 de poursuivre les consultations \u00e0 diff\u00e9rents niveaux afin de renforcer la compr\u00e9hension mutuelle\u00bb, souligne le communiqu\u00e9. Abbas Araghchi a en outre \u00abcritiqu\u00e9 l&rsquo;approche irresponsable de trois pays europ\u00e9ens sur la question du nucl\u00e9aire iranien\u00bb, ajoute son minist\u00e8re de tutelle.<\/p>\n<p>                                            <a class=\"fig-a11y-skip\" href=\"#fig-a11y-skip-main-inarticle\" data-module=\"a11y-skip\" data-context=\"was @visible\"><br \/>\n    Passer la publicit\u00e9<br \/>\n<\/a>            <\/p>\n<p>                                            Deux Britanniques d\u00e9tenus en Iran<\/p>\n<p class=\"fig-paragraph\">Le Royaume-Uni, avec la France et l&rsquo;Allemagne, est \u00e0 l&rsquo;origine du r\u00e9tablissement fin septembre des sanctions onusiennes contre l&rsquo;Iran, li\u00e9es \u00e0 son\u00a0<a href=\"http:\/\/www.lefigaro.fr\/international\/l-iran-refuse-un-acces-aux-sites-nucleaires-bombardes-sans-accord-conclu-avec-l-aiea-20251120\" data-fig-type=\"NewsFlash\" data-gtm-custom-categorie=\"navigation\" data-gtm-custom-action=\"crossclick\" data-gtm-custom-label=\"Contextuel\" data-gtm-event=\"customEventSPE\" data-fig-domain=\"LEFIGARO\" target=\"_blank\" rel=\"noopener\">programme nucl\u00e9aire<\/a>. Une source aupr\u00e8s du gouvernement britannique a confirm\u00e9 \u00e0 l&rsquo;AFP la tenue de cet appel au cours duquel plusieurs autres questions, notamment le cas de Craig et Lindsay Foreman, ont \u00e9t\u00e9 abord\u00e9es selon elle. Ce sujet ne figure pas dans le compte-rendu iranien.<\/p>\n<p class=\"fig-paragraph\">Craig et Lindsay Foreman sont deux Britanniques d\u00e9tenus en Iran depuis janvier pour des accusations d&rsquo;espionnage. Les autorit\u00e9s iraniennes accusent ces cinquantenaires d&rsquo;\u00eatre entr\u00e9s en Iran en pr\u00e9tendant \u00eatre des touristes pour en r\u00e9alit\u00e9 recueillir des informations au b\u00e9n\u00e9fice de services de renseignements \u00e9trangers. Le couple effectuait un tour du monde \u00e0 moto lorsqu&rsquo;il a \u00e9t\u00e9 arr\u00eat\u00e9. Leur famille a toujours rejet\u00e9 les accusations d&rsquo;espionnage. Le dernier \u00e9change connu entre ministres iranien et britannique des Affaires \u00e9trang\u00e8res remontait \u00e0 octobre.<\/p>\n","protected":false},"excerpt":{"rendered":"L&rsquo;Iran et le Royaume-Uni, deux pays aux\u00a0relations tendues, ont tenu des discussions par t\u00e9l\u00e9phone \u00abafin de renforcer la&hellip;\n","protected":false},"author":2,"featured_media":611884,"comment_status":"","ping_status":"","sticky":false,"template":"","format":"standard","meta":{"footnotes":""},"categories":[1588],"tags":[11,1777,674,3019,12,473,1853,1851,1850,1852],"class_list":{"0":"post-611883","1":"post","2":"type-post","3":"status-publish","4":"format-standard","5":"has-post-thumbnail","7":"category-royaume-uni","8":"tag-actualites","9":"tag-eu","10":"tag-europe","11":"tag-iran","12":"tag-news","13":"tag-royaume-uni","14":"tag-royaume-uni-de-grande-bretagne-et-dirlande-du-nord","15":"tag-uk","16":"tag-united-kingdom","17":"tag-united-kingdom-of-great-britain-and-northern-ireland"},"share_on_mastodon":{"url":"https:\/\/pubeurope.com\/@fr\/115752464931396231","error":""},"_links":{"self":[{"href":"https:\/\/www.europesays.com\/fr\/wp-json\/wp\/v2\/posts\/611883","targetHints":{"allow":["GET"]}}],"collection":[{"href":"https:\/\/www.europesays.com\/fr\/wp-json\/wp\/v2\/posts"}],"about":[{"href":"https:\/\/www.europesays.com\/fr\/wp-json\/wp\/v2\/types\/post"}],"author":[{"embeddable":true,"href":"https:\/\/www.europesays.com\/fr\/wp-json\/wp\/v2\/users\/2"}],"replies":[{"embeddable":true,"href":"https:\/\/www.europesays.com\/fr\/wp-json\/wp\/v2\/comments?post=611883"}],"version-history":[{"count":0,"href":"https:\/\/www.europesays.com\/fr\/wp-json\/wp\/v2\/posts\/611883\/revisions"}],"wp:featuredmedia":[{"embeddable":true,"href":"https:\/\/www.europesays.com\/fr\/wp-json\/wp\/v2\/media\/611884"}],"wp:attachment":[{"href":"https:\/\/www.europesays.com\/fr\/wp-json\/wp\/v2\/media?parent=611883"}],"wp:term":[{"taxonomy":"category","embeddable":true,"href":"https:\/\/www.europesays.com\/fr\/wp-json\/wp\/v2\/categories?post=611883"},{"taxonomy":"post_tag","embeddable":true,"href":"https:\/\/www.europesays.com\/fr\/wp-json\/wp\/v2\/tags?post=611883"}],"curies":[{"name":"wp","href":"https:\/\/api.w.org\/{rel}","templated":true}]}}