{"id":611885,"date":"2025-12-20T14:53:14","date_gmt":"2025-12-20T14:53:14","guid":{"rendered":"https:\/\/www.europesays.com\/fr\/611885\/"},"modified":"2025-12-20T14:53:14","modified_gmt":"2025-12-20T14:53:14","slug":"jo-dhiver-2026-la-prime-versee-aux-medailles-de-lequipe-dallemagne-reevaluee-pourquoi-cette-decision-va-changer-beaucoup-de-choses","status":"publish","type":"post","link":"https:\/\/www.europesays.com\/fr\/611885\/","title":{"rendered":"JO d\u2019hiver 2026\u00a0: la prime vers\u00e9e aux m\u00e9daill\u00e9s de l\u2019\u00e9quipe d\u2019Allemagne r\u00e9\u00e9valu\u00e9e, pourquoi cette d\u00e9cision va changer beaucoup de choses"},"content":{"rendered":"<p>\n                                                                    l&rsquo;essentiel<br \/>\n                                                                Une annonce de la haute importante a \u00e9t\u00e9 r\u00e9cemment officialis\u00e9e \u00e0 propos de la s\u00e9lection allemande, laquelle pourra b\u00e9n\u00e9ficier de primes plus importantes pour chaque m\u00e9daille remport\u00e9e aux JO d\u2019hiver 2026.\n                            <\/p>\n<p>Voil\u00e0 une d\u00e9cision qui risque de motiver les athl\u00e8tes allemands. \u00c0 cinq semaines du lancement des Jeux olympiques d\u2019hiver 2026, qui se d\u00e9rouleront du 6 au 22\u00a0f\u00e9vrier en Italie, la Fondation allemande d\u2019aide au sport a r\u00e9cemment fait une grande annonce\u00a0: celle d\u2019augmenter les primes revers\u00e9es aux m\u00e9daill\u00e9s olympiques de l\u2019\u00e9quipe nationale.<\/p>\n<p class=\"std-elt__inline\">\n        <strong>\u00c0 lire aussi :<\/strong><br \/>\n        <a href=\"https:\/\/www.ladepeche.fr\/2025\/12\/16\/jo-2026-des-milliers-dempreintes-de-dinosaures-retrouvees-juste-a-cote-dun-site-olympique-13114889.php\" target=\"_blank\" rel=\"noopener\">JO\u00a02026\u00a0: des milliers d\u2019empreintes de dinosaures retrouv\u00e9es juste \u00e0 c\u00f4t\u00e9 d\u2019un site olympique<\/a>\n    <\/p>\n<p>Ainsi, 30\u00a0000\u00a0\u20ac seront distribu\u00e9s pour une m\u00e9daille d\u2019or (contre 20\u00a0000\u00a0\u20ac auparavant), 20\u00a0000\u00a0\u20ac pour une m\u00e9daille d\u2019argent (contre 15\u00a0000\u00a0\u20ac auparavant), tandis que les 10\u00a0000\u00a0\u20ac promis pour une m\u00e9daille\u00a0de bronze restent au m\u00eame stade. <a href=\"https:\/\/www.bild.de\/sport\/olympia\/olympia-praemie-erhoeht-sich-deutlich-das-zahlt-deutschland-jetzt-fuer-gold-69455102ba368aa01269e0a4\" target=\"_self\" rel=\"noopener\">BILD <\/a>rapporte que ces primes seront surtout exon\u00e9r\u00e9es d\u2019imp\u00f4ts, apr\u00e8s que la loi a \u00e9t\u00e9 adopt\u00e9e vendredi 19\u00a0d\u00e9cembre.<\/p>\n<p class=\"std-elt__inline\">\n        <strong>\u00c0 lire aussi :<\/strong><br \/>\n        <a href=\"https:\/\/www.ladepeche.fr\/2025\/12\/10\/perrine-laffont-touchee-a-un-genou-la-championne-olympique-de-ski-de-bosses-va-manquer-plusieurs-semaines-de-competition-avant-les-jo-2026-13102985.php\" target=\"_blank\" rel=\"noopener\">Perrine Laffont\u00a0: coup d\u2019arr\u00eat pour la championne olympique de ski de bosses, bless\u00e9e \u00e0 un genou \u00e0 deux mois des JO d\u2019hiver 2026<\/a>\n    <\/p>\n<p>Les primes fran\u00e7aises bien meilleures<\/p>\n<p>\u00ab\u00a0Nous tenons \u00e0 remercier nos partenaires du gouvernement f\u00e9d\u00e9ral, des gouvernements des L\u00e4nder et tout particuli\u00e8rement les membres du Bundestag allemand pour leur d\u00e9cision d\u2019exon\u00e9rer d\u2019imp\u00f4t les primes de m\u00e9dailles de Sports Aid\u00a0\u00bb a d\u00e9clar\u00e9\u00a0Max Hartung, membre du conseil d\u2019administration de Sports Aid. En r\u00e9sum\u00e9, les m\u00e9daill\u00e9s s\u2019appr\u00eatent \u00e0 percevoir pr\u00e8s du double du montant qui leur \u00e9tait r\u00e9ellement vers\u00e9 auparavant.<\/p>\n<p class=\"std-elt__inline\">\n        <strong>\u00c0 lire aussi :<\/strong><br \/>\n        <a href=\"https:\/\/www.ladepeche.fr\/2025\/12\/18\/scandale-dans-le-ski-suisse-le-medecin-de-la-selection-accuse-davoir-profite-de-la-blessure-dune-championne-olympique-13119397.php\" target=\"_blank\" rel=\"noopener\">Scandale dans le ski suisse\u00a0: le m\u00e9decin de la s\u00e9lection accus\u00e9 d\u2019avoir \u00ab\u00a0profit\u00e9\u00a0\u00bb de la blessure d\u2019une championne olympique<\/a>\n    <\/p>\n<p>La France, elle, se distingue par des primes nettement sup\u00e9rieures \u00e0 celles de l\u2019Allemagne. Un athl\u00e8te fran\u00e7ais m\u00e9daill\u00e9 d\u2019or touchera 80\u00a0000\u00a0\u20ac, soit pr\u00e8s de trois fois plus qu\u2019un athl\u00e8te allemand. Concernant les m\u00e9dailles d\u2019argent et de bronze, l\u2019\u00e9cart est double\u00a0: 40\u00a0000\u00a0\u20ac pour l\u2019argent et 20\u00a0000\u00a0\u20ac pour le bronze. Aux JO 2022, l\u2019\u00e9quipe d\u2019Allemagne avait remport\u00e9 12 m\u00e9dailles d\u2019or, 10 d\u2019argent et 3 de bronze.\u00a0C\u2019est bien plus que la France (5 en or, 7 en argent et 2 en bronze).<\/p>\n","protected":false},"excerpt":{"rendered":"l&rsquo;essentiel Une annonce de la haute importante a \u00e9t\u00e9 r\u00e9cemment officialis\u00e9e \u00e0 propos de la s\u00e9lection allemande, laquelle&hellip;\n","protected":false},"author":2,"featured_media":611886,"comment_status":"","ping_status":"","sticky":false,"template":"","format":"standard","meta":{"footnotes":""},"categories":[1587],"tags":[11,672,1804,1805,1803,1777,674,1801,12,1802,517,9589],"class_list":{"0":"post-611885","1":"post","2":"type-post","3":"status-publish","4":"format-standard","5":"has-post-thumbnail","7":"category-allemagne","8":"tag-actualites","9":"tag-allemagne","10":"tag-bundesrepublik-deutschland","11":"tag-de","12":"tag-deutschland","13":"tag-eu","14":"tag-europe","15":"tag-germany","16":"tag-news","17":"tag-republique-federale-dallemagne","18":"tag-sport","19":"tag-sports-dhiver"},"share_on_mastodon":{"url":"https:\/\/pubeurope.com\/@fr\/115752469427700036","error":""},"_links":{"self":[{"href":"https:\/\/www.europesays.com\/fr\/wp-json\/wp\/v2\/posts\/611885","targetHints":{"allow":["GET"]}}],"collection":[{"href":"https:\/\/www.europesays.com\/fr\/wp-json\/wp\/v2\/posts"}],"about":[{"href":"https:\/\/www.europesays.com\/fr\/wp-json\/wp\/v2\/types\/post"}],"author":[{"embeddable":true,"href":"https:\/\/www.europesays.com\/fr\/wp-json\/wp\/v2\/users\/2"}],"replies":[{"embeddable":true,"href":"https:\/\/www.europesays.com\/fr\/wp-json\/wp\/v2\/comments?post=611885"}],"version-history":[{"count":0,"href":"https:\/\/www.europesays.com\/fr\/wp-json\/wp\/v2\/posts\/611885\/revisions"}],"wp:featuredmedia":[{"embeddable":true,"href":"https:\/\/www.europesays.com\/fr\/wp-json\/wp\/v2\/media\/611886"}],"wp:attachment":[{"href":"https:\/\/www.europesays.com\/fr\/wp-json\/wp\/v2\/media?parent=611885"}],"wp:term":[{"taxonomy":"category","embeddable":true,"href":"https:\/\/www.europesays.com\/fr\/wp-json\/wp\/v2\/categories?post=611885"},{"taxonomy":"post_tag","embeddable":true,"href":"https:\/\/www.europesays.com\/fr\/wp-json\/wp\/v2\/tags?post=611885"}],"curies":[{"name":"wp","href":"https:\/\/api.w.org\/{rel}","templated":true}]}}