{"id":611889,"date":"2025-12-20T14:55:15","date_gmt":"2025-12-20T14:55:15","guid":{"rendered":"https:\/\/www.europesays.com\/fr\/611889\/"},"modified":"2025-12-20T14:55:15","modified_gmt":"2025-12-20T14:55:15","slug":"le-president-bresilien-appelle-lue-a-faire-preuve-de-courage-pour-signer-laccord-avec-le-mercosur","status":"publish","type":"post","link":"https:\/\/www.europesays.com\/fr\/611889\/","title":{"rendered":"Le pr\u00e9sident br\u00e9silien appelle l&rsquo;UE \u00e0 faire preuve de \u00ab\u00a0courage\u00a0\u00bb pour signer l&rsquo;accord avec le Mercosur"},"content":{"rendered":"<p class=\"ap-StoryElement ap-StoryElement--mb ap-StoryText\">\u00ab\u00a0Sans volont\u00e9 politique et sans courage de la part des dirigeants, ce ne sera pas possible de conclure une n\u00e9gociation qui tra\u00eene depuis 26 ans\u00a0\u00bb, a d\u00e9clar\u00e9 Lula en ouverture du sommet du bloc sud-am\u00e9ricain, \u00e0 Foz do Igua\u00e7u, au sud du Br\u00e9sil.<\/p>\n<p class=\"ap-StoryElement ap-StoryElement--mb ap-StoryText\">L&rsquo;Argentine, le Br\u00e9sil, le Paraguay et l&rsquo;Uruguay esp\u00e9raient initialement parapher le trait\u00e9 ce samedi, tout comme la pr\u00e9sidente de la Commission europ\u00e9enne, Ursula von der Leyen, et une majorit\u00e9 de pays de <a href=\"https:\/\/www.lalibre.be\/economie\/conjoncture\/2025\/09\/03\/accord-ue-mercosur-leffet-trump-pousse-t-il-leurope-a-accelerer-malgre-les-controverses-ASEFKKKLTREGBN2TRNBJGKJHNI\/\" target=\"_self\" rel=\"noopener\">l&rsquo;UE<\/a>.<\/p>\n<p class=\"ap-StoryElement ap-StoryElement--mb ap-StoryText\">Mais cette signature a finalement \u00e9t\u00e9 report\u00e9e, face \u00e0 la col\u00e8re des agriculteurs europ\u00e9ens, notamment en France et en Italie.<\/p>\n<p><a href=\"https:\/\/www.lalibre.be\/regions\/bruxelles\/2025\/12\/18\/manifestation-des-agriculteurs-des-premiers-tracteurs-sont-deja-dans-la-capitale-des-tunnels-fermes-XLHBBDZYEFEARDXHV67NCP5BQ4\/\" target=\"_self\" class=\"ap-StoryInterstitialLink ap-StoryElement ap-StoryElement--mb\" rel=\"noopener\">La signature sur l&rsquo;accord du Mercosur finalement report\u00e9e en janvier<\/a><\/p>\n<p class=\"ap-StoryElement ap-StoryElement--mb ap-StoryText\">\u00ab\u00a0Nous avions entre nos mains l&rsquo;occasion de transmettre au monde un message important en d\u00e9fense du multilat\u00e9ralisme et de renforcer notre position strat\u00e9gique dans un contexte mondial de plus en plus comp\u00e9titif. Mais, malheureusement, l&rsquo;Europe ne s&rsquo;est pas encore d\u00e9cid\u00e9e\u00a0\u00bb, a d\u00e9plor\u00e9 Lula.<\/p>\n<p class=\"ap-StoryElement ap-StoryElement--mb ap-StoryText\">\u00ab\u00a0Hier, j&rsquo;ai re\u00e7u une lettre des pr\u00e9sidents de la Commission europ\u00e9enne et du Conseil europ\u00e9en, dans laquelle tous deux expriment l&rsquo;espoir de voir l&rsquo;accord approuv\u00e9 en janvier\u00a0\u00bb, a-t-il temp\u00e9r\u00e9.<\/p>\n<p class=\"ap-StoryElement ap-StoryElement--mb ap-StoryText\">L&rsquo;accord <a href=\"https:\/\/www.lalibre.be\/economie\/conjoncture\/2025\/12\/16\/le-parlement-europeen-adopte-des-garde-fous-pour-proteger-les-agriculteurs-confrontes-au-traite-ue-mercosur-RIIPXWC3LJFKJNDDMLWFC5FEBM\/\" target=\"_self\" rel=\"noopener\">UE-Mercosur<\/a> permettrait aux europ\u00e9ens d&rsquo;exporter davantage de v\u00e9hicules, machines, vins et spiritueux en Am\u00e9rique du Sud.<\/p>\n<p class=\"ap-StoryElement ap-StoryElement--mb ap-StoryText\">Dans le sens inverse, il faciliterait l&rsquo;entr\u00e9e en Europe de viande, sucre, riz, miel et soja sud-am\u00e9ricains, ce qui alarme les fili\u00e8res concern\u00e9es.<\/p>\n<p><a href=\"https:\/\/www.lalibre.be\/economie\/entreprises-startup\/2025\/12\/18\/la-deferlante-de-leurope-agricole-contre-laccord-mercosur-on-produit-de-la-qualite-et-on-va-importer-de-la-m-CJENV7USQFAAZIBKZFSDMUSHWA\/\" target=\"_self\" class=\"ap-StoryInterstitialLink ap-StoryElement ap-StoryElement--mb\" rel=\"noopener\">La d\u00e9ferlante de l&rsquo;Europe agricole contre l&rsquo;accord Mercosur : \u00ab\u00a0On produit de la qualit\u00e9 et on va importer de la m\u2026\u00a0\u00bb<\/a><\/p>\n","protected":false},"excerpt":{"rendered":"\u00ab\u00a0Sans volont\u00e9 politique et sans courage de la part des dirigeants, ce ne sera pas possible de conclure&hellip;\n","protected":false},"author":2,"featured_media":611890,"comment_status":"","ping_status":"","sticky":false,"template":"","format":"standard","meta":{"footnotes":""},"categories":[1586],"tags":[743,11,2548,215,312,1777,674,1779,1011,27,19363,21426,12,25,1778,364],"class_list":{"0":"post-611889","1":"post","2":"type-post","3":"status-publish","4":"format-standard","5":"has-post-thumbnail","7":"category-europe","8":"tag-accord","9":"tag-actualites","10":"tag-bresil","11":"tag-commerce","12":"tag-diplomatie","13":"tag-eu","14":"tag-europe","15":"tag-european-union","16":"tag-fr","17":"tag-france","18":"tag-lula","19":"tag-mercosur","20":"tag-news","21":"tag-republique-francaise","22":"tag-ue","23":"tag-union-europeenne"},"share_on_mastodon":{"url":"https:\/\/pubeurope.com\/@fr\/115752476572653121","error":""},"_links":{"self":[{"href":"https:\/\/www.europesays.com\/fr\/wp-json\/wp\/v2\/posts\/611889","targetHints":{"allow":["GET"]}}],"collection":[{"href":"https:\/\/www.europesays.com\/fr\/wp-json\/wp\/v2\/posts"}],"about":[{"href":"https:\/\/www.europesays.com\/fr\/wp-json\/wp\/v2\/types\/post"}],"author":[{"embeddable":true,"href":"https:\/\/www.europesays.com\/fr\/wp-json\/wp\/v2\/users\/2"}],"replies":[{"embeddable":true,"href":"https:\/\/www.europesays.com\/fr\/wp-json\/wp\/v2\/comments?post=611889"}],"version-history":[{"count":0,"href":"https:\/\/www.europesays.com\/fr\/wp-json\/wp\/v2\/posts\/611889\/revisions"}],"wp:featuredmedia":[{"embeddable":true,"href":"https:\/\/www.europesays.com\/fr\/wp-json\/wp\/v2\/media\/611890"}],"wp:attachment":[{"href":"https:\/\/www.europesays.com\/fr\/wp-json\/wp\/v2\/media?parent=611889"}],"wp:term":[{"taxonomy":"category","embeddable":true,"href":"https:\/\/www.europesays.com\/fr\/wp-json\/wp\/v2\/categories?post=611889"},{"taxonomy":"post_tag","embeddable":true,"href":"https:\/\/www.europesays.com\/fr\/wp-json\/wp\/v2\/tags?post=611889"}],"curies":[{"name":"wp","href":"https:\/\/api.w.org\/{rel}","templated":true}]}}