{"id":611897,"date":"2025-12-20T15:00:27","date_gmt":"2025-12-20T15:00:27","guid":{"rendered":"https:\/\/www.europesays.com\/fr\/611897\/"},"modified":"2025-12-20T15:00:27","modified_gmt":"2025-12-20T15:00:27","slug":"volley-ball-larago-de-sete-peut-accueillir-tours-avec-une-serenite-retrouvee","status":"publish","type":"post","link":"https:\/\/www.europesays.com\/fr\/611897\/","title":{"rendered":"Volley-ball\u00a0: l\u2019Arago de S\u00e8te peut accueillir Tours avec une s\u00e9r\u00e9nit\u00e9 retrouv\u00e9e"},"content":{"rendered":"<p>\n                                                                Sur trois victoires de rang, les S\u00e9tois sont face \u00e0 un beau challenge, ce dimanche 21\u00a0d\u00e9cembre \u00e0 17\u00a0h.\n                            <\/p>\n<p>Rien de tel pour les supporters, \u00e0 quelques jours de No\u00ebl, d\u2019avoir une affiche de haut de tableau en guise de cadeau. Ce dimanche, Tours va d\u00e9barquer au palais des sports de B\u00e9ziers, proposant ainsi une opposition entre le troisi\u00e8me et le quatri\u00e8me du classement.<\/p>\n<p>Un effectif sup\u00e9rieur<\/p>\n<p>Un adversaire qui, pour l\u2019instant, est au pied du podium mais dont les ambitions de conserver son titre de champion de France sont claires. \u00ab\u00a0C\u2019est, \u00e0 mon avis, la plus forte \u00e9quipe du championnat\u00a0\u00bb, confirme Fulvio Bertini. \u00ab\u00a0Sur le plan physique, ce sont les plus costauds. Ils ont deux \u201cpostes 4\u201d tr\u00e8s forts, le meilleur pointu du championnat, des centraux qui sont l\u00e0 depuis longtemps et qui ont une belle connexion avec un excellent passeur, et un lib\u00e9ro de qualit\u00e9 internationale. M\u00eame leur troisi\u00e8me central pourrait jouer dans n\u2019importe quel club en France.\u00a0\u00bb<\/p>\n<p>La m\u00eame recette<\/p>\n<p>Pour s\u2019y opposer, l\u2019Arago va devoir conserver et appliquer la m\u00eame recette que ces derni\u00e8res semaines. Patience, combativit\u00e9 et diversit\u00e9 seront n\u00e9cessaires pour r\u00e9sister \u00e0 une \u00e9quipe tourangelle qui n\u2019a conc\u00e9d\u00e9 que deux d\u00e9faites face aux deux premiers du classement, et un point face \u00e0 Poitiers et Saint-Nazaire. \u00ab\u00a0La chose la plus importante est de continuer \u00e0 prendre des points\u00a0\u00bb, poursuit le coach s\u00e9tois. \u00ab\u00a0Ce sera capital, contre eux, de rester toujours au contact. C\u2019est ce qu\u2019a r\u00e9ussi \u00e0 faire Saint-Nazaire. Si l\u2019\u00e9cart devient trop grand, c\u2019est trop compliqu\u00e9 contre une \u00e9quipe pareille.\u00a0\u00bb<\/p>\n<p>Pour ce match, Hugo De Leon fera son retour, mais depuis le banc pour maintenir la dynamique actuelle. \u00ab\u00a0Gardons le m\u00eame esprit, la m\u00eame attitude, c\u2019est le plus important. \u00c0 Ajaccio, par exemple, on est rest\u00e9s calmes dans les moments difficiles, c\u2019est ce qui nous a aid\u00e9s. C\u2019est un beau challenge, mais la pression est sur Tours. Nous devons juste jouer lib\u00e9r\u00e9s.\u00a0\u00bb<\/p>\n","protected":false},"excerpt":{"rendered":"Sur trois victoires de rang, les S\u00e9tois sont face \u00e0 un beau challenge, ce dimanche 21\u00a0d\u00e9cembre \u00e0 17\u00a0h.&hellip;\n","protected":false},"author":2,"featured_media":611898,"comment_status":"","ping_status":"","sticky":false,"template":"","format":"standard","meta":{"footnotes":""},"categories":[1417],"tags":[1011,27,7089,14042,517,60,1470,1632,1469],"class_list":{"0":"post-611897","1":"post","2":"type-post","3":"status-publish","4":"format-standard","5":"has-post-thumbnail","7":"category-volley","8":"tag-fr","9":"tag-france","10":"tag-herault","11":"tag-sete","12":"tag-sport","13":"tag-sports","14":"tag-volley","15":"tag-volley-ball","16":"tag-volleyball"},"share_on_mastodon":{"url":"https:\/\/pubeurope.com\/@fr\/115752496206024262","error":""},"_links":{"self":[{"href":"https:\/\/www.europesays.com\/fr\/wp-json\/wp\/v2\/posts\/611897","targetHints":{"allow":["GET"]}}],"collection":[{"href":"https:\/\/www.europesays.com\/fr\/wp-json\/wp\/v2\/posts"}],"about":[{"href":"https:\/\/www.europesays.com\/fr\/wp-json\/wp\/v2\/types\/post"}],"author":[{"embeddable":true,"href":"https:\/\/www.europesays.com\/fr\/wp-json\/wp\/v2\/users\/2"}],"replies":[{"embeddable":true,"href":"https:\/\/www.europesays.com\/fr\/wp-json\/wp\/v2\/comments?post=611897"}],"version-history":[{"count":0,"href":"https:\/\/www.europesays.com\/fr\/wp-json\/wp\/v2\/posts\/611897\/revisions"}],"wp:featuredmedia":[{"embeddable":true,"href":"https:\/\/www.europesays.com\/fr\/wp-json\/wp\/v2\/media\/611898"}],"wp:attachment":[{"href":"https:\/\/www.europesays.com\/fr\/wp-json\/wp\/v2\/media?parent=611897"}],"wp:term":[{"taxonomy":"category","embeddable":true,"href":"https:\/\/www.europesays.com\/fr\/wp-json\/wp\/v2\/categories?post=611897"},{"taxonomy":"post_tag","embeddable":true,"href":"https:\/\/www.europesays.com\/fr\/wp-json\/wp\/v2\/tags?post=611897"}],"curies":[{"name":"wp","href":"https:\/\/api.w.org\/{rel}","templated":true}]}}