{"id":611924,"date":"2025-12-20T15:20:41","date_gmt":"2025-12-20T15:20:41","guid":{"rendered":"https:\/\/www.europesays.com\/fr\/611924\/"},"modified":"2025-12-20T15:20:41","modified_gmt":"2025-12-20T15:20:41","slug":"sept-elephants-tues-dans-une-collision-avec-un-train","status":"publish","type":"post","link":"https:\/\/www.europesays.com\/fr\/611924\/","title":{"rendered":"Sept \u00e9l\u00e9phants tu\u00e9s dans une collision avec un train"},"content":{"rendered":"<p>Les passagers s\u2019en sont sortis indemnes. Un <a href=\"https:\/\/www.20minutes.fr\/dossier\/train\" class=\"c-link c-link--is-underlined\" target=\"_blank\" rel=\"noopener\">train <\/a>a percut\u00e9 un troupeau <a href=\"https:\/\/www.20minutes.fr\/dossier\/elephant\" class=\"c-link c-link--is-underlined\" target=\"_blank\" rel=\"noopener\">d\u2019\u00e9l\u00e9phants <\/a>dans le nord-est de <a href=\"https:\/\/www.20minutes.fr\/dossier\/inde\" class=\"c-link c-link--is-underlined\" target=\"_blank\" rel=\"noopener\">l\u2019Inde<\/a>, tuant sept animaux sur le coup, ont annonc\u00e9 des responsables locaux ce samedi. L\u2019accident est survenu dans l\u2019\u00c9tat d\u2019Assam, au nord-est indien, qui abrite plus de 4.000 des quelque 22.000 \u00e9l\u00e9phants sauvages que compte l\u2019Inde.<\/p>\n<p>Un haut responsable de la police de l\u2019Assam, Rakesh Reddy, a d\u00e9clar\u00e9 que sept pachydermes avaient \u00e9t\u00e9 tu\u00e9s et qu\u2019un avait \u00e9t\u00e9 bless\u00e9. Cinq wagons du train, qui se rendait \u00e0 New Delhi depuis l\u2019\u00c9tat recul\u00e9 du Mizoram, ont d\u00e9raill\u00e9.<\/p>\n<p>Plus de 600 morts par an<\/p>\n<p>Les autorit\u00e9s ont instaur\u00e9 des limitations de vitesse sur les itin\u00e9raires d\u00e9sign\u00e9s comme corridors pour \u00e9l\u00e9phants, mais cet accident s\u2019est produit en dehors de ces zones, a expliqu\u00e9 Kapinjal Kishore Sharma, porte-parole des chemins de fer indiens.<\/p>\n<\/p>\n<p>\u00ab\u00a0Le conducteur de la locomotive, en apercevant le troupeau d\u2019\u00e9l\u00e9phants, a actionn\u00e9 le frein d\u2019urgence. Mais cela n\u2019a pas emp\u00each\u00e9 les \u00e9l\u00e9phants d\u2019entrer en collision avec le train\u00a0\u00bb, a-t-il d\u00e9clar\u00e9.<\/p>\n<p>La d\u00e9forestation et les chantiers \u00e0 proximit\u00e9 de leurs habitats obligent les \u00e9l\u00e9phants \u00e0 s\u2019aventurer plus loin pour chercher de la nourriture, ce qui les contraint de plus en plus souvent \u00e0 se confronter avec les humains. Selon des chiffres parlementaires, 629 personnes ont \u00e9t\u00e9 tu\u00e9es par des \u00e9l\u00e9phants \u00e0 travers l\u2019Inde en\u00a02023 et\u00a02024.<\/p>\n","protected":false},"excerpt":{"rendered":"Les passagers s\u2019en sont sortis indemnes. Un train a percut\u00e9 un troupeau d\u2019\u00e9l\u00e9phants dans le nord-est de l\u2019Inde,&hellip;\n","protected":false},"author":2,"featured_media":611925,"comment_status":"","ping_status":"","sticky":false,"template":"","format":"standard","meta":{"footnotes":""},"categories":[5],"tags":[119,47,11,1867,5777,1011,27,5595,14,74,12,926,28],"class_list":{"0":"post-611924","1":"post","2":"type-post","3":"status-publish","4":"format-standard","5":"has-post-thumbnail","7":"category-international","8":"tag-accident","9":"tag-actualite","10":"tag-actualites","11":"tag-animaux","12":"tag-elephant","13":"tag-fr","14":"tag-france","15":"tag-inde","16":"tag-international","17":"tag-monde","18":"tag-news","19":"tag-train","20":"tag-world"},"share_on_mastodon":{"url":"https:\/\/pubeurope.com\/@fr\/115752574987864708","error":""},"_links":{"self":[{"href":"https:\/\/www.europesays.com\/fr\/wp-json\/wp\/v2\/posts\/611924","targetHints":{"allow":["GET"]}}],"collection":[{"href":"https:\/\/www.europesays.com\/fr\/wp-json\/wp\/v2\/posts"}],"about":[{"href":"https:\/\/www.europesays.com\/fr\/wp-json\/wp\/v2\/types\/post"}],"author":[{"embeddable":true,"href":"https:\/\/www.europesays.com\/fr\/wp-json\/wp\/v2\/users\/2"}],"replies":[{"embeddable":true,"href":"https:\/\/www.europesays.com\/fr\/wp-json\/wp\/v2\/comments?post=611924"}],"version-history":[{"count":0,"href":"https:\/\/www.europesays.com\/fr\/wp-json\/wp\/v2\/posts\/611924\/revisions"}],"wp:featuredmedia":[{"embeddable":true,"href":"https:\/\/www.europesays.com\/fr\/wp-json\/wp\/v2\/media\/611925"}],"wp:attachment":[{"href":"https:\/\/www.europesays.com\/fr\/wp-json\/wp\/v2\/media?parent=611924"}],"wp:term":[{"taxonomy":"category","embeddable":true,"href":"https:\/\/www.europesays.com\/fr\/wp-json\/wp\/v2\/categories?post=611924"},{"taxonomy":"post_tag","embeddable":true,"href":"https:\/\/www.europesays.com\/fr\/wp-json\/wp\/v2\/tags?post=611924"}],"curies":[{"name":"wp","href":"https:\/\/api.w.org\/{rel}","templated":true}]}}