{"id":61193,"date":"2025-04-29T07:05:33","date_gmt":"2025-04-29T07:05:33","guid":{"rendered":"https:\/\/www.europesays.com\/fr\/61193\/"},"modified":"2025-04-29T07:05:33","modified_gmt":"2025-04-29T07:05:33","slug":"on-a-vu-le-premier-episode-de-la-serie-avec-gwendoline-hamon-fauve-hautot-et-benjamin-baroche-adaptee-du-best-seller-de-michel-bussi-notre-avis","status":"publish","type":"post","link":"https:\/\/www.europesays.com\/fr\/61193\/","title":{"rendered":"On a vu le premier \u00e9pisode de la s\u00e9rie avec Gwendoline Hamon, Fauve Hautot et Benjamin Baroche adapt\u00e9e du best-seller de Michel Bussi, notre avis"},"content":{"rendered":"<p>Le festival Canneseries projetait le premier \u00e9pisode de Rien ne t&rsquo;efface, l&rsquo;adaptation du roman de Michel Bussi avec Gwendoline Hamon, Fauve Hautot et Benjamin Baroche. Notre avis. <\/p>\n<p>\u00ab\u00a0Quoi que je fasse. O\u00f9 que je sois. Rien ne t&rsquo;efface. Je pense \u00e0 toi\u00a0\u00bb&#8230; Le refrain de la chanson de Jean-Jacques Goldman colle parfaitement au roman Rien ne t&rsquo;efface de Michel Bussi \u00e9dit\u00e9 au Presse de la Cit\u00e9 et vendu \u00e0 plus de 500 000 exemplaires en France. Six ans apr\u00e8s avoir adapt\u00e9<a href=\"https:\/\/www.programme-tv.net\/news\/series-tv\/213832-le-temps-est-assassin-date-casting-intrigues-tout-savoir-sur-la-nouvelle-serie-de-tf1\/\" data-api-deeplink=\"teleloisirs:\/\/news\/213832\" target=\"_blank\" rel=\"noopener\"> Le Temps est assassin,<\/a> un autre roman \u00e0 succ\u00e8s de l&rsquo;auteur normand, <b>TF1 diffusera prochainement l&rsquo;adaptation de <\/b><b>Rien ne t&rsquo;efface<\/b>, publi\u00e9 en 2021. La r\u00e9alisation a \u00e9t\u00e9 confi\u00e9e \u00e0 J\u00e9r\u00f4me Cornuau \u00e0 qui l&rsquo;on doit <a href=\"https:\/\/www.programme-tv.net\/news\/series-tv\/70991-barbara-schulz-le-mystere-du-lac-sur-tf1-la-france-m-enervait-video\/\" data-api-deeplink=\"teleloisirs:\/\/news\/70991\" target=\"_blank\" rel=\"noopener\">Le Myst\u00e8re du lac,<\/a> <a href=\"https:\/\/www.programme-tv.net\/news\/series-tv\/165215-julie-de-bona-le-tueur-du-lac-est-une-toute-nouvelle-mini-serie-apres-le-mystere-du-lac-video\/\" data-api-deeplink=\"teleloisirs:\/\/news\/165215\" target=\"_blank\" rel=\"noopener\">Le Tueur du lac <\/a>et <a href=\"https:\/\/www.programme-tv.net\/news\/series-tv\/235157-peur-sur-le-lac-tf1-date-intrigues-acteurs-tout-savoir-sur-la-suite-du-tueur-du-lac\/\" data-api-deeplink=\"teleloisirs:\/\/news\/235157\" target=\"_blank\" rel=\"noopener\">Peur sur le lac <\/a>sur TF1, et plus r\u00e9cemment le t\u00e9l\u00e9film <a href=\"https:\/\/www.programme-tv.net\/news\/series-tv\/335633-respire-lhistoire-vraie-de-tessae-qui-a-inspire-le-telefilm-diffuse-ce-mardi-12-septembre-sur-m6\/\" data-api-deeplink=\"teleloisirs:\/\/news\/335633\" target=\"_blank\" rel=\"noopener\">Respire sur M6<\/a>. L&rsquo;\u00e9criture de la nouvelle s\u00e9rie de TF1 a \u00e9t\u00e9 confi\u00e9e \u00e0 Anne Rambach, Marine Rambach et Patrick Renault avec la participation de Michel Bussi. Le premier \u00e9pisode \u00e9tait projet\u00e9 lors du festival Canneseries.<\/p>\n<p>Rien ne t&rsquo;efface : De quoi parle la s\u00e9rie avec Gwendoline Hamon, Fauve Hautot et Benjamin Baroche ?<\/p>\n<p>Dix ans apr\u00e8s la mort tragique de son fils Esteban, Maddi rencontre Tom, un jeune gar\u00e7on qui lui ressemble \u00e9trangement. Intrigu\u00e9e, elle d\u00e9m\u00e9nage de son Pays Basque natal pour se rapprocher de l&rsquo;enfant en Auvergne. Elle d\u00e9couvre rapidement qu\u2019en plus de la ressemblance physique, Tom a des r\u00e9miniscences et visions de souvenirs d\u2019Esteban. Quand une s\u00e9rie de meurtres secoue la paisible r\u00e9gion, Maddi ne peut s\u2019emp\u00eacher de se demander : ces \u00e9v\u00e9nements sont-ils li\u00e9s \u00e0 la mort de son fils ? Qui est vraiment Tom et quel est son lien avec Esteban ?<\/p>\n<p>                        Rien ne t&rsquo;efface : Fauve Hautot au top dans l&rsquo;adaptation de Michel Bussi<\/p>\n<p>C&rsquo;est <a href=\"https:\/\/www.programme-tv.net\/news\/series-tv\/372505-cassandre-et-roche-sont-toujours-rattrapes-par-leur-attirance-gwendoline-hamon-se-confie-sur-l-amitie-entre-leurs-personnages\/\" data-api-deeplink=\"teleloisirs:\/\/news\/372505\" target=\"_blank\" rel=\"noopener\">Gwendoline Hamon, la star de Cassandre<\/a> qui tient le r\u00f4le de Maddi. On retrouve aussi <a href=\"https:\/\/www.programme-tv.net\/news\/series-tv\/362345-ici-tout-commence-on-connait-enfin-la-date-du-retour-de-benjamin-baroche-emmanuel-teyssier-dans-la-serie\/\" data-api-deeplink=\"teleloisirs:\/\/news\/362345\" target=\"_blank\" rel=\"noopener\">Benjamin Baroche &#8211; absent d&rsquo;Ici tout commence pour l&rsquo;occasion &#8211; <\/a>ainsi que Samy Gharbi, qui s&rsquo;\u00e9tait absent\u00e9 aussi de Demain nous appartient pendant ce tournage. Ce premier \u00e9pisode pose les bases de cette histoire qui peut paraitre invraisemblabe sur le papier. Apr\u00e8s un d\u00e9but un peu lent, tout s&rsquo;acc\u00e9l\u00e8re quand Maddi quitte le Pays Basque pour l&rsquo;Auvergne. <b>Notre coup de coeur revient \u00e0 Fauve Hautot<\/b> (<a href=\"https:\/\/www.programme-tv.net\/news\/tv\/377711-fauve-hautot-danse-avec-les-stars-reagit-a-la-victoire-de-lenie-et-jordan-mouillerac-le-travail-et-la-gentillesse-ca-paye\/\" data-api-deeplink=\"teleloisirs:\/\/news\/377711\" target=\"_blank\" rel=\"noopener\">qui vient de r\u00e9agir \u00e0 la victoire de L\u00e9nie dans Danse avec le stars<\/a>). Son duo avec Bruno Debrandt fonctionne \u00e0 merveille et fait le sel de cette s\u00e9rie de six \u00e9pisodes de 52 minutes, que l&rsquo;on d\u00e9couvrira tr\u00e8s prochainement sur TF1.<\/p>\n","protected":false},"excerpt":{"rendered":"Le festival Canneseries projetait le premier \u00e9pisode de Rien ne t&rsquo;efface, l&rsquo;adaptation du roman de Michel Bussi avec&hellip;\n","protected":false},"author":2,"featured_media":61194,"comment_status":"","ping_status":"","sticky":false,"template":"","format":"standard","meta":{"footnotes":""},"categories":[1356],"tags":[1727,244,58,59,4828,15893,1011,27,15894,252,199,1364],"class_list":{"0":"post-61193","1":"post","2":"type-post","3":"status-publish","4":"format-standard","5":"has-post-thumbnail","7":"category-television","8":"tag-benjamin-baroche","9":"tag-commentaire","10":"tag-divertissement","11":"tag-entertainment","12":"tag-fauve-hautot","13":"tag-festival-canneseries","14":"tag-fr","15":"tag-france","16":"tag-michel-bussi","17":"tag-television","18":"tag-tf1","19":"tag-tv"},"share_on_mastodon":{"url":"https:\/\/pubeurope.com\/@fr\/114419985618314693","error":""},"_links":{"self":[{"href":"https:\/\/www.europesays.com\/fr\/wp-json\/wp\/v2\/posts\/61193","targetHints":{"allow":["GET"]}}],"collection":[{"href":"https:\/\/www.europesays.com\/fr\/wp-json\/wp\/v2\/posts"}],"about":[{"href":"https:\/\/www.europesays.com\/fr\/wp-json\/wp\/v2\/types\/post"}],"author":[{"embeddable":true,"href":"https:\/\/www.europesays.com\/fr\/wp-json\/wp\/v2\/users\/2"}],"replies":[{"embeddable":true,"href":"https:\/\/www.europesays.com\/fr\/wp-json\/wp\/v2\/comments?post=61193"}],"version-history":[{"count":0,"href":"https:\/\/www.europesays.com\/fr\/wp-json\/wp\/v2\/posts\/61193\/revisions"}],"wp:featuredmedia":[{"embeddable":true,"href":"https:\/\/www.europesays.com\/fr\/wp-json\/wp\/v2\/media\/61194"}],"wp:attachment":[{"href":"https:\/\/www.europesays.com\/fr\/wp-json\/wp\/v2\/media?parent=61193"}],"wp:term":[{"taxonomy":"category","embeddable":true,"href":"https:\/\/www.europesays.com\/fr\/wp-json\/wp\/v2\/categories?post=61193"},{"taxonomy":"post_tag","embeddable":true,"href":"https:\/\/www.europesays.com\/fr\/wp-json\/wp\/v2\/tags?post=61193"}],"curies":[{"name":"wp","href":"https:\/\/api.w.org\/{rel}","templated":true}]}}