{"id":611932,"date":"2025-12-20T15:27:19","date_gmt":"2025-12-20T15:27:19","guid":{"rendered":"https:\/\/www.europesays.com\/fr\/611932\/"},"modified":"2025-12-20T15:27:19","modified_gmt":"2025-12-20T15:27:19","slug":"espoirs-elite-la-jda-dijon-domine-nancy-au-palais-des-sports","status":"publish","type":"post","link":"https:\/\/www.europesays.com\/fr\/611932\/","title":{"rendered":"Espoirs \u00c9lite. La JDA Dijon domine Nancy au palais des Sports"},"content":{"rendered":"<p>Vainqueurs \u00e0 Saint-Quentin la semaine pass\u00e9e (66-76), les Espoirs de la JDA Dijon ont fait respecter la hi\u00e9rarchie contre Nancy ce samedi (85-68), bien port\u00e9s par un Karl Zamatta de gala (17 points, 11 rebonds, 31 d\u2019\u00e9valuation).<\/p>\n<p>Les joueurs d\u2019\u00c9lise Prodhomme terminent bien leur ann\u00e9e 2025 avec cette 11e victoire en 14 matches de championnat (deux matches d\u2019avance) et une solide 3e place. Reprise le 10\u00a0janvier prochain contre Nanterre (14 heures, palais des Sports).<\/p>\n<p>  JDA DIJON &#8211; NANCY\u00a0: 85-68<\/p>\n<p><strong>\u00c0 Dijon (palais des Sports). &#8211; JDA Dijon b. Nancy\u00a0: 85-68 (18-13, 23-19, 22-20, 22-16).<\/strong><\/p>\n<p><strong>Les marqueurs dijonnais\u00a0:<\/strong> Dadeke 10, Vergiat 8, Zamatta 17, Yonzima 2, Meit\u00e9 9, Monroc-Omiscar 2, Noto la Diega 7, Hebequet 3, Audry 11, Muamba 10, Hottelard 6.<\/p>\n","protected":false},"excerpt":{"rendered":"Vainqueurs \u00e0 Saint-Quentin la semaine pass\u00e9e (66-76), les Espoirs de la JDA Dijon ont fait respecter la hi\u00e9rarchie&hellip;\n","protected":false},"author":2,"featured_media":611933,"comment_status":"","ping_status":"","sticky":false,"template":"","format":"standard","meta":{"footnotes":""},"categories":[9635],"tags":[1111,11,1791,2930,8587,8588,1777,674,107,1011,27,775,1702,12,25,517],"class_list":{"0":"post-611932","1":"post","2":"type-post","3":"status-publish","4":"format-standard","5":"has-post-thumbnail","7":"category-nancy","8":"tag-actu","9":"tag-actualites","10":"tag-basket-ball","11":"tag-dijon","12":"tag-dijon-ville","13":"tag-edition-dijon-et-son-agglomeration","14":"tag-eu","15":"tag-europe","16":"tag-fil-info","17":"tag-fr","18":"tag-france","19":"tag-grand-est","20":"tag-nancy","21":"tag-news","22":"tag-republique-francaise","23":"tag-sport"},"share_on_mastodon":{"url":"https:\/\/pubeurope.com\/@fr\/115752602367470113","error":""},"_links":{"self":[{"href":"https:\/\/www.europesays.com\/fr\/wp-json\/wp\/v2\/posts\/611932","targetHints":{"allow":["GET"]}}],"collection":[{"href":"https:\/\/www.europesays.com\/fr\/wp-json\/wp\/v2\/posts"}],"about":[{"href":"https:\/\/www.europesays.com\/fr\/wp-json\/wp\/v2\/types\/post"}],"author":[{"embeddable":true,"href":"https:\/\/www.europesays.com\/fr\/wp-json\/wp\/v2\/users\/2"}],"replies":[{"embeddable":true,"href":"https:\/\/www.europesays.com\/fr\/wp-json\/wp\/v2\/comments?post=611932"}],"version-history":[{"count":0,"href":"https:\/\/www.europesays.com\/fr\/wp-json\/wp\/v2\/posts\/611932\/revisions"}],"wp:featuredmedia":[{"embeddable":true,"href":"https:\/\/www.europesays.com\/fr\/wp-json\/wp\/v2\/media\/611933"}],"wp:attachment":[{"href":"https:\/\/www.europesays.com\/fr\/wp-json\/wp\/v2\/media?parent=611932"}],"wp:term":[{"taxonomy":"category","embeddable":true,"href":"https:\/\/www.europesays.com\/fr\/wp-json\/wp\/v2\/categories?post=611932"},{"taxonomy":"post_tag","embeddable":true,"href":"https:\/\/www.europesays.com\/fr\/wp-json\/wp\/v2\/tags?post=611932"}],"curies":[{"name":"wp","href":"https:\/\/api.w.org\/{rel}","templated":true}]}}