{"id":611939,"date":"2025-12-20T15:34:12","date_gmt":"2025-12-20T15:34:12","guid":{"rendered":"https:\/\/www.europesays.com\/fr\/611939\/"},"modified":"2025-12-20T15:34:12","modified_gmt":"2025-12-20T15:34:12","slug":"pres-de-rouen-ce-restaurant-organise-son-traditionnel-reveillon-de-noel-gratuit-et-solidaire","status":"publish","type":"post","link":"https:\/\/www.europesays.com\/fr\/611939\/","title":{"rendered":"Pr\u00e8s de Rouen, ce restaurant organise son traditionnel r\u00e9veillon de No\u00ebl gratuit et solidaire"},"content":{"rendered":"<p>                    Par<br \/>\n        <strong><br \/>\n            <a href=\"https:\/\/actu.fr\/auteur\/laredaction\" title=\"Consulter tous les articles de R\u00e9daction Normandie\" target=\"_blank\" rel=\"noopener\">R\u00e9daction Normandie<\/a><br \/>\n                    <\/strong><\/p>\n<p>        Publi\u00e9 le<\/p>\n<p>            20 d\u00e9c. 2025 \u00e0 15h44        <\/p>\n<p>Au fil des ann\u00e9es, le geste pourrait para\u00eetre banal, mais non, <a href=\"https:\/\/actu.fr\/normandie\/le-mesnil-esnard_76429\/au-mesnil-esnard-le-ryad-organise-son-traditionnel-reveillon-solidaire-et-gratuit-pour-unir-tout-le-monde_61986429.html\" target=\"_blank\" rel=\"noopener\">le No\u00ebl solidaire du restaurant Le Ryad<\/a> reste unique <strong>sur le Plateau Est et m\u00eame sur la M\u00e9tropole Rouen Normandie<\/strong>. D\u00e8s l\u2019ouverture de leur \u00e9tablissement, en 2014, les associ\u00e9s Mohamed Sid Admed et Tahar Laoudi ont en effet choisi de soutenir \u00ab ceux qui sont seuls, sans ressources ou encore de service comme les sapeurs-pompiers, les gendarmes, les routiers, etc \u00bb.<\/p>\n<p>Un r\u00e9veillon gratuit o\u00f9 tout le monde est bienvenu<\/p>\n<p class=\" wall-content\">Et ils pr\u00e9cisent que tout le monde est le bienvenu pour \u00ab partager un moment convivial, <strong>dans le respect des coutumes universelles<\/strong>. C\u2019est toujours important de se retrouver lors de ces f\u00eates, surtout face \u00e0 une actualit\u00e9 plut\u00f4t tendue \u00bb.<\/p>\n<p class=\" wall-content\">Mercredi 24 d\u00e9cembre \u00e0 partir de 19 h, tous les convives pourront donc d\u00e9guster gratuitement le Couscous quatre viandes, r\u00e9put\u00e9 sur la place, dans une ambiance musicale garantie et avec les apparitions d\u2019une danseuse orientale.<\/p>\n<p>Des cadeaux pour les enfants au pied du sapin<\/p>\n<p class=\" wall-content\">\u00ab Cette soir\u00e9e est aussi possible gr\u00e2ce \u00e0 nos fournisseurs dont GAP, la Boucherie de Maromme, Normandie Avicole, etc \u00bb, pr\u00e9cisent les deux associ\u00e9s, qui indiquent que, comme chaque ann\u00e9e, les enfants trouveront sous le sapin <strong>des cadeaux offerts par la soci\u00e9t\u00e9 Thales<\/strong> \u00e0 Ymare et par des donateurs priv\u00e9s.<\/p>\n<p class=\" wall-content\">\u00ab Les personnes qui voudraient venir, mais qui ont des probl\u00e8mes de transport, peuvent nous contacter \u00bb, pr\u00e9viennent Mohamed Sid Admed et Tahar Laoudi, qui ajoutent que \u00ab si quelques mains veulent nous aider, elles seront les bienvenues \u00bb.<\/p>\n<p>R\u00e9veillon solidaire, mercredi 24\u00a0d\u00e9cembre, \u00e0 partir de 19 h, au Ryad du Mesnil, 2 route de Paris, au Mesnil-Esnard. T\u00e9l : 02 35 02 74 76. Il est conseill\u00e9 de r\u00e9server, mais vous serez tout de m\u00eame accueilli si vous d\u00e9cidez de venir au dernier moment.\u00a0<\/p>\n<p class=\" wall-content\">Personnalisez votre actualit\u00e9 en ajoutant vos villes et m\u00e9dias en favori avec <a href=\"https:\/\/moncompte.actu.fr\" title=\"D\u00e9couvez Mon Actu\" rel=\"nofollow noopener\" data-trk=\"{&quot;cta&quot;:{&quot;action&quot;:&quot;https:\\\/\\\/moncompte.actu.fr&quot;,&quot;category&quot;:&quot;mon compte&quot;,&quot;from&quot;:&quot;article footer&quot;,&quot;name&quot;:&quot;Mon actu&quot;,&quot;type&quot;:&quot;cta&quot;}}\" target=\"_blank\">Mon Actu<\/a>.<\/p>\n","protected":false},"excerpt":{"rendered":"Par R\u00e9daction Normandie Publi\u00e9 le 20 d\u00e9c. 2025 \u00e0 15h44 Au fil des ann\u00e9es, le geste pourrait para\u00eetre&hellip;\n","protected":false},"author":2,"featured_media":611940,"comment_status":"","ping_status":"","sticky":false,"template":"","format":"standard","meta":{"footnotes":""},"categories":[9587],"tags":[1111,11,1777,674,1011,27,1652,12,15830,5161,25,1340,9590,3400],"class_list":{"0":"post-611939","1":"post","2":"type-post","3":"status-publish","4":"format-standard","5":"has-post-thumbnail","7":"category-rouen","8":"tag-actu","9":"tag-actualites","10":"tag-eu","11":"tag-europe","12":"tag-fr","13":"tag-france","14":"tag-loisirs-culture","15":"tag-news","16":"tag-noel","17":"tag-normandie","18":"tag-republique-francaise","19":"tag-restaurant","20":"tag-rouen","21":"tag-solidarite"},"share_on_mastodon":{"url":"https:\/\/pubeurope.com\/@fr\/115752630087059807","error":""},"_links":{"self":[{"href":"https:\/\/www.europesays.com\/fr\/wp-json\/wp\/v2\/posts\/611939","targetHints":{"allow":["GET"]}}],"collection":[{"href":"https:\/\/www.europesays.com\/fr\/wp-json\/wp\/v2\/posts"}],"about":[{"href":"https:\/\/www.europesays.com\/fr\/wp-json\/wp\/v2\/types\/post"}],"author":[{"embeddable":true,"href":"https:\/\/www.europesays.com\/fr\/wp-json\/wp\/v2\/users\/2"}],"replies":[{"embeddable":true,"href":"https:\/\/www.europesays.com\/fr\/wp-json\/wp\/v2\/comments?post=611939"}],"version-history":[{"count":0,"href":"https:\/\/www.europesays.com\/fr\/wp-json\/wp\/v2\/posts\/611939\/revisions"}],"wp:featuredmedia":[{"embeddable":true,"href":"https:\/\/www.europesays.com\/fr\/wp-json\/wp\/v2\/media\/611940"}],"wp:attachment":[{"href":"https:\/\/www.europesays.com\/fr\/wp-json\/wp\/v2\/media?parent=611939"}],"wp:term":[{"taxonomy":"category","embeddable":true,"href":"https:\/\/www.europesays.com\/fr\/wp-json\/wp\/v2\/categories?post=611939"},{"taxonomy":"post_tag","embeddable":true,"href":"https:\/\/www.europesays.com\/fr\/wp-json\/wp\/v2\/tags?post=611939"}],"curies":[{"name":"wp","href":"https:\/\/api.w.org\/{rel}","templated":true}]}}