{"id":611941,"date":"2025-12-20T15:35:19","date_gmt":"2025-12-20T15:35:19","guid":{"rendered":"https:\/\/www.europesays.com\/fr\/611941\/"},"modified":"2025-12-20T15:35:19","modified_gmt":"2025-12-20T15:35:19","slug":"le-juge-des-referes-valide-la-decision-du-prefet","status":"publish","type":"post","link":"https:\/\/www.europesays.com\/fr\/611941\/","title":{"rendered":"le juge des r\u00e9f\u00e9r\u00e9s valide la d\u00e9cision du pr\u00e9fet"},"content":{"rendered":"<p>\t\t\t\t\t La fermeture du So Club, s\u2019appuie sur l\u2019article L.3332-15 du code de la sant\u00e9 publique, qui autorise le pr\u00e9fet \u00e0 fermer un \u00e9tablissement en cas d\u2019atteinte \u00e0 l\u2019ordre public, \u00e0 la sant\u00e9 ou \u00e0 la s\u00e9curit\u00e9, d\u00e8s lors que ces faits sont li\u00e9s \u00e0 la fr\u00e9quentation ou aux conditions d\u2019exploitation des lieux, rappelle le tribunal administratif dans un communiqu\u00e9 publi\u00e9 ce samedi matin. <\/p>\n<p>En l\u2019esp\u00e8ce, les services de police avaient d\u00e9couvert, fin septembre 2025 vers 5h20, une mineure en \u00e9tat d\u2019ivresse manifeste sur le parking de la discoth\u00e8que. La jeune fille avait indiqu\u00e9 avoir consomm\u00e9 de la vodka \u00e0 l\u2019int\u00e9rieur de l\u2019\u00e9tablissement \u00a0(elle avait un taux d&rsquo;alcool\u00e9mie de 1,12g\/l lors de sa prise en charge par le SAMU \u00e0 8 heures)\u00a0et d\u00e9clar\u00e9 avoir \u00e9t\u00e9 victime d\u2019un viol. Des faits que l\u2019exploitant contestait, sans toutefois convaincre le juge. <\/p>\n<p>Le tribunal souligne notamment que les \u00e9l\u00e9ments produits pour remettre en cause la mat\u00e9rialit\u00e9 des faits ne suffisent pas, au regard d\u2019autres d\u00e9clarations recueillies par la police en novembre 2025, dans le cadre d\u2019une enqu\u00eate pour subornation de t\u00e9moin.\n\t\t\t\t <\/p>\n","protected":false},"excerpt":{"rendered":"La fermeture du So Club, s\u2019appuie sur l\u2019article L.3332-15 du code de la sant\u00e9 publique, qui autorise le&hellip;\n","protected":false},"author":2,"featured_media":611942,"comment_status":"","ping_status":"","sticky":false,"template":"","format":"standard","meta":{"footnotes":""},"categories":[9587],"tags":[1111,11,1067,1777,674,118,1011,27,12,5161,1072,14583,39610,25,9590,5163,72307,15051],"class_list":{"0":"post-611941","1":"post","2":"type-post","3":"status-publish","4":"format-standard","5":"has-post-thumbnail","7":"category-rouen","8":"tag-actu","9":"tag-actualites","10":"tag-enquete","11":"tag-eu","12":"tag-europe","13":"tag-faits-divers","14":"tag-fr","15":"tag-france","16":"tag-news","17":"tag-normandie","18":"tag-police","19":"tag-prefet","20":"tag-refere","21":"tag-republique-francaise","22":"tag-rouen","23":"tag-seine-maritime","24":"tag-so-club","25":"tag-tribunal-administratif"},"share_on_mastodon":{"url":"https:\/\/pubeurope.com\/@fr\/115752634214769743","error":""},"_links":{"self":[{"href":"https:\/\/www.europesays.com\/fr\/wp-json\/wp\/v2\/posts\/611941","targetHints":{"allow":["GET"]}}],"collection":[{"href":"https:\/\/www.europesays.com\/fr\/wp-json\/wp\/v2\/posts"}],"about":[{"href":"https:\/\/www.europesays.com\/fr\/wp-json\/wp\/v2\/types\/post"}],"author":[{"embeddable":true,"href":"https:\/\/www.europesays.com\/fr\/wp-json\/wp\/v2\/users\/2"}],"replies":[{"embeddable":true,"href":"https:\/\/www.europesays.com\/fr\/wp-json\/wp\/v2\/comments?post=611941"}],"version-history":[{"count":0,"href":"https:\/\/www.europesays.com\/fr\/wp-json\/wp\/v2\/posts\/611941\/revisions"}],"wp:featuredmedia":[{"embeddable":true,"href":"https:\/\/www.europesays.com\/fr\/wp-json\/wp\/v2\/media\/611942"}],"wp:attachment":[{"href":"https:\/\/www.europesays.com\/fr\/wp-json\/wp\/v2\/media?parent=611941"}],"wp:term":[{"taxonomy":"category","embeddable":true,"href":"https:\/\/www.europesays.com\/fr\/wp-json\/wp\/v2\/categories?post=611941"},{"taxonomy":"post_tag","embeddable":true,"href":"https:\/\/www.europesays.com\/fr\/wp-json\/wp\/v2\/tags?post=611941"}],"curies":[{"name":"wp","href":"https:\/\/api.w.org\/{rel}","templated":true}]}}