{"id":61195,"date":"2025-04-29T07:06:07","date_gmt":"2025-04-29T07:06:07","guid":{"rendered":"https:\/\/www.europesays.com\/fr\/61195\/"},"modified":"2025-04-29T07:06:07","modified_gmt":"2025-04-29T07:06:07","slug":"des-triples-patrick-bruel-jolie-photo-publiee-sur-instagram","status":"publish","type":"post","link":"https:\/\/www.europesays.com\/fr\/61195\/","title":{"rendered":"\u00ab\u00a0Des tripl\u00e9s !\u00a0\u00bb : Patrick Bruel, jolie photo publi\u00e9e sur Instagram"},"content":{"rendered":"<p>Quand on parle de <a href=\"https:\/\/www.public.fr\/tag\/patrick-bruel\" target=\"_blank\" rel=\"noopener\">Patrick Bruel<\/a>, difficile de choisir par o\u00f9 commencer. Chanteur culte pour toute une g\u00e9n\u00e9ration avec des tubes comme Casser la voix, Place des grands hommes, Qui a le droit ou Alors regarde, l&rsquo;artiste ne s&rsquo;est jamais content\u00e9 de briller uniquement sur sc\u00e8ne. <\/p>\n<p><strong>Acteur reconnu, entrepreneur \u00e0 l&rsquo;\u0153il aff\u00fbt\u00e9<\/strong>, il a m\u00eame ajout\u00e9 une corde inattendue \u00e0 son arc en lan\u00e7ant sa propre production d&rsquo;huile d&rsquo;olive dans le Vaucluse, du c\u00f4t\u00e9 de L&rsquo;Isle-sur-la-Sorgue. <\/p>\n<p>Et parce que ses journ\u00e9es ne semblent jamais assez longues, Patrick Bruel jongle aussi avec son plus beau r\u00f4le : celui de <strong>papa<\/strong>, aupr\u00e8s de ses deux gar\u00e7ons, L\u00e9on (n\u00e9 en 2005) et Oscar (n\u00e9 en 2003). <\/p>\n<p>Patrick Bruel et ses fils plus complices que jamais<\/p>\n<p>Que ce soit dans les m\u00e9dias ou sur les r\u00e9seaux sociaux, le sexag\u00e9naire ne rate jamais une occasion de dire \u00e0 quel point il est fier de ses fils. Tr\u00e8s complice avec eux, il partage r\u00e9guli\u00e8rement des moments privil\u00e9gi\u00e9s \u00e0 leurs c\u00f4t\u00e9s.<\/p>\n<p>Ce lundi 28 avril 2025, il s&rsquo;est d&rsquo;ailleurs empar\u00e9 de son compte <a href=\"https:\/\/www.instagram.com\/patrickbruel\/\" target=\"_blank\" rel=\"noreferrer noopener\">Instagram<\/a> afin de partager un tout nouveau clich\u00e9. Et le moins que l&rsquo;on puisse dire, c&rsquo;est que cette photo prise \u00ab\u00a0rue de Rivoli \u00e0 LA\u2026 West side\u2026 of Universal Studios\u00a0\u00bb n&rsquo;a pas manqu\u00e9 de faire r\u00e9agir les fans. <\/p>\n<p>Les internautes ont en effet \u00e9t\u00e9 nombreux \u00e0 souligner <strong>la ressemblance entre les trois hommes<\/strong> : \u00ab\u00a0Un air de famille\u00a0\u00bb,\u00a0\u00ab\u00a0Les m\u00eames\u2026\u00a0\u00bb,\u00a0\u00ab\u00a0On adore vous voir comme \u00e7a tous les trois. Vous \u00eates magnifiques\u00a0\u00bb,\u00a0\u00ab\u00a0Ils ressemblent \u00e0 leur p\u00e8re\u00a0\u00bb,\u00a0\u00ab\u00a0C\u2019est bien vos fils. Bravo. F\u00e9licitations\u00a0\u00bb,\u00a0\u00ab\u00a0Qui est qui ? \u2026 Ce qui est s\u00fbr c\u2019est Bruel Family\u00a0\u00bb,\u00a0\u00ab\u00a0<strong>Des tripl\u00e9s<\/strong>\u00ab\u00a0,\u00a0\u00ab\u00a0Quelles ressemblances ! Profitez bien\u00a0\u00bb.<\/p>\n<p>Tel p\u00e8re, tel fils<\/p>\n<p>Pour rappel, tout comme son c\u00e9l\u00e8bre papa, <a href=\"https:\/\/www.public.fr\/patrick-bruel-ne-dort-plus-grosse-angoisse-pour-son-fils-leon\" target=\"_blank\" rel=\"noopener\">L\u00e9on<\/a>, le petit dernier de la famille, a, lui aussi, choisi d&#8217;emprunter le chemin de l&rsquo;art. <\/p>\n<p>\u00ab\u00a0<strong>Il se donne les moyens, il travaille dans son studio, il pr\u00e9pare ses sons, ses chansons, ses cours de com\u00e9die<\/strong>\u00ab\u00a0, confiait r\u00e9cemment Patrick Bruel dans les colonnes de T\u00e9l\u00e9 7 Jours. <\/p>\n<p>Et L\u00e9on de confirmer au d\u00e9tour d&rsquo;un entretien avec Gala : \u00ab\u00a0Mon p\u00e8re m\u2019aide en me donnant des conseils mais il ne me facilitera jamais la t\u00e2che\u00a0car, encore une fois, on a une conscience du travail dans la famille, de l\u2019effort, du m\u00e9rite. J\u2019ai \u00e9t\u00e9 \u00e9lev\u00e9 comme \u00e7a\u00a0\u00bb. <\/p>\n<p>      Mentionn\u00e9s dans cet article<\/p>\n<p>\u00c0 lire aussi<\/p>\n<p><script async src=\"\/\/www.instagram.com\/embed.js\"><\/script><\/p>\n","protected":false},"excerpt":{"rendered":"Quand on parle de Patrick Bruel, difficile de choisir par o\u00f9 commencer. Chanteur culte pour toute une g\u00e9n\u00e9ration&hellip;\n","protected":false},"author":2,"featured_media":61196,"comment_status":"","ping_status":"","sticky":false,"template":"","format":"standard","meta":{"footnotes":""},"categories":[1355],"tags":[58,59,1742,1011,27,6116,1361,873,5473],"class_list":{"0":"post-61195","1":"post","2":"type-post","3":"status-publish","4":"format-standard","5":"has-post-thumbnail","7":"category-musique","8":"tag-divertissement","9":"tag-entertainment","10":"tag-fils","11":"tag-fr","12":"tag-france","13":"tag-los-angeles","14":"tag-music","15":"tag-musique","16":"tag-patrick-bruel"},"share_on_mastodon":{"url":"https:\/\/pubeurope.com\/@fr\/114419989421446758","error":""},"_links":{"self":[{"href":"https:\/\/www.europesays.com\/fr\/wp-json\/wp\/v2\/posts\/61195","targetHints":{"allow":["GET"]}}],"collection":[{"href":"https:\/\/www.europesays.com\/fr\/wp-json\/wp\/v2\/posts"}],"about":[{"href":"https:\/\/www.europesays.com\/fr\/wp-json\/wp\/v2\/types\/post"}],"author":[{"embeddable":true,"href":"https:\/\/www.europesays.com\/fr\/wp-json\/wp\/v2\/users\/2"}],"replies":[{"embeddable":true,"href":"https:\/\/www.europesays.com\/fr\/wp-json\/wp\/v2\/comments?post=61195"}],"version-history":[{"count":0,"href":"https:\/\/www.europesays.com\/fr\/wp-json\/wp\/v2\/posts\/61195\/revisions"}],"wp:featuredmedia":[{"embeddable":true,"href":"https:\/\/www.europesays.com\/fr\/wp-json\/wp\/v2\/media\/61196"}],"wp:attachment":[{"href":"https:\/\/www.europesays.com\/fr\/wp-json\/wp\/v2\/media?parent=61195"}],"wp:term":[{"taxonomy":"category","embeddable":true,"href":"https:\/\/www.europesays.com\/fr\/wp-json\/wp\/v2\/categories?post=61195"},{"taxonomy":"post_tag","embeddable":true,"href":"https:\/\/www.europesays.com\/fr\/wp-json\/wp\/v2\/tags?post=61195"}],"curies":[{"name":"wp","href":"https:\/\/api.w.org\/{rel}","templated":true}]}}