{"id":611951,"date":"2025-12-20T15:40:19","date_gmt":"2025-12-20T15:40:19","guid":{"rendered":"https:\/\/www.europesays.com\/fr\/611951\/"},"modified":"2025-12-20T15:40:19","modified_gmt":"2025-12-20T15:40:19","slug":"universite-de-strasbourg-le-niveau-demplois-ouverts-se-maintient-selon-la-presidence","status":"publish","type":"post","link":"https:\/\/www.europesays.com\/fr\/611951\/","title":{"rendered":"Universit\u00e9 de Strasbourg. \u00ab\u00a0Le niveau d\u2019emplois ouverts se maintient\u00a0\u00bb, selon la pr\u00e9sidence"},"content":{"rendered":"<p>Selon l\u2019intersyndicale de l\u2019Universit\u00e9 de Strasbourg, le nombre de postes ouverts au concours a diminu\u00e9 de pr\u00e8s de 40\u00a0% en 2025 pour les enseignants-chercheurs et les Biatss [personnels des biblioth\u00e8ques, ing\u00e9nieurs, administratifs, techniques, p\u00e9dagogiques, sociaux et de sant\u00e9, NDLR].<\/p>\n<p>Un taux que conteste la pr\u00e9sidence de l\u2019universit\u00e9 selon laquelle \u00ab\u00a0par comparaison avec les mesures d\u2019emplois prises l\u2019ann\u00e9e derni\u00e8re \u00e0 la m\u00eame p\u00e9riode, l\u2018\u00e9tablissement publiera en moyenne 24\u00a0% de postes en moins en 2026.\u00a0\u00bb Et d\u2019ajouter\u00a0: \u00ab\u00a0Cette baisse t\u00e9moigne d\u2019une strat\u00e9gie prudentielle, li\u00e9e au contexte budg\u00e9taire contraint. Contrairement \u00e0 d\u2019autres \u00e9tablissements d\u2019enseignement sup\u00e9rieur, le niveau d\u2019emplois ouverts \u00e0 l\u2019Universit\u00e9 de Strasbourg se maintient \u00e0 un bon niveau, alors m\u00eame que la campagne d\u2019emplois pr\u00e9c\u00e9dente se situait \u00e0 un niveau exceptionnellement \u00e9lev\u00e9.\u00a0\u00bb<\/p>\n","protected":false},"excerpt":{"rendered":"Selon l\u2019intersyndicale de l\u2019Universit\u00e9 de Strasbourg, le nombre de postes ouverts au concours a diminu\u00e9 de pr\u00e8s de&hellip;\n","protected":false},"author":2,"featured_media":611952,"comment_status":"","ping_status":"","sticky":false,"template":"","format":"standard","meta":{"footnotes":""},"categories":[2820],"tags":[1111,11,2389,2649,2880,1057,4854,1777,674,107,1011,27,775,12,25,640,2879],"class_list":{"0":"post-611951","1":"post","2":"type-post","3":"status-publish","4":"format-standard","5":"has-post-thumbnail","7":"category-strasbourg","8":"tag-actu","9":"tag-actualites","10":"tag-alsace","11":"tag-bas-rhin","12":"tag-edition-strasbourg","13":"tag-education","14":"tag-enseignement-superieur","15":"tag-eu","16":"tag-europe","17":"tag-fil-info","18":"tag-fr","19":"tag-france","20":"tag-grand-est","21":"tag-news","22":"tag-republique-francaise","23":"tag-strasbourg","24":"tag-strasbourg-ville"},"share_on_mastodon":{"url":"https:\/\/pubeurope.com\/@fr\/115752653645276334","error":""},"_links":{"self":[{"href":"https:\/\/www.europesays.com\/fr\/wp-json\/wp\/v2\/posts\/611951","targetHints":{"allow":["GET"]}}],"collection":[{"href":"https:\/\/www.europesays.com\/fr\/wp-json\/wp\/v2\/posts"}],"about":[{"href":"https:\/\/www.europesays.com\/fr\/wp-json\/wp\/v2\/types\/post"}],"author":[{"embeddable":true,"href":"https:\/\/www.europesays.com\/fr\/wp-json\/wp\/v2\/users\/2"}],"replies":[{"embeddable":true,"href":"https:\/\/www.europesays.com\/fr\/wp-json\/wp\/v2\/comments?post=611951"}],"version-history":[{"count":0,"href":"https:\/\/www.europesays.com\/fr\/wp-json\/wp\/v2\/posts\/611951\/revisions"}],"wp:featuredmedia":[{"embeddable":true,"href":"https:\/\/www.europesays.com\/fr\/wp-json\/wp\/v2\/media\/611952"}],"wp:attachment":[{"href":"https:\/\/www.europesays.com\/fr\/wp-json\/wp\/v2\/media?parent=611951"}],"wp:term":[{"taxonomy":"category","embeddable":true,"href":"https:\/\/www.europesays.com\/fr\/wp-json\/wp\/v2\/categories?post=611951"},{"taxonomy":"post_tag","embeddable":true,"href":"https:\/\/www.europesays.com\/fr\/wp-json\/wp\/v2\/tags?post=611951"}],"curies":[{"name":"wp","href":"https:\/\/api.w.org\/{rel}","templated":true}]}}