{"id":611957,"date":"2025-12-20T15:44:13","date_gmt":"2025-12-20T15:44:13","guid":{"rendered":"https:\/\/www.europesays.com\/fr\/611957\/"},"modified":"2025-12-20T15:44:13","modified_gmt":"2025-12-20T15:44:13","slug":"lr-naurait-pas-du-sen-meler-estime-david-lisnard-qui-regrette-le-soutien-du-parti-au-maire-de-nice","status":"publish","type":"post","link":"https:\/\/www.europesays.com\/fr\/611957\/","title":{"rendered":"\u00ab LR n\u2019aurait pas d\u00fb s\u2019en m\u00ealer \u00bb, estime David Lisnard qui regrette le soutien du parti au maire de Nice"},"content":{"rendered":"<p class=\"fs-5 \">La campagne des \u00e9lections municipales \u00e0 \u00ab Nice est un bourbier. Les R\u00e9publicains ne devaient pas s\u2019en m\u00ealer \u00bb, d\u00e9plore David Lisnard. Le maire LR\/Nouvelle Energie de Cannes a r\u00e9agi, ce vendredi, \u00e0 l\u2019annonce du parti pr\u00e9sid\u00e9 par Bruno Retailleau de <a href=\"https:\/\/www.nicematin.com\/societe\/politique\/municipales-2026\/municipales-2026-a-nice-les-republicains-soutiennent-christian-estrosi-face-a-eric-ciotti-10661385\" target=\"_blank\" rel=\"noopener\">soutenir, \u00e0 Nice, la candidature de Christian Estrosi<\/a>, le maire Horizons sortant qui brigue un 4e mandat, contre l\u2019ancien pr\u00e9sident Eric Ciotti, alli\u00e9 au Rassemblement national.<\/p>\n<p class=\"fs-5 \">\u00ab Ce soutien a \u00e9t\u00e9 accord\u00e9 sans que la commission nationale d\u2019investiture ne soit consult\u00e9e\u00a0\u00bb, d\u00e9nonce David Lisnard. Celui qui est aussi vice-pr\u00e9sident de LR et l\u2019un des membres de la CNI, l\u2019a appris&#8230; dans la presse. M\u00eame chose pour la d\u00e9put\u00e9e LR\/Nouvelle Energie Alexandra Martin, \u00e9galement membre de la CNI.<\/p>\n<p class=\"fs-5 \">Le pr\u00e9sident de Nouvelle Energie s\u2019est aussit\u00f4t fendu d\u2019un courrier \u00e0 Bruno Retailleau pour manifester sa surprise et sa d\u00e9sapprobation.<\/p>\n<p>                                                                                \u00ab Tous deux ont quitt\u00e9 le parti \u00bb<\/p>\n<p class=\"fs-5 \">David Lisnard consid\u00e8re que Les R\u00e9publicains \u00ab ne devaient soutenir ni Christian Estrosi, ni Eric Ciotti. Tous deux ont quitt\u00e9 le parti \u00bb, rappelle-t-il.<a href=\"https:\/\/www.nicematin.com\/societe\/politique\/en-homme-libre-christian-estrosi-quitte-lr-et-egratigne-au-passage-eric-ciotti-681240\" target=\"_blank\" rel=\"noopener\"> L\u2019un en 2021 pour rejoindre Horizons, le parti d\u2019Edouard Philippe<\/a>, le second pour faire alliance avec le RN, sans l\u2019aval de sa famille politique d\u2019alors, et <a href=\"https:\/\/www.nicematin.com\/societe\/politique\/liberte-identite-autorite-eric-ciotti-lance-son-nouveau-parti-udr-a-levens-941890\" target=\"_blank\" rel=\"noopener\">fonder sa propre formation, l\u2019UDR (Union des droites pour la R\u00e9publique) \u00e0 l\u2019\u00e9t\u00e9 2024<\/a>.<\/p>\n<p class=\"fs-5 \">\u00ab Je l\u2019ai dit \u00e0 Eric Ciotti \u00bb, insiste David Lisnard, qui si\u00e8ge dans la m\u00eame majorit\u00e9 que le d\u00e9put\u00e9 UDR au conseil d\u00e9partemental.<\/p>\n<p class=\"fs-5 \">Paradoxalement, le Ni\u00e7ois soutient David Lisnard \u00e0 Cannes et non<a href=\"https:\/\/www.nicematin.com\/societe\/politique\/municipales-2026\/le-rassemblement-national-devoile-ses-14-candidats-investis-pour-les-elections-municipales-dans-les-alpes-maritimes-10660806\" target=\"_blank\" rel=\"noopener\"> Lucas Mussio, le candidat du parti lep\u00e9niste<\/a> avec qui le parlementaire a pourtant nou\u00e9 une alliance.<\/p>\n<p class=\"fs-5 \">Alors, qui, chez LR, a pris la d\u00e9cision de soutenir le candidat Estrosi, dans le cadre d\u2019un accord n\u00e9goci\u00e9 avec Horizons, en contrepartie de son soutien au candidat LR \u00e0 N\u00eemes, Franck Proust ?<\/p>\n<p class=\"fs-5 \">\u00ab La CNI a donn\u00e9 d\u00e9l\u00e9gation au bureau de la CNI \u00bb, avance-t-on chez LR.<\/p>\n<p>                                                                                <strong>Dominique Estrosi-Sassone en cheffe de file LR \u00e0 Nice<\/strong><\/p>\n<p class=\"fs-5 \">Ce bureau est compos\u00e9 du pr\u00e9sident Roger Karoutchi (nomm\u00e9 apr\u00e8s la suspension, mi-octobre, d\u2019Annie Genevard, par le pr\u00e9sident Retailleau pour avoir rejoint le gouvernement de S\u00e9bastien Lecornu), et de deux vice-pr\u00e9sidents, Patrick Hetzel et Nadine Morano.<\/p>\n<p class=\"fs-5 \">C\u2019est d\u2019ailleurs le bureau de la CNI qui a communiqu\u00e9, mercredi, sur la d\u00e9signation de la s\u00e9natrice <strong>Dominique Estrosi-Sassone comme cheffe de file LR pour la ville de Nice<\/strong>.<\/p>\n<p class=\"fs-5 \">D\u00e9l\u00e9guer cette mission au bureau de la CNI, est \u00ab une pratique courante, assure-t-on chez LR. Le soutien \u00e0 Christian Estrosi \u00e9tait act\u00e9 mais suspendu temporairement dans l\u2019attente de l\u2019accord avec Horizons \u00e0 N\u00eemes \u00bb.<\/p>\n","protected":false},"excerpt":{"rendered":"La campagne des \u00e9lections municipales \u00e0 \u00ab Nice est un bourbier. Les R\u00e9publicains ne devaient pas s\u2019en m\u00ealer&hellip;\n","protected":false},"author":2,"featured_media":611958,"comment_status":"","ping_status":"","sticky":false,"template":"","format":"standard","meta":{"footnotes":""},"categories":[2819],"tags":[1111,11,1777,674,1011,27,12,2401,882,25],"class_list":{"0":"post-611957","1":"post","2":"type-post","3":"status-publish","4":"format-standard","5":"has-post-thumbnail","7":"category-nice","8":"tag-actu","9":"tag-actualites","10":"tag-eu","11":"tag-europe","12":"tag-fr","13":"tag-france","14":"tag-news","15":"tag-nice","16":"tag-provence-alpes-cote-dazur","17":"tag-republique-francaise"},"share_on_mastodon":{"url":"https:\/\/pubeurope.com\/@fr\/115752669274269585","error":""},"_links":{"self":[{"href":"https:\/\/www.europesays.com\/fr\/wp-json\/wp\/v2\/posts\/611957","targetHints":{"allow":["GET"]}}],"collection":[{"href":"https:\/\/www.europesays.com\/fr\/wp-json\/wp\/v2\/posts"}],"about":[{"href":"https:\/\/www.europesays.com\/fr\/wp-json\/wp\/v2\/types\/post"}],"author":[{"embeddable":true,"href":"https:\/\/www.europesays.com\/fr\/wp-json\/wp\/v2\/users\/2"}],"replies":[{"embeddable":true,"href":"https:\/\/www.europesays.com\/fr\/wp-json\/wp\/v2\/comments?post=611957"}],"version-history":[{"count":0,"href":"https:\/\/www.europesays.com\/fr\/wp-json\/wp\/v2\/posts\/611957\/revisions"}],"wp:featuredmedia":[{"embeddable":true,"href":"https:\/\/www.europesays.com\/fr\/wp-json\/wp\/v2\/media\/611958"}],"wp:attachment":[{"href":"https:\/\/www.europesays.com\/fr\/wp-json\/wp\/v2\/media?parent=611957"}],"wp:term":[{"taxonomy":"category","embeddable":true,"href":"https:\/\/www.europesays.com\/fr\/wp-json\/wp\/v2\/categories?post=611957"},{"taxonomy":"post_tag","embeddable":true,"href":"https:\/\/www.europesays.com\/fr\/wp-json\/wp\/v2\/tags?post=611957"}],"curies":[{"name":"wp","href":"https:\/\/api.w.org\/{rel}","templated":true}]}}