{"id":611959,"date":"2025-12-20T15:45:20","date_gmt":"2025-12-20T15:45:20","guid":{"rendered":"https:\/\/www.europesays.com\/fr\/611959\/"},"modified":"2025-12-20T15:45:20","modified_gmt":"2025-12-20T15:45:20","slug":"clap-de-fin-pour-le-groupe-nantais-ko-ko-mo-le-chanteur-warren-met-fin-a-laventure","status":"publish","type":"post","link":"https:\/\/www.europesays.com\/fr\/611959\/","title":{"rendered":"Clap de fin pour le groupe nantais KO KO MO, le chanteur Warren \u00ab met fin \u00e0 l\u2019aventure \u00bb"},"content":{"rendered":"<p>Le post sur les r\u00e9seaux sociaux est publi\u00e9 sur fond noir. Comme une triste nouvelle. Warren, le chanteur et guitariste du groupe nantais KO KO MO, vient d\u2019annoncer, ce samedi 20\u00a0d\u00e9cembre, qu\u2019il \u00a0met fin \u00e0 l\u2019aventure commenc\u00e9e il y a plus de douze ans\u00a0.<\/p>\n<p>Un coup de tonnerre pour les nombreux fans de ce groupe reconnu entre autres pour son \u00e9nergie sc\u00e9nique et sa cr\u00e9ativit\u00e9 musicale. Le duo nantais jouait un peu partout en Europe ou encore<a href=\"https:\/\/www.ouest-france.fr\/festivals\/les-escales\/video-ko-ko-mo-enflamme-les-escales-a-saint-nazaire-f025004b-e0c3-3e61-8e70-c0a2062367bb\" target=\"_self\" rel=\"noopener\"> aux derni\u00e8res Escales \u00e0 Saint-Nazaire l\u2019\u00e9t\u00e9 dernier.<\/a> Et devait se produire au Z\u00e9nith de Paris le 27\u00a0f\u00e9vrier avec, entre autres, les titres de son<a href=\"https:\/\/www.ouest-france.fr\/culture\/musiques\/pour-leur-quatrieme-album-les-nantais-de-ko-ko-mo-osent-tout-19413f8e-8f16-11ef-8390-40b2162b6ed9\" target=\"_self\" rel=\"noopener\">\u00a0quatri\u00e8me album Striped sorti voil\u00e0 un peu plus d\u2019un an.<\/a><\/p>\n<blockquote class=\"instagram-media\" data-instgrm-captioned=\"\" data-instgrm-permalink=\"https:\/\/www.instagram.com\/p\/DSe5D_WiLGt\/?utm_source=ig_embed&amp;utm_campaign=loading\" data-instgrm-version=\"14\" style=\" background:#FFF; border:0; border-radius:3px; box-shadow:0 0 1px 0 rgba(0,0,0,0.5),0 1px 10px 0 rgba(0,0,0,0.15); margin: 1px; max-width:540px; min-width:326px; padding:0; width:99.375%; width:-webkit-calc(100% - 2px); width:calc(100% - 2px);\" wp_automatic_readability=\"-0.23076923076923\"\/>\n<p>\u00ab\u00a0Des divergences profondes\u00a0\u00bb<\/p>\n<p>La cause de cet arr\u00eat brutal\u00a0? Warren ne d\u00e9veloppe pas pr\u00e9cis\u00e9ment ce qu\u2019il l\u2019a conduit \u00e0 prendre cette \u00a0triste d\u00e9cision\u00a0 apr\u00e8s \u00a0une longue r\u00e9flexion\u00a0\u00a0: il fait allusion \u00e0 \u00a0des divergences profondes qui (le) conduisent \u00e0 prendre cette responsabilit\u00e9 aussi lourde que n\u00e9cessaire, au regard de valeurs essentielles qui ne me semblent plus pleinement partag\u00e9es aujourd\u2019hui\u00a0.<\/p>\n<p>On savait les deux membres du duo nantais, Warren Mutton et Kevin \u00a0K20\u00a0 Grosmolard, tr\u00e8s proches depuis toutes ces ann\u00e9es. Dans son post, Warren parle d\u2019ailleurs de Kevin comme de son \u00a0fr\u00e8re de sc\u00e8ne\u00a0.<\/p>\n<p>\u00a0J\u2019aurais souhait\u00e9 du fond du c\u0153ur que nous puissions c\u00e9l\u00e9brer ensemble la cl\u00f4ture de ce chapitre [\u2026], prolonger la magie et la complicit\u00e9 qui nous ont anim\u00e9s toutes ces ann\u00e9es [\u2026] mais ce ne sera pas le cas.\u00a0<\/p>\n<p>Plus loin dans son texte, Warren donne rendez-vous \u00e0 son public \u00a0tr\u00e8s bient\u00f4t pour une nouvelle histoire que je souhaite pleine de partage, d\u2019humanit\u00e9, de passion, de respect, de travail, de g\u00e9n\u00e9rosit\u00e9, de r\u00eave et d\u2019amour\u00a0.<\/p>\n<p>\u00a0<\/p>\n<p>\t\t<script async src=\"\/\/www.instagram.com\/embed.js\"><\/script><\/p>\n","protected":false},"excerpt":{"rendered":"Le post sur les r\u00e9seaux sociaux est publi\u00e9 sur fond noir. Comme une triste nouvelle. Warren, le chanteur&hellip;\n","protected":false},"author":2,"featured_media":611960,"comment_status":"","ping_status":"","sticky":false,"template":"","format":"standard","meta":{"footnotes":""},"categories":[2818],"tags":[1111,11,2741,1696,15017,1777,674,5729,1011,27,2705,13743,3736,41162,4715,766,12,2636,25,17604],"class_list":{"0":"post-611959","1":"post","2":"type-post","3":"status-publish","4":"format-standard","5":"has-post-thumbnail","7":"category-nantes","8":"tag-actu","9":"tag-actualites","10":"tag-aventure","11":"tag-chanteur","12":"tag-clap","13":"tag-eu","14":"tag-europe","15":"tag-fin","16":"tag-fr","17":"tag-france","18":"tag-groupe","19":"tag-ko","20":"tag-met","21":"tag-mo","22":"tag-nantais","23":"tag-nantes","24":"tag-news","25":"tag-pays-de-la-loire","26":"tag-republique-francaise","27":"tag-warren"},"share_on_mastodon":{"url":"https:\/\/pubeurope.com\/@fr\/115752673375079962","error":""},"_links":{"self":[{"href":"https:\/\/www.europesays.com\/fr\/wp-json\/wp\/v2\/posts\/611959","targetHints":{"allow":["GET"]}}],"collection":[{"href":"https:\/\/www.europesays.com\/fr\/wp-json\/wp\/v2\/posts"}],"about":[{"href":"https:\/\/www.europesays.com\/fr\/wp-json\/wp\/v2\/types\/post"}],"author":[{"embeddable":true,"href":"https:\/\/www.europesays.com\/fr\/wp-json\/wp\/v2\/users\/2"}],"replies":[{"embeddable":true,"href":"https:\/\/www.europesays.com\/fr\/wp-json\/wp\/v2\/comments?post=611959"}],"version-history":[{"count":0,"href":"https:\/\/www.europesays.com\/fr\/wp-json\/wp\/v2\/posts\/611959\/revisions"}],"wp:featuredmedia":[{"embeddable":true,"href":"https:\/\/www.europesays.com\/fr\/wp-json\/wp\/v2\/media\/611960"}],"wp:attachment":[{"href":"https:\/\/www.europesays.com\/fr\/wp-json\/wp\/v2\/media?parent=611959"}],"wp:term":[{"taxonomy":"category","embeddable":true,"href":"https:\/\/www.europesays.com\/fr\/wp-json\/wp\/v2\/categories?post=611959"},{"taxonomy":"post_tag","embeddable":true,"href":"https:\/\/www.europesays.com\/fr\/wp-json\/wp\/v2\/tags?post=611959"}],"curies":[{"name":"wp","href":"https:\/\/api.w.org\/{rel}","templated":true}]}}