{"id":611969,"date":"2025-12-20T15:50:20","date_gmt":"2025-12-20T15:50:20","guid":{"rendered":"https:\/\/www.europesays.com\/fr\/611969\/"},"modified":"2025-12-20T15:50:20","modified_gmt":"2025-12-20T15:50:20","slug":"lou-stade-toulousain-a-quelle-heure-et-sur-quelle-chaine-suivre-la-rencontre-de-toulouse-pour-le-retour-du-top-14","status":"publish","type":"post","link":"https:\/\/www.europesays.com\/fr\/611969\/","title":{"rendered":"LOU-Stade Toulousain\u00a0: \u00e0 quelle heure et sur quelle cha\u00eene suivre la rencontre de Toulouse pour le retour du Top 14"},"content":{"rendered":"<p>\n                                                                    l&rsquo;essentiel<br \/>\n                                                                Le Stade Toulousain retrouve le Top 14 ce samedi 20\u00a0d\u00e9cembre avec un d\u00e9placement \u00e0 Lyon o\u00f9 il n\u2019a plus gagn\u00e9 depuis 2017. Battus \u00e0 Glasgow le week-end dernier et sanctionn\u00e9s de deux points de retrait au classement, les \u201crouge et noir\u201d tenteront de relever la t\u00eate.\n                            <\/p>\n<p><a href=\"https:\/\/www.ladepeche.fr\/sport\/rugby-xv\/stade-toulousain\/\" target=\"_self\" rel=\"noopener\">Le Stade Toulousain<\/a> repasse en mode Top 14 avec, en toile de fond, une semaine agit\u00e9e et un d\u00e9placement qui n\u2019a rien d\u2019anodin. Battus \u00e0 Glasgow samedi dernier en Champions Cup (28-21), puis <a href=\"https:\/\/www.ladepeche.fr\/2025\/12\/15\/stade-toulousain-quelles-consequences-au-classement-du-top-14-apres-la-sanction-infligee-aux-rouge-et-noir-dans-laffaire-jaminet-13112470.php\" target=\"_self\" rel=\"noopener\">sanctionn\u00e9s deux jours plus tard de deux points de retrait au classement dans l\u2019affaire Jaminet<\/a>, les hommes d\u2019Ugo Mola tentent de remettre de l\u2019ordre dans leur saison ce samedi soir \u00e0 Lyon.<\/p>\n<p class=\"std-elt__inline\">\n        <strong>\u00c0 lire aussi :<\/strong><br \/>\n        <a href=\"https:\/\/www.ladepeche.fr\/2025\/12\/19\/entretien-stade-toulousain-pas-notre-niveau-ni-limage-quon-veut-renvoyer-peste-joel-merkler-avant-daller-a-lyon-13121088.php\" target=\"_blank\" rel=\"noopener\">ENTRETIEN. Stade Toulousain\u00a0: \u00ab\u00a0Pas notre\u00a0niveau ni l\u2019image qu\u2019on veut renvoyer\u00a0\u00bb, peste Joel Merkler avant d\u2019aller \u00e0 Lyon<\/a>\n    <\/p>\n<p>Sur le plan sportif, Toulouse reste solide \u00e0 domicile mais continue de peiner loin d\u2019Ernest-Wallon. Depuis le d\u00e9but de l\u2019exercice, les \u201crouge et noir\u201d ont laiss\u00e9 filer de pr\u00e9cieux points \u00e0 Pau, Bayonne ou encore Glasgow, souvent p\u00e9nalis\u00e9s par des trous d\u2019air co\u00fbteux. Le dernier en date, un 28-0 encaiss\u00e9 en 20 minutes en \u00c9cosse, a laiss\u00e9 des traces et pose la question de la constance sur 80 minutes.<\/p>\n<p class=\"std-elt__inline\">\n        <strong>\u00c0 lire aussi :<\/strong><br \/>\n        <a href=\"https:\/\/www.ladepeche.fr\/2025\/12\/20\/lyon-stade-toulousain-assez-joue-au-petit-poucet-pourquoi-cette-rencontre-a-lexterieur-est-importante-pour-toulouse-13121931.php\" target=\"_blank\" rel=\"noopener\">Lyon-Stade Toulousain\u00a0: assez jou\u00e9 au Petit Poucet\u2026 Pourquoi cette rencontre \u00e0 l\u2019ext\u00e9rieur est importante pour Toulouse<\/a>\n    <\/p>\n<p>\u00c0 Lyon, une terre qui lui r\u00e9siste depuis 2017, le triple champion en titre est donc attendu au tournant. D\u2019autant plus que le LOU, englu\u00e9 dans le bas du classement (12e) mais toujours difficile \u00e0 man\u0153uvrer chez lui, joue gros dans la lutte. M\u00eame si l\u2019\u00e9cart avec le barragiste reste cons\u00e9quent, Lyon cherchera \u00e0 faire douter un adversaire fragilis\u00e9.<\/p>\n<p class=\"std-elt__inline\">\n        <strong>\u00c0 lire aussi :<\/strong><br \/>\n        <a href=\"https:\/\/www.ladepeche.fr\/2025\/12\/19\/lyon-stade-toulousain-antoine-dupont-sur-le-banc-petite-surprise-en-numero-10-decouvrez-la-composition-des-rouge-et-noir-13121780.php\" target=\"_blank\" rel=\"noopener\">Lyon-Stade Toulousain\u00a0: Antoine Dupont sur le banc, petite surprise en num\u00e9ro\u00a010\u2026 D\u00e9couvrez la composition des \u00ab\u00a0rouge et noir\u00a0\u00bb<\/a>\n    <\/p>\n<p>Au classement, Toulouse partage la t\u00eate du Top 14 avec la Section paloise. Un statut qui oblige, m\u00eame amput\u00e9 de deux unit\u00e9s, et que le staff ne souhaite pas voir parasit\u00e9 par les affaires extra-sportives.<\/p>\n<p><strong>LOU \u2013 Stade Toulousain, coup d\u2019envoi samedi 20\u00a0d\u00e9cembre \u00e0 21h00\u00a0au <\/strong><strong>Matmut Stadium de Lyon<\/strong><strong>. La rencontre est \u00e0 suivre sur la cha\u00eene Canal +\u00a0ainsi qu\u2019en live comment\u00e9 sur\u00a0<a href=\"http:\/\/ladepeche.fr\/\" target=\"_blank\" rel=\"noopener\">ladepeche.fr<\/a>.<\/strong><\/p>\n","protected":false},"excerpt":{"rendered":"l&rsquo;essentiel Le Stade Toulousain retrouve le Top 14 ce samedi 20\u00a0d\u00e9cembre avec un d\u00e9placement \u00e0 Lyon o\u00f9 il&hellip;\n","protected":false},"author":2,"featured_media":611970,"comment_status":"","ping_status":"","sticky":false,"template":"","format":"standard","meta":{"footnotes":""},"categories":[2816],"tags":[1111,11,1777,674,1011,27,2722,12,2680,25,68796,517,476,2312],"class_list":{"0":"post-611969","1":"post","2":"type-post","3":"status-publish","4":"format-standard","5":"has-post-thumbnail","7":"category-toulouse","8":"tag-actu","9":"tag-actualites","10":"tag-eu","11":"tag-europe","12":"tag-fr","13":"tag-france","14":"tag-haute-garonne","15":"tag-news","16":"tag-occitanie","17":"tag-republique-francaise","18":"tag-rugby-u00e0-xv","19":"tag-sport","20":"tag-stade-toulousain","21":"tag-toulouse"},"share_on_mastodon":{"url":"https:\/\/pubeurope.com\/@fr\/115752692940020088","error":""},"_links":{"self":[{"href":"https:\/\/www.europesays.com\/fr\/wp-json\/wp\/v2\/posts\/611969","targetHints":{"allow":["GET"]}}],"collection":[{"href":"https:\/\/www.europesays.com\/fr\/wp-json\/wp\/v2\/posts"}],"about":[{"href":"https:\/\/www.europesays.com\/fr\/wp-json\/wp\/v2\/types\/post"}],"author":[{"embeddable":true,"href":"https:\/\/www.europesays.com\/fr\/wp-json\/wp\/v2\/users\/2"}],"replies":[{"embeddable":true,"href":"https:\/\/www.europesays.com\/fr\/wp-json\/wp\/v2\/comments?post=611969"}],"version-history":[{"count":0,"href":"https:\/\/www.europesays.com\/fr\/wp-json\/wp\/v2\/posts\/611969\/revisions"}],"wp:featuredmedia":[{"embeddable":true,"href":"https:\/\/www.europesays.com\/fr\/wp-json\/wp\/v2\/media\/611970"}],"wp:attachment":[{"href":"https:\/\/www.europesays.com\/fr\/wp-json\/wp\/v2\/media?parent=611969"}],"wp:term":[{"taxonomy":"category","embeddable":true,"href":"https:\/\/www.europesays.com\/fr\/wp-json\/wp\/v2\/categories?post=611969"},{"taxonomy":"post_tag","embeddable":true,"href":"https:\/\/www.europesays.com\/fr\/wp-json\/wp\/v2\/tags?post=611969"}],"curies":[{"name":"wp","href":"https:\/\/api.w.org\/{rel}","templated":true}]}}