{"id":611971,"date":"2025-12-20T15:51:48","date_gmt":"2025-12-20T15:51:48","guid":{"rendered":"https:\/\/www.europesays.com\/fr\/611971\/"},"modified":"2025-12-20T15:51:48","modified_gmt":"2025-12-20T15:51:48","slug":"atelier-ceramique-poterie-creation-dune-carafe-a-lille-59","status":"publish","type":"post","link":"https:\/\/www.europesays.com\/fr\/611971\/","title":{"rendered":"Atelier c\u00e9ramique\/poterie cr\u00e9ation d&rsquo;une carafe \u00e0 Lille (59)"},"content":{"rendered":"<p class=\"fw-bold font-size-16 my-1\"> 22 Rue du Magasin | <a href=\"https:\/\/www.jds.fr\/lille\/\" target=\"_blank\" rel=\"noopener\">Lille<\/a><\/p>\n<p class=\"fw-bold font-size-16 my-1\"> ATelier c\u00e9ramique\/poterie cr\u00e9ation d&rsquo;une carafe, Prix \/ personne : 75\u00a0\u20ac <\/p>\n<ul class=\"list-unstyled d-flex flex-wrap mt-2\">\n<li class=\"me-2 mb-2\">cr\u00e9atif<\/li>\n<li class=\"me-2 mb-2\">artistique<\/li>\n<li class=\"me-2 mb-2\">\u00e9ducatif<\/li>\n<li class=\"me-2 mb-2\">int\u00e9rieur<\/li>\n<li class=\"me-2 mb-2\">2h-3h<\/li>\n<li class=\"me-2 mb-2\">artisanat<\/li>\n<li class=\"me-2 mb-2\">c\u00e9ramique<\/li>\n<li class=\"me-2 mb-2\">poterie<\/li>\n<\/ul>\n<p><a class=\"btn btn-lg shadow-lg btn-primary rounded-pill fnac_link\" data-fnac=\"haut\" href=\"https:\/\/lb.affilae.com\/r\/?p=5f7dd9b02760126e01e487b3&amp;af=628&amp;lp=https%3A%2F%2Fwww.funbooker.com%2Ffr%2Fannonce%2Fatelier-ceramique-poterie-creation-dune-carafe-a-lille-57%2Fvoir%3Futm_source%3Daffilae%26utm_medium%3Djds\" target=\"_blank\" rel=\"nofollow noopener\"> Acheter des billets<\/a><\/p>\n<p>Plongez dans l\u2019univers de la c\u00e9ramique et apprenez \u00e0 r\u00e9aliser votre propre carafe, un objet aussi pratique qu\u2019esth\u00e9tique. Sidonie, votre guide passionn\u00e9e, vous accompagnera tout au long du processus pour vous permettre de d\u00e9couvrir l\u2019art de la cr\u00e9ation en terre.<\/p>\n<p><a data-lightbox=\"article\" data-title=\"Atelier c\u00e9ramique\/poterie cr\u00e9ation d&#039;une carafe \u00e0 Lille (59) DR\" class=\"image detail fullwidth  position-relative d-block\" href=\"https:\/\/www.jds.fr\/medias\/image\/atelier-ceramique-poterie-creation-d-une-carafe-a-792382-920-0-F.webp\" title=\"Atelier c\u00e9ramique\/poterie cr\u00e9ation d&#039;une carafe \u00e0 Lille (59) DR\" target=\"_blank\" rel=\"noopener\"><br \/>\n<img decoding=\"async\" loading=\"lazy\" src=\"https:\/\/www.europesays.com\/fr\/wp-content\/uploads\/2025\/12\/atelier-ceramique-poterie-creation-d-une-carafe-a-792382-1200-0.webp.webp\"   width=\"685\" alt=\"Atelier c\u00e9ramique\/poterie cr\u00e9ation d'une carafe \u00e0 Lille (59)\" class=\"border\"\/><br \/>\nDR<br \/>\nAtelier c\u00e9ramique\/poterie cr\u00e9ation d&rsquo;une carafe \u00e0 Lille (59)<br \/>\n<\/a><\/p>\n<p><strong>D\u00e9roulement de l\u2019atelier (2 h)<\/strong><\/p>\n<ul>\n<li>Accueil et pr\u00e9sentation des techniques de modelage par Sidonie.<\/li>\n<li>Initiation \u00e0 la technique de la plaque.<\/li>\n<li>Fabrication de votre carafe\u00a0: travail \u00e0 la main et avec des outils pour obtenir la forme d\u00e9sir\u00e9e.<\/li>\n<li>D\u00e9coration et finition de votre cr\u00e9ation avec des techniques d\u2019empreintes ou des d\u00e9cors appliqu\u00e9s.<\/li>\n<li>Sidonie se chargera ensuite du s\u00e9chage, de l\u2019\u00e9maillage et de la cuisson.<\/li>\n<\/ul>\n<p>Cet atelier vous permettra de repartir avec un objet unique, fa\u00e7onn\u00e9 de vos mains et pr\u00eat \u00e0 \u00eatre utilis\u00e9 ou expos\u00e9 chez vous. L\u2019ambiance conviviale et cr\u00e9ative vous garantira un moment agr\u00e9able et enrichissant\u00a0!<\/p>\n<p>            Renseignements<\/p>\n<p><strong class=\"font-size-18\">O\u00f9\u00a0:<\/strong><br \/> 22 Rue du Magasin<a class=\"mt-1 d-block ps-4\" href=\"https:\/\/www.jds.fr\/lille\/\" target=\"_blank\" rel=\"noopener\"> 59800 Lille<\/a><\/p>\n<p>Tarifs et billetterie\u00a0: <\/p>\n<p>ATelier c\u00e9ramique\/poterie cr\u00e9ation d&rsquo;une carafe, Prix \/ personne : 75\u00a0\u20ac<\/p>\n<p><a href=\"https:\/\/www.jds.fr\/lille\/magazine\/\" class=\"btn btn-outline-primary py-2 px-4\" target=\"_blank\" rel=\"noopener\">Voir toutes les actualit\u00e9s \u00e0 Lille<\/a><\/p>\n<p class=\"mt-0 mb-3 h2\">Newsletter JDS Lille<\/p>\n<p class=\"font-size-18 fw-normal lh-sm\">Pr\u00eat pour un week-end de folie\u00a0? Chaque jeudi tous les bons plans sorties<\/p>\n","protected":false},"excerpt":{"rendered":"22 Rue du Magasin | Lille ATelier c\u00e9ramique\/poterie cr\u00e9ation d&rsquo;une carafe, Prix \/ personne : 75\u00a0\u20ac cr\u00e9atif artistique&hellip;\n","protected":false},"author":2,"featured_media":611972,"comment_status":"","ping_status":"","sticky":false,"template":"","format":"standard","meta":{"footnotes":""},"categories":[2815],"tags":[1111,11,1777,674,1011,27,811,1307,12,25],"class_list":{"0":"post-611971","1":"post","2":"type-post","3":"status-publish","4":"format-standard","5":"has-post-thumbnail","7":"category-lille","8":"tag-actu","9":"tag-actualites","10":"tag-eu","11":"tag-europe","12":"tag-fr","13":"tag-france","14":"tag-hauts-de-france","15":"tag-lille","16":"tag-news","17":"tag-republique-francaise"},"share_on_mastodon":{"url":"https:\/\/pubeurope.com\/@fr\/115752701547978772","error":""},"_links":{"self":[{"href":"https:\/\/www.europesays.com\/fr\/wp-json\/wp\/v2\/posts\/611971","targetHints":{"allow":["GET"]}}],"collection":[{"href":"https:\/\/www.europesays.com\/fr\/wp-json\/wp\/v2\/posts"}],"about":[{"href":"https:\/\/www.europesays.com\/fr\/wp-json\/wp\/v2\/types\/post"}],"author":[{"embeddable":true,"href":"https:\/\/www.europesays.com\/fr\/wp-json\/wp\/v2\/users\/2"}],"replies":[{"embeddable":true,"href":"https:\/\/www.europesays.com\/fr\/wp-json\/wp\/v2\/comments?post=611971"}],"version-history":[{"count":0,"href":"https:\/\/www.europesays.com\/fr\/wp-json\/wp\/v2\/posts\/611971\/revisions"}],"wp:featuredmedia":[{"embeddable":true,"href":"https:\/\/www.europesays.com\/fr\/wp-json\/wp\/v2\/media\/611972"}],"wp:attachment":[{"href":"https:\/\/www.europesays.com\/fr\/wp-json\/wp\/v2\/media?parent=611971"}],"wp:term":[{"taxonomy":"category","embeddable":true,"href":"https:\/\/www.europesays.com\/fr\/wp-json\/wp\/v2\/categories?post=611971"},{"taxonomy":"post_tag","embeddable":true,"href":"https:\/\/www.europesays.com\/fr\/wp-json\/wp\/v2\/tags?post=611971"}],"curies":[{"name":"wp","href":"https:\/\/api.w.org\/{rel}","templated":true}]}}