{"id":611973,"date":"2025-12-20T15:53:24","date_gmt":"2025-12-20T15:53:24","guid":{"rendered":"https:\/\/www.europesays.com\/fr\/611973\/"},"modified":"2025-12-20T15:53:24","modified_gmt":"2025-12-20T15:53:24","slug":"cdf-st-maur-lusitanos-0-0-lille-mi-tps-football","status":"publish","type":"post","link":"https:\/\/www.europesays.com\/fr\/611973\/","title":{"rendered":"CdF : St-Maur Lusitanos 0-0 Lille (mi-tps) &#8211; Football"},"content":{"rendered":"<p class=\"par1\">\u00c0 la pause, Lille est tenu en \u00e9chec par le Saint-Maur Lusitanos (0-0), ce samedi, en 32es de finale de la Coupe de France.<\/p>\n<p class=\"par1\">Les Lillois avaient la ma\u00eetrise du ballon mais peinaient \u00e0 se montrer r\u00e9ellement dangereux face \u00e0 un bloc saint-maurien bien en place. Malgr\u00e9 quelques situations int\u00e9ressantes, notamment par Mbapp\u00e9, Haraldsson ou Giroud, les tentatives nordistes \u00e9taient r\u00e9guli\u00e8rement contr\u00e9es ou manquaient de pr\u00e9cision dans le dernier geste.<\/p>\n<p class=\"par1\">De leur c\u00f4t\u00e9, les Lusitanos ne se contentaient pas de d\u00e9fendre et tentaient de jouer leurs coups \u00e0 fond. Meftah obligeait Meunier \u00e0 conc\u00e9der un corner, tandis que Keita se signalait par une frappe soudaine apr\u00e8s un bon travail de Dexet sur le c\u00f4t\u00e9 gauche. S\u00e9rieux et appliqu\u00e9s, les pensionnaires de National 2 r\u00e9sistaient aux assauts lillois \u00e0 la pause.<\/p>\n<p><b><a target=\"_blank\" href=\"http:\/\/www.maxifoot-live.com\/\" rel=\"noopener\">Suivez l&rsquo;\u00e9volution du score et les buteurs en DIRECT sur le Live-Score de Maxifoot.<\/a><\/b><b id=\"momo\"\/><\/p>\n","protected":false},"excerpt":{"rendered":"\u00c0 la pause, Lille est tenu en \u00e9chec par le Saint-Maur Lusitanos (0-0), ce samedi, en 32es de&hellip;\n","protected":false},"author":2,"featured_media":611974,"comment_status":"","ping_status":"","sticky":false,"template":"","format":"standard","meta":{"footnotes":""},"categories":[2815],"tags":[1111,11,2266,2262,2261,1981,83,2260,451,2263,1777,674,462,2269,2257,63,1011,27,2265,811,1441,453,66,447,1307,2267,955,12,2268,241,149,70,1817,93,2264,25,2258,2259,969,455],"class_list":{"0":"post-611973","1":"post","2":"type-post","3":"status-publish","4":"format-standard","5":"has-post-thumbnail","7":"category-lille","8":"tag-actu","9":"tag-actualites","10":"tag-as-monaco","11":"tag-bundesligua","12":"tag-calcio","13":"tag-classement","14":"tag-coupe-de-france","15":"tag-coupe-de-la-ligue","16":"tag-coupe-du-monde","17":"tag-equipe","18":"tag-eu","19":"tag-europe","20":"tag-fc-nantes","21":"tag-fifa","22":"tag-foot","23":"tag-football","24":"tag-fr","25":"tag-france","26":"tag-girondins-bordeaux","27":"tag-hauts-de-france","28":"tag-joueur","29":"tag-liga","30":"tag-ligue-1","31":"tag-ligue-des-champions","32":"tag-lille","33":"tag-losc","34":"tag-match","35":"tag-news","36":"tag-ogc-nice","37":"tag-ol","38":"tag-om","39":"tag-premier-league","40":"tag-pronostic","41":"tag-psg","42":"tag-rc-lens","43":"tag-republique-francaise","44":"tag-resultat","45":"tag-score","46":"tag-transfert","47":"tag-uefa"},"share_on_mastodon":{"url":"https:\/\/pubeurope.com\/@fr\/115752704698971668","error":""},"_links":{"self":[{"href":"https:\/\/www.europesays.com\/fr\/wp-json\/wp\/v2\/posts\/611973","targetHints":{"allow":["GET"]}}],"collection":[{"href":"https:\/\/www.europesays.com\/fr\/wp-json\/wp\/v2\/posts"}],"about":[{"href":"https:\/\/www.europesays.com\/fr\/wp-json\/wp\/v2\/types\/post"}],"author":[{"embeddable":true,"href":"https:\/\/www.europesays.com\/fr\/wp-json\/wp\/v2\/users\/2"}],"replies":[{"embeddable":true,"href":"https:\/\/www.europesays.com\/fr\/wp-json\/wp\/v2\/comments?post=611973"}],"version-history":[{"count":0,"href":"https:\/\/www.europesays.com\/fr\/wp-json\/wp\/v2\/posts\/611973\/revisions"}],"wp:featuredmedia":[{"embeddable":true,"href":"https:\/\/www.europesays.com\/fr\/wp-json\/wp\/v2\/media\/611974"}],"wp:attachment":[{"href":"https:\/\/www.europesays.com\/fr\/wp-json\/wp\/v2\/media?parent=611973"}],"wp:term":[{"taxonomy":"category","embeddable":true,"href":"https:\/\/www.europesays.com\/fr\/wp-json\/wp\/v2\/categories?post=611973"},{"taxonomy":"post_tag","embeddable":true,"href":"https:\/\/www.europesays.com\/fr\/wp-json\/wp\/v2\/tags?post=611973"}],"curies":[{"name":"wp","href":"https:\/\/api.w.org\/{rel}","templated":true}]}}