{"id":611978,"date":"2025-12-20T15:56:13","date_gmt":"2025-12-20T15:56:13","guid":{"rendered":"https:\/\/www.europesays.com\/fr\/611978\/"},"modified":"2025-12-20T15:56:13","modified_gmt":"2025-12-20T15:56:13","slug":"plus-de-3-000-personnes-controlees","status":"publish","type":"post","link":"https:\/\/www.europesays.com\/fr\/611978\/","title":{"rendered":"plus de 3\u00a0000 personnes contr\u00f4l\u00e9es"},"content":{"rendered":"<p>Ces 17 et 18\u00a0d\u00e9cembre derniers, la direction interd\u00e9partementale de la police nationale du Rh\u00f4ne a men\u00e9 une op\u00e9ration \u00ab\u00a0ville s\u00e9curit\u00e9 renforc\u00e9e\u00a0\u00bb \u00e0 Villeurbanne. Cela fait suite \u00e0 la mise en place du plan d\u2019action d\u00e9partemental de restauration de la s\u00e9curit\u00e9 du quotidien. Au total, 86 policiers nationaux (effectifs de la division, effectifs d\u00e9partementaux, SISTC, CRS, police aux fronti\u00e8res), agents des douanes, policiers municipaux, agents de la RATP, de KEOLIS, de la DDPP et de l\u2019URSSAF ont \u00e9t\u00e9 mobilis\u00e9s dans le cadre de ce dispositif \u00e0 l\u2019approche des f\u00eates de fin d\u2019ann\u00e9e.<\/p>\n<p>  Six personnes interpell\u00e9es pour trafic de stup\u00e9fiant<\/p>\n<p>Le bilan de l\u2019op\u00e9ration fait ainsi \u00e9tat de 3\u00a0288 personnes contr\u00f4l\u00e9es par les forces de l\u2019ordre et les contr\u00f4leurs des transports publics. Sept individus ont \u00e9t\u00e9 interpell\u00e9s dont 6 pour trafic de stup\u00e9fiant.<\/p>\n<p>Ce contenu est bloqu\u00e9 car vous n&rsquo;avez pas accept\u00e9 les cookies et autres traceurs.<\/p>\n<p>En cliquant sur \u00ab J\u2019accepte \u00bb, les cookies et autres traceurs seront d\u00e9pos\u00e9s et vous pourrez visualiser les contenus  (<a href=\"\" class=\"consentModule_policy\" target=\"_blank\" title=\"Consulter la politique de protection des donn\u00e9es du fournisseur\">plus d&rsquo;informations<\/a>).<\/p>\n<p>En cliquant sur \u00ab J\u2019accepte tous les cookies \u00bb, vous autorisez des d\u00e9p\u00f4ts de cookies et autres traceurs pour le stockage de vos donn\u00e9es sur nos sites et applications \u00e0 des fins de personnalisation et de ciblage publicitaire.<\/p>\n<p class=\"consentModule_secondaryText\">Vous gardez la possibilit\u00e9 de retirer votre consentement \u00e0 tout moment en consultant notre <a href=\"https:\/\/www.leprogres.fr\/protection-des-donnees\" target=\"_blank\" title=\"Consulter notre politique de protection des donn\u00e9es\" rel=\"noopener\">politique de protection des donn\u00e9es<\/a>. <br \/>&#13;<br \/>\n            <a href=\"https:\/\/www.leprogres.fr\/faits-divers-justice\/2025\/12\/20\/javascript:Didomi.notice.show()\" class=\"consentModule_cmp\" target=\"_blank\" rel=\"noopener\">G\u00e9rer mes choix<\/a>&#13;\n        <\/p>\n<p>&#13;<br \/>\n                        J&rsquo;accepte&#13;<br \/>\n            J&rsquo;accepte tous les cookies&#13;\n        <\/p>\n<p>\u00c0 cela s\u2019ajoutent 124 verbalisations (d\u00e9faut de titre de transport, d\u00e9lit routier, mise en fourri\u00e8re, immobilisation,\u00a0etc). Deux commerces ont \u00e9galement fait l\u2019objet de rappels pour non-conformit\u00e9 du r\u00e8glement de s\u00e9curit\u00e9 contre l\u2019incendie.<\/p>\n","protected":false},"excerpt":{"rendered":"Ces 17 et 18\u00a0d\u00e9cembre derniers, la direction interd\u00e9partementale de la police nationale du Rh\u00f4ne a men\u00e9 une op\u00e9ration&hellip;\n","protected":false},"author":2,"featured_media":611979,"comment_status":"","ping_status":"","sticky":false,"template":"","format":"standard","meta":{"footnotes":""},"categories":[1889],"tags":[1111,11,2430,2757,1777,674,274,1011,27,2428,12,25,2429,6345,6346],"class_list":{"0":"post-611978","1":"post","2":"type-post","3":"status-publish","4":"format-standard","5":"has-post-thumbnail","7":"category-lyon","8":"tag-actu","9":"tag-actualites","10":"tag-auvergne-rhone-alpes","11":"tag-edition-lyon-villeurbanne","12":"tag-eu","13":"tag-europe","14":"tag-faits-divers-justice","15":"tag-fr","16":"tag-france","17":"tag-lyon","18":"tag-news","19":"tag-republique-francaise","20":"tag-rhone","21":"tag-villeurbanne","22":"tag-villeurbanne-bassin"},"share_on_mastodon":{"url":"https:\/\/pubeurope.com\/@fr\/115752716525953173","error":""},"_links":{"self":[{"href":"https:\/\/www.europesays.com\/fr\/wp-json\/wp\/v2\/posts\/611978","targetHints":{"allow":["GET"]}}],"collection":[{"href":"https:\/\/www.europesays.com\/fr\/wp-json\/wp\/v2\/posts"}],"about":[{"href":"https:\/\/www.europesays.com\/fr\/wp-json\/wp\/v2\/types\/post"}],"author":[{"embeddable":true,"href":"https:\/\/www.europesays.com\/fr\/wp-json\/wp\/v2\/users\/2"}],"replies":[{"embeddable":true,"href":"https:\/\/www.europesays.com\/fr\/wp-json\/wp\/v2\/comments?post=611978"}],"version-history":[{"count":0,"href":"https:\/\/www.europesays.com\/fr\/wp-json\/wp\/v2\/posts\/611978\/revisions"}],"wp:featuredmedia":[{"embeddable":true,"href":"https:\/\/www.europesays.com\/fr\/wp-json\/wp\/v2\/media\/611979"}],"wp:attachment":[{"href":"https:\/\/www.europesays.com\/fr\/wp-json\/wp\/v2\/media?parent=611978"}],"wp:term":[{"taxonomy":"category","embeddable":true,"href":"https:\/\/www.europesays.com\/fr\/wp-json\/wp\/v2\/categories?post=611978"},{"taxonomy":"post_tag","embeddable":true,"href":"https:\/\/www.europesays.com\/fr\/wp-json\/wp\/v2\/tags?post=611978"}],"curies":[{"name":"wp","href":"https:\/\/api.w.org\/{rel}","templated":true}]}}