{"id":611980,"date":"2025-12-20T15:57:28","date_gmt":"2025-12-20T15:57:28","guid":{"rendered":"https:\/\/www.europesays.com\/fr\/611980\/"},"modified":"2025-12-20T15:57:28","modified_gmt":"2025-12-20T15:57:28","slug":"a-lyon-la-region-rend-hommage-a-lamitie-franco-armenienne","status":"publish","type":"post","link":"https:\/\/www.europesays.com\/fr\/611980\/","title":{"rendered":"\u00c0 Lyon, la R\u00e9gion rend hommage \u00e0 l&rsquo;amiti\u00e9 franco-arm\u00e9nienne"},"content":{"rendered":"<p>                            <img loading=\"lazy\" width=\"1200\" height=\"800\" class=\"attachment-article size-article wp-post-image lazyload\" alt=\"\" decoding=\"async\" src=\"https:\/\/www.europesays.com\/fr\/wp-content\/uploads\/2025\/12\/Photo-Inauguration-du-Jardin-du-Syunik-2.jpg\" data-eio-rwidth=\"1200\" data-eio-rheight=\"800\"\/><\/p>\n<p>Laurent Wauquiez, Narin\u00e9 Nikolyan et Fabrice Pannekoucke ont inaugur\u00e9 ce vendredi 19 d\u00e9cembre le Jardin de Syunik.<\/p>\n<p class=\"content\" style=\"font-size:1.2em;font-weight:700\">Au coeur de l&rsquo;H\u00f4tel de R\u00e9gion de Lyon, un ancien jardin d&rsquo;hiver a \u00e9t\u00e9 rebaptis\u00e9 Jardin de Syunik ce vendredi 19 d\u00e9cembre. Cette inauguration symbolique vise \u00e0 rappeler les liens historiques et la solidarit\u00e9 entre la r\u00e9gion Auvergne-Rh\u00f4ne-Alpes et l&rsquo;Arm\u00e9nie.<\/p>\n<p>Ce vendredi 19 d\u00e9cembre, en pr\u00e9sence de Narin\u00e9 Nikolyan, la consule g\u00e9n\u00e9rale d&rsquo;Arm\u00e9nie en France, la collectivit\u00e9 a renomm\u00e9 le jardin d&rsquo;hiver de l&rsquo;H\u00f4tel de R\u00e9gion en jardin de Syunik, r\u00e9f\u00e9rence \u00e0 la r\u00e9gion sud de l\u2019Arm\u00e9nie qui est enclav\u00e9e dans le belliqueux Azerba\u00efdjan. \u00ab\u00a0Les \u00e9preuves que traverse le peuple arm\u00e9nien et tout particuli\u00e8rement les habitants du Syunik demeurent au c\u0153ur de nos pr\u00e9occupations. Ce geste est un jalon hautement symbolique\u00a0\u00bb, d\u00e9clare Fabrice Pannekoucke, pr\u00e9sident de la r\u00e9gion Auvergne-Rh\u00f4ne-Alpes. <\/p>\n<p><strong>Lire aussi :<\/strong> <a href=\"https:\/\/www.lyoncapitale.fr\/actualite\/la-region-auvergne-rhone-alpes-renforce-son-partenariat-avec-larmenie\" target=\"_blank\" rel=\"noreferrer noopener\">La R\u00e9gion Auvergne-Rh\u00f4ne-Alpes renforce son partenariat avec l\u2019Arm\u00e9nie<\/a><\/p>\n<p>Cette inauguration s&rsquo;inscrit dans une coop\u00e9ration engag\u00e9e depuis pr\u00e8s de dix ans maintenant entre la R\u00e9gion et l&rsquo;Arm\u00e9nie. \u00ab\u00a0Les \u00e9preuves que traverse le peuple arm\u00e9nien, en particulier dans la r\u00e9gion du Syunik, sont<br \/>intol\u00e9rables et nous avons le devoir de ne pas d\u00e9tourner le regard. (&#8230;) En Auvergne-Rh\u00f4ne-Alpes, nous ne baissons pas les bras, nous ne nous taisons pas et nous restons pleinement mobilis\u00e9s aux c\u00f4t\u00e9s des Arm\u00e9niens et des habitants du Syunik \u00bb, assure Laurent Wauquiez, conseiller sp\u00e9cial de la R\u00e9gion.<\/p>\n<p>Prochainement, une r\u00e9plique de la porte du col de Vorotan, symbole strat\u00e9gique de l&rsquo;Arm\u00e9nie m\u00e9ridionale et du Haut-Karabah, viendra compl\u00e9ter cet espace de m\u00e9moire et de soutien. La R\u00e9gion Auvergne-Rh\u00f4ne-Alpes est celle qui compte le plus grand nombre de monuments \u00e0 la m\u00e9moire du g\u00e9nocide et recense pr\u00e8s de 100 000 Fran\u00e7ais d\u2019origine arm\u00e9nienne, selon les responsables r\u00e9gionaux. <\/p>\n<p><strong>Lire aussi :<\/strong> <a href=\"https:\/\/www.lyoncapitale.fr\/actualite\/la-communaute-armenienne-de-lyon-entre-integration-et-francisation\" target=\"_blank\" rel=\"noreferrer noopener\">La communaut\u00e9 arm\u00e9nienne de Lyon, entre int\u00e9gration et francisation<\/a><\/p>\n","protected":false},"excerpt":{"rendered":"Laurent Wauquiez, Narin\u00e9 Nikolyan et Fabrice Pannekoucke ont inaugur\u00e9 ce vendredi 19 d\u00e9cembre le Jardin de Syunik. Au&hellip;\n","protected":false},"author":2,"featured_media":611981,"comment_status":"","ping_status":"","sticky":false,"template":"","format":"standard","meta":{"footnotes":""},"categories":[1889],"tags":[1111,11,5950,2430,1777,674,1011,27,2428,12,25,2429],"class_list":{"0":"post-611980","1":"post","2":"type-post","3":"status-publish","4":"format-standard","5":"has-post-thumbnail","7":"category-lyon","8":"tag-actu","9":"tag-actualites","10":"tag-armenie","11":"tag-auvergne-rhone-alpes","12":"tag-eu","13":"tag-europe","14":"tag-fr","15":"tag-france","16":"tag-lyon","17":"tag-news","18":"tag-republique-francaise","19":"tag-rhone"},"share_on_mastodon":{"url":"https:\/\/pubeurope.com\/@fr\/115752721217336158","error":""},"_links":{"self":[{"href":"https:\/\/www.europesays.com\/fr\/wp-json\/wp\/v2\/posts\/611980","targetHints":{"allow":["GET"]}}],"collection":[{"href":"https:\/\/www.europesays.com\/fr\/wp-json\/wp\/v2\/posts"}],"about":[{"href":"https:\/\/www.europesays.com\/fr\/wp-json\/wp\/v2\/types\/post"}],"author":[{"embeddable":true,"href":"https:\/\/www.europesays.com\/fr\/wp-json\/wp\/v2\/users\/2"}],"replies":[{"embeddable":true,"href":"https:\/\/www.europesays.com\/fr\/wp-json\/wp\/v2\/comments?post=611980"}],"version-history":[{"count":0,"href":"https:\/\/www.europesays.com\/fr\/wp-json\/wp\/v2\/posts\/611980\/revisions"}],"wp:featuredmedia":[{"embeddable":true,"href":"https:\/\/www.europesays.com\/fr\/wp-json\/wp\/v2\/media\/611981"}],"wp:attachment":[{"href":"https:\/\/www.europesays.com\/fr\/wp-json\/wp\/v2\/media?parent=611980"}],"wp:term":[{"taxonomy":"category","embeddable":true,"href":"https:\/\/www.europesays.com\/fr\/wp-json\/wp\/v2\/categories?post=611980"},{"taxonomy":"post_tag","embeddable":true,"href":"https:\/\/www.europesays.com\/fr\/wp-json\/wp\/v2\/tags?post=611980"}],"curies":[{"name":"wp","href":"https:\/\/api.w.org\/{rel}","templated":true}]}}