{"id":611992,"date":"2025-12-20T16:05:16","date_gmt":"2025-12-20T16:05:16","guid":{"rendered":"https:\/\/www.europesays.com\/fr\/611992\/"},"modified":"2025-12-20T16:05:16","modified_gmt":"2025-12-20T16:05:16","slug":"ils-ont-tout-mise-la-dessus-lukraine-vise-les-actifs-petroliers-russes-en-mer-loin-des-frontieres-ukrainiennes","status":"publish","type":"post","link":"https:\/\/www.europesays.com\/fr\/611992\/","title":{"rendered":"\u00ab\u00a0Ils ont tout mis\u00e9 l\u00e0-dessus\u00a0\u00bb : l&rsquo;Ukraine vise les actifs p\u00e9troliers russes en mer, loin des fronti\u00e8res ukrainiennes"},"content":{"rendered":"<ul class=\"jsx-862013697 ArticleChapo__List\">\n<li class=\"jsx-862013697 ArticleChapo__List_Item flex\">L&rsquo;Ukraine aurait frapp\u00e9 plusieurs p\u00e9troliers et plateformes de forage russes en mer M\u00e9diterran\u00e9e cette semaine.<\/li>\n<li class=\"jsx-862013697 ArticleChapo__List_Item flex\">La guerre avec la Russie se joue \u00e9galement loin de sa fronti\u00e8re.<\/li>\n<\/ul>\n<p data-module=\"article-paragraph\" class=\"jsx-157965717 Paragraph\">La guerre en <a href=\"https:\/\/www.tf1info.fr\/international\/c-est-financierement-fort-mais-symboliquement-assez-faible-le-pret-de-90-milliards-d-euros-a-l-ukraine-est-il-suffisant-pour-la-survie-du-pays-2413900.html\" target=\"_blank\" rel=\"noopener\">Ukraine<\/a> ne se d\u00e9roule pas uniquement dans les territoires attaqu\u00e9s par la <a href=\"https:\/\/www.tf1info.fr\/international\/ukraine-utilisation-des-avoirs-russes-geles-pourquoi-les-vingt-sept-n-ont-pas-reussi-a-s-accorder-2413776.html\" target=\"_blank\" rel=\"noopener\">Russie<\/a>. C&rsquo;est aussi un conflit qui se joue en mer, loin des fronti\u00e8res ukrainiennes. Kiev a publi\u00e9 des photos samedi 20 d\u00e9cembre au matin, affirmant avoir frapp\u00e9 un patrouilleur de la marine russe avec plusieurs drones. Cette semaine, une plateforme p\u00e9troli\u00e8re russe a \u00e9galement \u00e9t\u00e9 touch\u00e9e plusieurs fois par l&rsquo;Ukraine en mer M\u00e9diterran\u00e9e. Au large de la Libye, un p\u00e9trolier russe de la flotte fant\u00f4me a \u00e9galement \u00e9t\u00e9 cibl\u00e9.\u00a0<\/p>\n<p data-module=\"article-paragraph\" class=\"jsx-157965717 Paragraph Paragraph__End\">\u00ab\u00a0Les Ukrainiens savent qu&rsquo;ils ne vont pas y arriver sur le front\u00a0\u00bb, analyse Gwendoline Debono, grand reporter LCI, dans la vid\u00e9o en t\u00eate de cet article. \u00ab\u00a0La campagne des Ukrainiens contre les actifs p\u00e9troliers russes, l\u00e0 \u00e7a peut avoir des effets. Donc ils ont tout mis\u00e9 l\u00e0-dessus.\u00a0\u00bb<\/p>\n<p><a href=\"https:\/\/www.tf1info.fr\/international\/guerre-ukraine-russie-europe-union-europeenne-un-message-clair-a-vladimir-poutine-l-ue-debloque-90-milliards-d-euros-en-faveur-de-kiev-2413756.html\" rel=\"noopener\" class=\"jsx-3308031228 Link flex\" target=\"_blank\"><img decoding=\"async\" src=\"https:\/\/www.europesays.com\/fr\/wp-content\/uploads\/2025\/12\/drapeaux-europeens-bruxelles-7b8fe1-0@1x.jpeg\" alt=\"Getty Images\" loading=\"lazy\" importance=\"low\" fetchpriority=\"low\" class=\"\" aria-hidden=\"true\"\/><\/p>\n<p class=\"jsx-3657663356 ReadMoreArticle__Title\">Lire aussi<\/p>\n<p class=\"jsx-3657663356\">\u00ab\u00a0Un message clair \u00e0 Poutine\u00a0\u00bb : l&rsquo;UE va pr\u00eater 90 milliards d&rsquo;euros \u00e0 l&rsquo;Ukraine<\/p>\n<p><\/a><\/p>\n<p data-module=\"article-paragraph\" class=\"jsx-157965717 Paragraph\">La journaliste \u00e9num\u00e8re les diff\u00e9rentes op\u00e9rations men\u00e9es par l&rsquo;Ukraine depuis le d\u00e9but de la guerre : \u00ab\u00a0C&rsquo;est les frappes longue port\u00e9e contre les raffineries, [contre] la flotte fant\u00f4me. Ce sont les frappes contre les installations, contre les plateformes p\u00e9troli\u00e8res en mer.\u00a0\u00bb<\/p>\n<p data-module=\"article-paragraph\" class=\"jsx-157965717 Paragraph Paragraph__End\">\u00ab\u00a0Les Ukrainiens sont en Afrique l\u00e0 o\u00f9 sont les Russes\u00a0\u00bb, pointe aussi la journaliste. \u00ab\u00a0Ils \u00e9taient l\u00e0 au d\u00e9but essentiellement pour chasser des types de Wagner au Soudan. Et ils font pareil dans un certain nombre d&rsquo;autres pays : ils ont \u00e9t\u00e9 pr\u00e9sents au Mali aussi.\u00a0\u00bb<\/p>\n<p>Ga\u00eblle SHEEHAN<\/p>\n","protected":false},"excerpt":{"rendered":"L&rsquo;Ukraine aurait frapp\u00e9 plusieurs p\u00e9troliers et plateformes de forage russes en mer M\u00e9diterran\u00e9e cette semaine. La guerre avec&hellip;\n","protected":false},"author":2,"featured_media":611993,"comment_status":"","ping_status":"","sticky":false,"template":"","format":"standard","meta":{"footnotes":""},"categories":[1591],"tags":[1111,11,879,1921,1887,1922,13646,1916,12,1885,1886,132,220,67457,364,133,1920,134,8656],"class_list":{"0":"post-611992","1":"post","2":"type-post","3":"status-publish","4":"format-standard","5":"has-post-thumbnail","7":"category-russie","8":"tag-actu","9":"tag-actualites","10":"tag-afrique","11":"tag-article-video","12":"tag-federation-de-russie","13":"tag-info","14":"tag-lci-midi","15":"tag-moscou","16":"tag-news","17":"tag-russia","18":"tag-russian-federation","19":"tag-russie","20":"tag-ukraine","21":"tag-ukraine-russie-la-perspective-de-negociations-relancee","22":"tag-union-europeenne","23":"tag-video","24":"tag-video-international","25":"tag-volodymyr-zelensky","26":"tag-wagner"},"share_on_mastodon":{"url":"https:\/\/pubeurope.com\/@fr\/115752753078807651","error":""},"_links":{"self":[{"href":"https:\/\/www.europesays.com\/fr\/wp-json\/wp\/v2\/posts\/611992","targetHints":{"allow":["GET"]}}],"collection":[{"href":"https:\/\/www.europesays.com\/fr\/wp-json\/wp\/v2\/posts"}],"about":[{"href":"https:\/\/www.europesays.com\/fr\/wp-json\/wp\/v2\/types\/post"}],"author":[{"embeddable":true,"href":"https:\/\/www.europesays.com\/fr\/wp-json\/wp\/v2\/users\/2"}],"replies":[{"embeddable":true,"href":"https:\/\/www.europesays.com\/fr\/wp-json\/wp\/v2\/comments?post=611992"}],"version-history":[{"count":0,"href":"https:\/\/www.europesays.com\/fr\/wp-json\/wp\/v2\/posts\/611992\/revisions"}],"wp:featuredmedia":[{"embeddable":true,"href":"https:\/\/www.europesays.com\/fr\/wp-json\/wp\/v2\/media\/611993"}],"wp:attachment":[{"href":"https:\/\/www.europesays.com\/fr\/wp-json\/wp\/v2\/media?parent=611992"}],"wp:term":[{"taxonomy":"category","embeddable":true,"href":"https:\/\/www.europesays.com\/fr\/wp-json\/wp\/v2\/categories?post=611992"},{"taxonomy":"post_tag","embeddable":true,"href":"https:\/\/www.europesays.com\/fr\/wp-json\/wp\/v2\/tags?post=611992"}],"curies":[{"name":"wp","href":"https:\/\/api.w.org\/{rel}","templated":true}]}}