{"id":612004,"date":"2025-12-20T16:11:12","date_gmt":"2025-12-20T16:11:12","guid":{"rendered":"https:\/\/www.europesays.com\/fr\/612004\/"},"modified":"2025-12-20T16:11:12","modified_gmt":"2025-12-20T16:11:12","slug":"accord-ue-mercosur-lula-en-appelle-au-courage-des-dirigeants-europeens-actualites","status":"publish","type":"post","link":"https:\/\/www.europesays.com\/fr\/612004\/","title":{"rendered":"Accord UE-Mercosur: Lula en appelle au \u00ab\u00a0courage\u00a0\u00bb des dirigeants europ\u00e9ens : Actualit\u00e9s"},"content":{"rendered":"<p class=\"lead \">Le pr\u00e9sident br\u00e9silien Luiz Inacio Lula da Silva a appel\u00e9 samedi les dirigeants de l&rsquo;Union Europ\u00e9enne (UE) \u00e0 faire preuve de \u00ab\u00a0courage\u00a0\u00bb, apr\u00e8s le report de la signature de l&rsquo;accord de libre-\u00e9change avec le Mercosur.<\/p>\n<p class=\"lead \">\u00ab\u00a0Sans volont\u00e9 politique et sans courage de la part des dirigeants, ce ne sera pas possible de conclure une n\u00e9gociation qui tra\u00eene depuis 26 ans\u00a0\u00bb, a d\u00e9clar\u00e9 Lula en ouverture du sommet du bloc sud-am\u00e9ricain, \u00e0 Foz do Igua\u00e7u, dans le sud du Br\u00e9sil.<\/p>\n<p class=\"lead \">\u00ab\u00a0Hier, j&rsquo;ai re\u00e7u une lettre des pr\u00e9sidents de la Commission europ\u00e9enne et du Conseil europ\u00e9en, dans laquelle tous deux expriment l&rsquo;espoir de voir l&rsquo;accord approuv\u00e9 en janvier\u00a0\u00bb, a-t-il ajout\u00e9.<\/p>\n<p class=\"lead \">L&rsquo;Argentine, le Br\u00e9sil, le Paraguay et l&rsquo;Uruguay esp\u00e9raient initialement parapher le trait\u00e9 ce samedi, tout comme la pr\u00e9sidente de la Commission europ\u00e9enne, Ursula von der Leyen, et la plupart des pays de l&rsquo;UE.<\/p>\n<p class=\"lead \">Mais cette signature a finalement \u00e9t\u00e9 report\u00e9e, face \u00e0 la col\u00e8re des agriculteurs europ\u00e9ens, notamment en France et en Italie.<\/p>\n<p class=\"lead \">Vendredi, des dizaines d&rsquo;agriculteurs ont manifest\u00e9 devant la villa du pr\u00e9sident fran\u00e7ais Emmanuel Macron au Touquet, dans le nord de la France, d\u00e9versant des tonnes de fumier, de pneus et de branchages \u00e0 l&rsquo;entr\u00e9e de la r\u00e9sidence.<\/p>\n<p class=\"lead \">Et samedi, des barrages sont toujours en place sur des axes routiers et autoroutiers du sud-ouest de la France, au premier jour des vacances scolaires dans le pays. <\/p>\n<p class=\"lead \">M. Macron a jug\u00e9 qu&rsquo;il \u00e9tait \u00ab\u00a0trop t\u00f4t\u00a0\u00bb pour dire s&rsquo;il acceptera la signature le mois prochain.<\/p>\n<p class=\"lead \">\u00ab\u00a0Nous connaissions tous la position historique de la France, ce n&rsquo;\u00e9tait pas une nouveaut\u00e9\u00a0\u00bb, a d\u00e9clar\u00e9 Lula samedi.<\/p>\n<p class=\"lead \">Au sujet de la r\u00e9ticence de la Premi\u00e8re ministre italienne Giorgia Meloni, qui a jug\u00e9 \u00ab\u00a0pr\u00e9matur\u00e9e\u00a0\u00bb une signature de l&rsquo;accord samedi, le pr\u00e9sident br\u00e9silien a affirm\u00e9 qu&rsquo;elle lui avait assur\u00e9 lors d&rsquo;une conversation t\u00e9l\u00e9phonique qu&rsquo;elle serait \u00ab\u00a0pr\u00eate\u00a0\u00bb \u00e0 l&rsquo;accepter d\u00e9but janvier.<\/p>\n<p class=\"lead \">\u00ab\u00a0Si elle est pr\u00eate \u00e0 signer et qu&rsquo;il ne manque plus que la France, Ursula von der Leyen et Ant\u00f3nio Costa (pr\u00e9sident du Conseil europ\u00e9en, ndlr) m&rsquo;ont assur\u00e9 que la France ne pourra pas, \u00e0 elle seule, bloquer l&rsquo;accord\u00a0\u00bb, a lanc\u00e9 Lula.<\/p>\n<p class=\"lead \">&#8211; \u00ab\u00a0D\u00e9fense du multilat\u00e9ralisme\u00a0\u00bb &#8211;<\/p>\n<p class=\"lead \">L&rsquo;accord UE-Mercosur permettrait aux europ\u00e9ens d&rsquo;exporter davantage de v\u00e9hicules, machines, vins et spiritueux en Am\u00e9rique du Sud. <\/p>\n<p class=\"lead \">Dans le sens inverse, il faciliterait l&rsquo;entr\u00e9e en Europe de viande, sucre, riz, miel et soja sud-am\u00e9ricains, ce qui alarme les fili\u00e8res concern\u00e9es.<\/p>\n<p class=\"lead \">Une source au sein de la Commission europ\u00e9enne et deux diplomates ont indiqu\u00e9 que la nouvelle \u00e9ch\u00e9ance vis\u00e9e est d\u00e9sormais le 12 janvier au Paraguay, qui va succ\u00e9der au Br\u00e9sil \u00e0 la pr\u00e9sidence tournante du Mercosur.<\/p>\n<p class=\"lead \">Mais le ministre paraguayen des Affaires \u00e9trang\u00e8res, Rub\u00e9n Ram\u00edrez, avait affirm\u00e9 vendredi n&rsquo;avoir re\u00e7u \u00ab\u00a0aucune communication officielle\u00a0\u00bb au sujet de cette date.<\/p>\n<p class=\"lead \">Il avait \u00e9galement mis en garde l&rsquo;UE, affirmant que la patience du Mercosur avait des limites.<\/p>\n<p class=\"lead \">\u00ab\u00a0Nous sommes pr\u00eats \u00e0 aller de l&rsquo;avant, sachant que l&rsquo;Europe a ses d\u00e9lais \u00e0 respecter pour r\u00e9gler les questions institutionnelles internes, mais en m\u00eame temps, ces d\u00e9lais ne sont pas infinis\u00a0\u00bb, avait-il lanc\u00e9.<\/p>\n<p class=\"lead \">Lula avait mis un point d&rsquo;honneur \u00e0 ce que le trait\u00e9 soit sign\u00e9 dans son pays, avant de transmettre la pr\u00e9sidence du Mercosur au Paraguay.<\/p>\n<p class=\"lead \">\u00ab\u00a0Nous avions entre nos mains l&rsquo;occasion de transmettre au monde un message important en d\u00e9fense du multilat\u00e9ralisme et de renforcer notre position strat\u00e9gique dans un contexte mondial de plus en plus comp\u00e9titif. Mais, malheureusement, l&rsquo;Europe ne s&rsquo;est pas encore d\u00e9cid\u00e9e\u00a0\u00bb, a-t-il d\u00e9plor\u00e9.<\/p>\n<p class=\"small font-weight-bold text-gray3 \"> publi\u00e9 le 20 d\u00e9cembre \u00e0 16h58, AFP<\/p>\n<p>                             Partager<\/p>\n","protected":false},"excerpt":{"rendered":"Le pr\u00e9sident br\u00e9silien Luiz Inacio Lula da Silva a appel\u00e9 samedi les dirigeants de l&rsquo;Union Europ\u00e9enne (UE) \u00e0&hellip;\n","protected":false},"author":2,"featured_media":612005,"comment_status":"","ping_status":"","sticky":false,"template":"","format":"standard","meta":{"footnotes":""},"categories":[1586],"tags":[743,11,17787,215,312,1777,674,1779,1011,27,21426,12,25,1778,364],"class_list":{"0":"post-612004","1":"post","2":"type-post","3":"status-publish","4":"format-standard","5":"has-post-thumbnail","7":"category-europe","8":"tag-accord","9":"tag-actualites","10":"tag-brsil","11":"tag-commerce","12":"tag-diplomatie","13":"tag-eu","14":"tag-europe","15":"tag-european-union","16":"tag-fr","17":"tag-france","18":"tag-mercosur","19":"tag-news","20":"tag-republique-francaise","21":"tag-ue","22":"tag-union-europeenne"},"share_on_mastodon":{"url":"https:\/\/pubeurope.com\/@fr\/115752775477566627","error":""},"_links":{"self":[{"href":"https:\/\/www.europesays.com\/fr\/wp-json\/wp\/v2\/posts\/612004","targetHints":{"allow":["GET"]}}],"collection":[{"href":"https:\/\/www.europesays.com\/fr\/wp-json\/wp\/v2\/posts"}],"about":[{"href":"https:\/\/www.europesays.com\/fr\/wp-json\/wp\/v2\/types\/post"}],"author":[{"embeddable":true,"href":"https:\/\/www.europesays.com\/fr\/wp-json\/wp\/v2\/users\/2"}],"replies":[{"embeddable":true,"href":"https:\/\/www.europesays.com\/fr\/wp-json\/wp\/v2\/comments?post=612004"}],"version-history":[{"count":0,"href":"https:\/\/www.europesays.com\/fr\/wp-json\/wp\/v2\/posts\/612004\/revisions"}],"wp:featuredmedia":[{"embeddable":true,"href":"https:\/\/www.europesays.com\/fr\/wp-json\/wp\/v2\/media\/612005"}],"wp:attachment":[{"href":"https:\/\/www.europesays.com\/fr\/wp-json\/wp\/v2\/media?parent=612004"}],"wp:term":[{"taxonomy":"category","embeddable":true,"href":"https:\/\/www.europesays.com\/fr\/wp-json\/wp\/v2\/categories?post=612004"},{"taxonomy":"post_tag","embeddable":true,"href":"https:\/\/www.europesays.com\/fr\/wp-json\/wp\/v2\/tags?post=612004"}],"curies":[{"name":"wp","href":"https:\/\/api.w.org\/{rel}","templated":true}]}}