{"id":612008,"date":"2025-12-20T16:13:15","date_gmt":"2025-12-20T16:13:15","guid":{"rendered":"https:\/\/www.europesays.com\/fr\/612008\/"},"modified":"2025-12-20T16:13:15","modified_gmt":"2025-12-20T16:13:15","slug":"huetter-ouvre-son-compteur-vonn-3e","status":"publish","type":"post","link":"https:\/\/www.europesays.com\/fr\/612008\/","title":{"rendered":"Huetter ouvre son compteur, Vonn 3e"},"content":{"rendered":"<p><strong>L&rsquo;Autrichienne Cornelia Huetter a<br \/>\nd\u00e9croch\u00e9 sa premi\u00e8re victoire de la saison, \u00e0 l&rsquo;occasion de la<br \/>\ndescente de Val d&rsquo;Is\u00e8re. Elle a devanc\u00e9 l&rsquo;Allemande Kira<br \/>\nWeidle-Winkelmann et l&rsquo;Am\u00e9ricaine Lindsey Vonn, alors que la<br \/>\npremi\u00e8re Fran\u00e7aise, Romane Miradoli, n&rsquo;a pu faire mieux que<br \/>\n12e.<\/strong><\/p>\n<p>Incapable de terminer dans le Top 5 des trois premi\u00e8res courses<br \/>\nde la saison auxquelles elle a pris part, Cornelia Huetter a trouv\u00e9<br \/>\nla cl\u00e9, ce samedi \u00e0 Val d\u2019Is\u00e8re ! L\u2019Autrichienne de 33 ans a<br \/>\nremport\u00e9 la descente sur la piste fran\u00e7aise, signant sa premi\u00e8re<br \/>\nvictoire depuis le mois de f\u00e9vrier et la dixi\u00e8me de sa carri\u00e8re en<br \/>\nCoupe du Monde. Partie avec le dossard 9, sous une temp\u00e9rature de<br \/>\n1\u00b0c et dans de bonnes conditions de visibilit\u00e9, ce qui n\u2019a moins<br \/>\n\u00e9t\u00e9 le cas apr\u00e8s le 20e dossard, la gagnante du petit globe de la<br \/>\ndescente en 2024 a r\u00e9ussi une course propre et a devanc\u00e9 de 26<br \/>\ncenti\u00e8mes l\u2019Allemande Kira Weidle-Winkelmann, qui \u00e9tait alors<br \/>\nassise sur le si\u00e8ge de leader, et qui monte sur son premier podium<br \/>\nde Coupe du Monde depuis janvier 2023.<\/p>\n<p>Vonn assure, Goggia se<br \/>\nrate<\/p>\n<p>A la troisi\u00e8me place, on retrouve celle que tout le public<br \/>\nattendait, Lindsey Vonn ! La skieuse am\u00e9ricaine de 41 ans a commis<br \/>\nplusieurs erreurs qui l\u2019ont fait aller au-del\u00e0 de la ligne bleue,<br \/>\net cela s\u2019est pay\u00e9 sur la ligne d\u2019arriv\u00e9e, avec 35 centi\u00e8mes de<br \/>\nretard sur Huetter. Cela reste un troisi\u00e8me podium cette saison<br \/>\npour la skieuse aux 83 victoires en Coupe du Monde. Il y avait un<br \/>\npeu de place pour lui passer devant, mais personne n\u2019a finalement<br \/>\nr\u00e9ussi \u00e0 s\u2019intercaler. A commencer par Sofia Goggia, qui avait<br \/>\ndomin\u00e9 les entra\u00eenements et \u00e9tait partie tr\u00e8s rapidement, mais qui<br \/>\na commis une grosse erreur qui a failli la faire chuter en fin de<br \/>\nparcours. L\u2019Italienne doit se contenter de la 9e place.<\/p>\n<p>Pas de Top 10 pour<br \/>\nMiradoli<\/p>\n<p>A domicile, Romane Miradoli r\u00eavait de confirmer sa magnifique<br \/>\ndeuxi\u00e8me place du Super-G de St-Moritz dimanche dernier, mais la<br \/>\nskieuse de 31 ans, jamais vraiment dans le rythme sans commettre<br \/>\nd\u2019erreurs, a termin\u00e9 12e \u00e0 1\u203335 de la gagnante. Suite \u00e0 cette<br \/>\ncourse, Lindsey Vonn reste en t\u00eate de la Coupe du Monde de descente<br \/>\n(Miradoli 12e), alors Mikaela Shiffrin, absente \u00e0 Val d\u2019Is\u00e8re reste<br \/>\nleader du classement g\u00e9n\u00e9ral (Miradoli 15e). Dimanche, c\u2019est un<br \/>\nSuper-G qui sera au programme dans la station fran\u00e7aise.<\/p>\n<p><strong>COUPE DU MONDE (F) \/ VAL<br \/>\nD\u2019ISERE (FRANCE)<\/strong><br \/><strong>Classement de la descente \u2013<br \/>\nSamedi 20 d\u00e9cembre 2025<\/strong><br \/><strong>1- Cornelia Huetter (AUT) en 1\u201941\u203354<\/strong><br \/>2- Kira Weidle-Winkelmann (ALL) \u00e0 0\u203326<br \/>3- Lindsey Vonn (USA) \u00e0 0\u203335<br \/>4- Ilka Stuhec (SLO) \u00e0 0\u203339<br \/>5- Laura Pirovano (ITA) \u00e0 0\u203341<br \/>6- Ester Ledecka (RTC) \u00e0 0\u203346<br \/>7- Breezy Johnson (USA) \u00e0 0\u203361<br \/>8- Sofia Goggia (ITA) \u00e0 0\u203362<br \/>9- Nicol Delago (ITA) \u00e0 1\u203301<br \/>10- Emma Aicher (ALL) \u00e0 1\u203323<br \/>\u2026<br \/>12- Romane Miradoli (FRA) \u00e0<br \/>\n1\u203335<br \/> 33- Laura Gauch\u00e9 (FRA)<br \/>\n\u00e0 2\u203370<br \/>\u2026<\/p>\n","protected":false},"excerpt":{"rendered":"L&rsquo;Autrichienne Cornelia Huetter a d\u00e9croch\u00e9 sa premi\u00e8re victoire de la saison, \u00e0 l&rsquo;occasion de la descente de Val&hellip;\n","protected":false},"author":2,"featured_media":612009,"comment_status":"","ping_status":"","sticky":false,"template":"","format":"standard","meta":{"footnotes":""},"categories":[2],"tags":[11,72308,1011,27,72309,72310,72311,12,25,57681,70849,72312],"class_list":{"0":"post-612008","1":"post","2":"type-post","3":"status-publish","4":"format-standard","5":"has-post-thumbnail","7":"category-actualites","8":"tag-actualites","9":"tag-alpin","10":"tag-fr","11":"tag-france","12":"tag-goggia","13":"tag-huetter","14":"tag-miradoli","15":"tag-news","16":"tag-republique-francaise","17":"tag-sport365-fr","18":"tag-val-disere","19":"tag-vonn"},"share_on_mastodon":{"url":"https:\/\/pubeurope.com\/@fr\/115752783370747077","error":""},"_links":{"self":[{"href":"https:\/\/www.europesays.com\/fr\/wp-json\/wp\/v2\/posts\/612008","targetHints":{"allow":["GET"]}}],"collection":[{"href":"https:\/\/www.europesays.com\/fr\/wp-json\/wp\/v2\/posts"}],"about":[{"href":"https:\/\/www.europesays.com\/fr\/wp-json\/wp\/v2\/types\/post"}],"author":[{"embeddable":true,"href":"https:\/\/www.europesays.com\/fr\/wp-json\/wp\/v2\/users\/2"}],"replies":[{"embeddable":true,"href":"https:\/\/www.europesays.com\/fr\/wp-json\/wp\/v2\/comments?post=612008"}],"version-history":[{"count":0,"href":"https:\/\/www.europesays.com\/fr\/wp-json\/wp\/v2\/posts\/612008\/revisions"}],"wp:featuredmedia":[{"embeddable":true,"href":"https:\/\/www.europesays.com\/fr\/wp-json\/wp\/v2\/media\/612009"}],"wp:attachment":[{"href":"https:\/\/www.europesays.com\/fr\/wp-json\/wp\/v2\/media?parent=612008"}],"wp:term":[{"taxonomy":"category","embeddable":true,"href":"https:\/\/www.europesays.com\/fr\/wp-json\/wp\/v2\/categories?post=612008"},{"taxonomy":"post_tag","embeddable":true,"href":"https:\/\/www.europesays.com\/fr\/wp-json\/wp\/v2\/tags?post=612008"}],"curies":[{"name":"wp","href":"https:\/\/api.w.org\/{rel}","templated":true}]}}