{"id":612016,"date":"2025-12-20T16:17:27","date_gmt":"2025-12-20T16:17:27","guid":{"rendered":"https:\/\/www.europesays.com\/fr\/612016\/"},"modified":"2025-12-20T16:17:27","modified_gmt":"2025-12-20T16:17:27","slug":"rugby-a-xiii-dragons-catalans-deux-jours-a-collioure-pour-resserrer-les-liens","status":"publish","type":"post","link":"https:\/\/www.europesays.com\/fr\/612016\/","title":{"rendered":"Rugby \u00e0 XIII &#8211; Dragons Catalans : deux jours \u00e0 Collioure pour resserrer les liens"},"content":{"rendered":"<p>\n                                                                Pour cl\u00f4turer leur sixi\u00e8me semaine de pr\u00e9paration, les Dragons Catalans ont pass\u00e9 deux jours avec les soldats du 1er r\u00e9giment de choc du centre d\u2019entra\u00eenement commando de Collioure.\n                            <\/p>\n<p>Casser la routine, trouver des activit\u00e9s qui physiques qui n\u00e9cessitent le d\u00e9passement de soi, la coh\u00e9sion et\u00a0l\u2019esprit d\u2019\u00e9quipe. Tous les entra\u00eeneurs adh\u00e8rent \u00e0 l\u2019id\u00e9e et quand ils disposent du temps n\u00e9cessaire, ils n\u2019h\u00e9sitent pas \u00e0 y lancer leurs joueurs. Depuis 2006, les Dragons Catalans y ont d\u00e9j\u00e0 pass\u00e9 des journ\u00e9es et multipli\u00e9 les activ\u00e9s au CNEC. En\u00a02014 et\u00a02022, ils n\u2019y ont pass\u00e9 qu\u2019une journ\u00e9e. L\u2019id\u00e9e initiale consistait \u00e0 d\u00e9placer la d\u00e9l\u00e9gation au centre de Mont-Louis. Mais le froid et les temp\u00e9ratures hivernales ont eu raison de la volont\u00e9 de l\u2019encadrement qui s\u2019est\u00a0logiquement rabattu sur Collioure. Un site privil\u00e9gi\u00e9 par plusieurs \u00e9quipes sportives professionnelles o\u00f9 les militaires ont l\u2019habitude de pr\u00e9parer des ateliers\u00a0dans le fort Miradou\u00a0: tyrolienne, pont de singe, saut de puce, le pont de corde\u2026 sans oublier la traditionnelle\u00a0course en embarcation et \u00e0 la rame dans la baie de Collioure qui ne manque pas d\u2019attirer l\u2019attention des Colliourencs et des touristes. Comp\u00e9titivit\u00e9 entre les \u00e9quipes choisies par les entra\u00eeneurs et cette fois avec des joueurs qui ont rev\u00eatu la tenue militaire. Deux jours riches en enseignement, mais pendant lesquels la convivialit\u00e9 a pr\u00e9valu apr\u00e8s et avec le d\u00e9passement de soi.<\/p>\n<p>Dragons \u2013 TO le vendredi 30\u00a0janvier<\/p>\n<p>Joel Tomkins a vu ce qu\u2019il venait chercher pendant ces deux jours o\u00f9 la coh\u00e9sion fonctionne d\u00e9j\u00e0. Reste maintenant cinq semaines de travail collectif cette fois pour perfectionner le plan de jeu et l\u2019encadrement au milieu de toutes les recrues et par rapport \u00e0 une philosophie de jeu remodel\u00e9e par Tomkins et ses adjoints Sheridan, Pearce et McIlorum. Les joueurs sont en vacances \u00e0 partir de ce samedi matin avant de retrouver le terrain d\u00e9but janvier, avec en ligne de mire la seule rencontre de pr\u00e9paration qui aura lieu \u00e0 Gilbert-Brutus le vendredi 30\u00a0janvier 2026 \u00e0 une semaine du tour de Cup en Angleterre et \u00e0 deux de l\u2019ouverture de la saison de Super League le vendredi 13\u00a0f\u00e9vrier \u00e0 Perpignan contre Huddersfield. L\u2019encadrement a souhait\u00e9 proposer aux joueurs un dernier week-end de repos (31\u00a0janvier \u2013 1er\u00a0f\u00e9vrier), avant d\u2019encha\u00eener les deux comp\u00e9titions en suivant.\u00a0Mais les deux jours pass\u00e9s \u00e0 Collioure ont resser\u00e9 les liens et consolider l\u2019enthousiasme qui est en train de se former au milieu d\u2019un groupe sur lequel Benjamin Garcia et Julian Bousquet veillent.<\/p>\n","protected":false},"excerpt":{"rendered":"Pour cl\u00f4turer leur sixi\u00e8me semaine de pr\u00e9paration, les Dragons Catalans ont pass\u00e9 deux jours avec les soldats du&hellip;\n","protected":false},"author":2,"featured_media":612017,"comment_status":"","ping_status":"","sticky":false,"template":"","format":"standard","meta":{"footnotes":""},"categories":[1416],"tags":[1011,27,3464,11548,479,1468,69131,517,60],"class_list":{"0":"post-612016","1":"post","2":"type-post","3":"status-publish","4":"format-standard","5":"has-post-thumbnail","7":"category-rugby","8":"tag-fr","9":"tag-france","10":"tag-perpignan","11":"tag-pyrenees-orientales","12":"tag-rugby","13":"tag-rugby-football","14":"tag-rugby-u00e0-xiii","15":"tag-sport","16":"tag-sports"},"share_on_mastodon":{"url":"https:\/\/pubeurope.com\/@fr\/115752799185046102","error":""},"_links":{"self":[{"href":"https:\/\/www.europesays.com\/fr\/wp-json\/wp\/v2\/posts\/612016","targetHints":{"allow":["GET"]}}],"collection":[{"href":"https:\/\/www.europesays.com\/fr\/wp-json\/wp\/v2\/posts"}],"about":[{"href":"https:\/\/www.europesays.com\/fr\/wp-json\/wp\/v2\/types\/post"}],"author":[{"embeddable":true,"href":"https:\/\/www.europesays.com\/fr\/wp-json\/wp\/v2\/users\/2"}],"replies":[{"embeddable":true,"href":"https:\/\/www.europesays.com\/fr\/wp-json\/wp\/v2\/comments?post=612016"}],"version-history":[{"count":0,"href":"https:\/\/www.europesays.com\/fr\/wp-json\/wp\/v2\/posts\/612016\/revisions"}],"wp:featuredmedia":[{"embeddable":true,"href":"https:\/\/www.europesays.com\/fr\/wp-json\/wp\/v2\/media\/612017"}],"wp:attachment":[{"href":"https:\/\/www.europesays.com\/fr\/wp-json\/wp\/v2\/media?parent=612016"}],"wp:term":[{"taxonomy":"category","embeddable":true,"href":"https:\/\/www.europesays.com\/fr\/wp-json\/wp\/v2\/categories?post=612016"},{"taxonomy":"post_tag","embeddable":true,"href":"https:\/\/www.europesays.com\/fr\/wp-json\/wp\/v2\/tags?post=612016"}],"curies":[{"name":"wp","href":"https:\/\/api.w.org\/{rel}","templated":true}]}}