{"id":612025,"date":"2025-12-20T16:25:39","date_gmt":"2025-12-20T16:25:39","guid":{"rendered":"https:\/\/www.europesays.com\/fr\/612025\/"},"modified":"2025-12-20T16:25:39","modified_gmt":"2025-12-20T16:25:39","slug":"quart-dheure-warholien-causeur","status":"publish","type":"post","link":"https:\/\/www.europesays.com\/fr\/612025\/","title":{"rendered":"Quart d\u2019heure warholien &#8211; Causeur"},"content":{"rendered":"<p><strong>Une caissi\u00e8re de supermarch\u00e9 devient la star de TikTok.<\/strong><\/p>\n<p>Apr\u00e8s le <a href=\"https:\/\/www.causeur.fr\/un-loup-pour-l-homme-publicite-intermarche-320219\" target=\"_blank\" rel=\"noopener\">loup d\u2019Intermarch\u00e9<\/a>, la caissi\u00e8re de Carrefour. Elle s\u2019appelle L\u00e9onie, j\u2019ignorais que le pr\u00e9nom de ma grand-m\u00e8re revenait en gr\u00e2ce. La vingtaine, \u00e9tudiante, m\u00e9ritante et ravissante, elle travaille au Carrefour de Laval le weekend.<\/p>\n<p>Et pendant ses pauses, elle fait des vid\u00e9os avec ses coll\u00e8gues. Des jolies chor\u00e9graphies au milieu des rayons, des mimiques, quelques accessoires, le tout en uniforme frapp\u00e9 du logo de la maison. Le genre de trucs qu\u2019on fait au mariage de sa meilleure copine et que le magasin poste sur son compte TikTok qui compte d\u00e9sormais 150 000 abonn\u00e9s (je suppose que personne ne s\u2019abonne au compte TikTok d\u2019un hyper sans une raison particuli\u00e8re).<\/p>\n<p>Comment \u00e7a a d\u00e9marr\u00e9, myst\u00e8re mais en quelques jours, L\u00e9onie devient un ph\u00e9nom\u00e8ne. \u00a0Ses vid\u00e9os font des centaines de milliers de vues. Les commentaires pleuvent. Des troupes de jeunes gens (m\u00e2les) se pr\u00e9cipitent au Carrefour qui, \u00e0 en juger aux photos, semble plant\u00e9 dans la Pampa, dans l\u2019espoir d\u2019apercevoir la belle et surtout, de se filmer dans cette qu\u00eate et de poster \u00e0 leur tour. Et le magasin annonce avoir recrut\u00e9 un garde du corps pour L\u00e9onie, ce qui rajoute une page \u00e0 l\u2019histoire.<\/p>\n<p class=\"has-text-align-center\"><strong>A lire aussi: <a href=\"https:\/\/www.causeur.fr\/bravo-brigitte-ary-abittan-sales-connes-319893\" target=\"_blank\" rel=\"noopener\">Bravo Brigitte!<\/a><\/strong><\/p>\n<p>Que nous raconte cette histoire\u00a0? La version joli conte de No\u00ebl, c\u2019est l\u2019amour des petits, des humbles, des m\u00e9tiers essentiels comme on disait du temps du Covid\u2026 En r\u00e9alit\u00e9, je pense que c\u2019est plut\u00f4t la proph\u00e9tie de Andy Warhol r\u00e9alis\u00e9e. Chacun son quart d\u2019heure de gloire. Mais cette c\u00e9l\u00e9brit\u00e9 est autor\u00e9f\u00e9rentielle. On n\u2019est pas c\u00e9l\u00e8bre pour ses \u0153uvres ou ses exploits mais parce qu\u2019on est c\u00e9l\u00e8bre (\u00e0 l\u2019image de Kim Kardashian). L\u00e9onie n\u2019est pas c\u00e9l\u00e8bre parce qu\u2019elle danse bien \u2013 m\u00eame si elle danse bien et qu\u2019elle est tr\u00e8s mignonne \u2013 mais parce qu\u2019elle est virale. Peu importe le talent, ce qui compte c\u2019est le nombre de vues et de followers. On la regarde parce que des milliers d\u2019autres l\u2019ont regard\u00e9e. Les r\u00e9seaux sociaux consacrent le triomphe du d\u00e9sir mim\u00e9tique. La vox populi me dit ce que j\u2019aime.<\/p>\n<p>Certains se r\u00e9jouiront de cette d\u00e9mocratisation de la c\u00e9l\u00e9brit\u00e9 devenue un objectif en soi \u2013 on me regarde donc je suis. Apr\u00e8s tout, elle n\u2019est pas toujours r\u00e9partie tr\u00e8s justement. Des tas de gens nuls et moralement douteux sont c\u00e9l\u00e8bres avec tous les avantages aff\u00e9rents. La promesse impossible de la R\u00e9volution fran\u00e7aise \u00e9tait Tous aristocrates\u00a0! La promesse des r\u00e9seaux sociaux c\u2019est Tous c\u00e9l\u00e8bres\u00a0! L\u2019ennui, c\u2019est qu\u2019\u00e0 la fin, il n\u2019y aura plus de public.<\/p>\n<p><strong>Cette chronique a \u00e9t\u00e9 diffus\u00e9e sur Sud Radio<\/strong><\/p>\n<p>            Vous venez de lire un article en acc\u00e8s libre.<br \/>\n            Causeur ne vit que par ses lecteurs, c\u2019est la seule garantie de son ind\u00e9pendance.<br \/>\n            <br \/>Pour nous soutenir, achetez Causeur en kiosque ou <a href=\"https:\/\/boutique.causeur.fr\/\" target=\"_blank\" rel=\"noopener\">abonnez-vous !<\/a><\/p>\n","protected":false},"excerpt":{"rendered":"Une caissi\u00e8re de supermarch\u00e9 devient la star de TikTok. Apr\u00e8s le loup d\u2019Intermarch\u00e9, la caissi\u00e8re de Carrefour. Elle&hellip;\n","protected":false},"author":2,"featured_media":612026,"comment_status":"","ping_status":"","sticky":false,"template":"","format":"standard","meta":{"footnotes":""},"categories":[1358],"tags":[1348,1384,1385,1386,58,59,1011,27],"class_list":{"0":"post-612025","1":"post","2":"type-post","3":"status-publish","4":"format-standard","5":"has-post-thumbnail","7":"category-arts-et-design","8":"tag-arts","9":"tag-arts-and-design","10":"tag-arts-et-design","11":"tag-design","12":"tag-divertissement","13":"tag-entertainment","14":"tag-fr","15":"tag-france"},"share_on_mastodon":{"url":"https:\/\/pubeurope.com\/@fr\/115752830463785829","error":""},"_links":{"self":[{"href":"https:\/\/www.europesays.com\/fr\/wp-json\/wp\/v2\/posts\/612025","targetHints":{"allow":["GET"]}}],"collection":[{"href":"https:\/\/www.europesays.com\/fr\/wp-json\/wp\/v2\/posts"}],"about":[{"href":"https:\/\/www.europesays.com\/fr\/wp-json\/wp\/v2\/types\/post"}],"author":[{"embeddable":true,"href":"https:\/\/www.europesays.com\/fr\/wp-json\/wp\/v2\/users\/2"}],"replies":[{"embeddable":true,"href":"https:\/\/www.europesays.com\/fr\/wp-json\/wp\/v2\/comments?post=612025"}],"version-history":[{"count":0,"href":"https:\/\/www.europesays.com\/fr\/wp-json\/wp\/v2\/posts\/612025\/revisions"}],"wp:featuredmedia":[{"embeddable":true,"href":"https:\/\/www.europesays.com\/fr\/wp-json\/wp\/v2\/media\/612026"}],"wp:attachment":[{"href":"https:\/\/www.europesays.com\/fr\/wp-json\/wp\/v2\/media?parent=612025"}],"wp:term":[{"taxonomy":"category","embeddable":true,"href":"https:\/\/www.europesays.com\/fr\/wp-json\/wp\/v2\/categories?post=612025"},{"taxonomy":"post_tag","embeddable":true,"href":"https:\/\/www.europesays.com\/fr\/wp-json\/wp\/v2\/tags?post=612025"}],"curies":[{"name":"wp","href":"https:\/\/api.w.org\/{rel}","templated":true}]}}