{"id":612027,"date":"2025-12-20T16:27:15","date_gmt":"2025-12-20T16:27:15","guid":{"rendered":"https:\/\/www.europesays.com\/fr\/612027\/"},"modified":"2025-12-20T16:27:15","modified_gmt":"2025-12-20T16:27:15","slug":"jean-michel-aphatie-a-t-il-fait-lapologie-de-la-mort-les-chr","status":"publish","type":"post","link":"https:\/\/www.europesays.com\/fr\/612027\/","title":{"rendered":"Jean-Michel Aphatie a-t-il fait \u00ab\u00a0l\u2019apologie de la mort\u00a0\u00bb ? Les chr &#8230;"},"content":{"rendered":"<p>EN BREF<\/p>\n<ul class=\"bloc_resume_post_list\">\n<li>Jean-Michel Aphatie, sur Quotidien le 19 d\u00e9cembre,<br \/>\ncompare cannabis et alcool, provoquant une pol\u00e9mique.<\/li>\n<li>Ses propos sont jug\u00e9s irresponsables par les chroniqueurs<br \/>\nde TBT9, notamment Gilles Verdez et Isabelle<br \/>\nMorini-Bosc.<\/li>\n<li>La r\u00e9action unanime relance le d\u00e9bat sur la<br \/>\nresponsabilit\u00e9 m\u00e9diatique et les limites de la parole<br \/>\npublique.<\/li>\n<\/ul>\n<p>Les <strong>propos de Jean-Michel Aphatie,<\/strong> tenus sur le<br \/>\nplateau de Quotidien ont d\u00e9clench\u00e9 une vive<br \/>\n<strong>pol\u00e9mique<\/strong>. En <strong>comparant le cannabis \u00e0<br \/>\nl\u2019alcool<\/strong> dans une chronique consacr\u00e9e au<br \/>\n<strong>narcotrafic<\/strong>, le journaliste a provoqu\u00e9<br \/>\n<strong>l\u2019indignation<\/strong> d\u2019une partie du public\u2026 mais aussi<br \/>\ncelle des <strong>chroniqueurs de TBT9<\/strong> r\u00e9unis autour de<br \/>\nCyril Hanouna ce 19 d\u00e9cembre.<\/p>\n<p>D\u00e8s le d\u00e9but de l\u2019\u00e9mission, l\u2019animateur <a href=\"https:\/\/www.telestar.fr\/actu_tv\/exclu-jean-michel-aphatie-hanouna-a-des-points-communs-avec-trump-1738678\" target=\"_blank\" rel=\"noopener\"><br \/>\nCyril Hanouna, que Jean-Michel Aphatie a compar\u00e9 \u00e0 Donald<br \/>\nTrump<\/a>, plante le d\u00e9cor : \u2018\u2018Il y a <strong>Jean-Michel<br \/>\nAphatie qui est dans la sauce.<\/strong>\u2019\u2019 Sa chroniqueuse<br \/>\nShana Loustau rappelle alors le contexte. \u2018\u2018Il a fait une<br \/>\nchronique qui a <strong>beaucoup choqu\u00e9 les t\u00e9l\u00e9spectateurs de<br \/>\nQuotidien<\/strong>, mais aussi les<br \/>\n<strong>internautes<\/strong>.\u2019\u2019<\/p>\n<p>\u2018\u2018Alcool, cannabis, c\u2019est la m\u00eame chose\u2019\u2019 : la phrase<br \/>\nde Jean-Michel Aphatie qui choque<\/p>\n<p>Dans cet extrait, <a href=\"https:\/\/www.telestar.fr\/people\/cyril-hanouna-talent-et-charisme-on-a-du-mal-a-y-croire-mais-cest-bien-jean-michel-aphatie-qui-le-dit-1739298\" target=\"_blank\" rel=\"noopener\"><br \/>\nJean-Michel Aphatie, qui a \u00e9trangement compliment\u00e9 Cyril<br \/>\nHanouna<\/a>, affirme notamment : \u2018\u2018Le <strong>cannabis, c\u2019est<br \/>\ncomme l\u2019alcool<\/strong>. L\u2019alcool, on en boit entre<br \/>\n<strong>copains<\/strong>, on en boit pour faire la<br \/>\n<strong>f\u00eate<\/strong>.\u2019\u2019 Il va jusqu\u2019\u00e0 conclure :<br \/>\n\u2018\u2018<strong>Alcool, cannabis, c\u2019est la m\u00eame<br \/>\nchose<\/strong>\u2019\u2019. Une comparaison jug\u00e9e<br \/>\n<strong>irresponsable<\/strong> par l\u2019ensemble du plateau de<br \/>\nTBT9.<\/p>\n<p>Cyril Hanouna interroge alors ses chroniqueurs : \u2018\u2018Gilles<br \/>\nVerdez, est-ce que vous \u00eates <strong>choqu\u00e9<\/strong> ou pas du tout<br \/>\n?\u2019\u2019 La r\u00e9ponse est sans d\u00e9tour. \u2018\u2018<strong>Profond\u00e9ment<br \/>\nchoqu\u00e9.<\/strong>\u2019\u2019 tranche le chroniqueur. \u2018\u2018<strong>Pour<br \/>\nlui, viticulteur et dealer, c\u2019est la m\u00eame chose<\/strong>. Bah<br \/>\n<strong>pas pour moi.<\/strong> Dire \u00e7a sur un <strong>plateau de<br \/>\nt\u00e9l\u00e9vision,<\/strong> quand on a son <strong>exp\u00e9rience<\/strong>,<br \/>\nc\u2019est <strong>scandaleux<\/strong>.\u2019\u2019<\/p>\n<p>\u2018\u2018L\u2019apologie de la mort\u2019\u2019 :<br \/>\nles chroniqueurs de TBT9 choqu\u00e9s<\/p>\n<p>Les <strong>r\u00e9actions<\/strong> s\u2019encha\u00eenent et deviennent de<br \/>\nplus en plus <strong>personnelles<\/strong>. <strong>Olivier<br \/>\nDartigolles<\/strong> met en garde contre <strong>l\u2019impact<\/strong><br \/>\nde cette parole m\u00e9diatique. \u2018\u2018C\u2019est une parole<br \/>\n<strong>publique<\/strong>, il y a des gens qui<br \/>\n<strong>l\u2019\u00e9coutent<\/strong>. J\u2019ai vu autour de moi des personnes<br \/>\nqui ont <strong>commenc\u00e9 par un petit joint<\/strong> et connu<br \/>\nensuite <strong>l\u2019enfer<\/strong>.\u2019\u2019 Moment particuli\u00e8rement<br \/>\nfort de l\u2019\u00e9mission, <strong>Isabelle Morini-Bosc<\/strong> livre un<br \/>\nt\u00e9moignage <strong>bouleversant<\/strong>. \u2018\u2018Je viens de<br \/>\n<strong>perdre mon neveu<\/strong> de \u00e7a. Je ne suis pas<br \/>\n<strong>choqu\u00e9e<\/strong>, je suis <strong>outr\u00e9e<\/strong>. Il a<br \/>\ncommenc\u00e9 par des <strong>joints festifs et je l\u2019ai perdu \u00e0 27<br \/>\nans<\/strong>\u2019\u2019. Une prise de parole qui <strong>glace<\/strong><br \/>\nle plateau et suscite l\u2019\u00e9motion de tous.<\/p>\n<p>Mathieu Delormeau, tr\u00e8s <strong>affect\u00e9<\/strong>, va encore plus<br \/>\nloin. \u2018\u2018Il n\u2019y a <strong>pas de drogue r\u00e9cr\u00e9ative<\/strong>. La<br \/>\n<strong>drogue<\/strong>, c\u2019est une<br \/>\n<strong>catastrophe<\/strong>\u2019\u2019. \u00c9voquant son propre v\u00e9cu,<br \/>\n<a href=\"https:\/\/www.telestar.fr\/actu_tv\/matthieu-delormeau-tres-change-physiquement-lanimateur-fait-son-retour-et-evoque-sa-descente-aux-enfer-1736676\" target=\"_blank\" rel=\"noopener\"><br \/>\nMatthieu Delormeau, qui a consomm\u00e9 de la drogue<\/a>, alerte sur les<br \/>\n<strong>ravages<\/strong> chez les plus jeunes. \u2018\u2018Des<br \/>\n<strong>gamins de 10 \u00e0 15 ans qui fument dix joints par jour, le<br \/>\ncerveau est cram<\/strong><strong>\u00e9<\/strong>\u2019\u2019. Sa conclusion<br \/>\nmarque les esprits. \u2018\u2018<strong>Merci Jean-Michel Aphatie de<br \/>\nfaire l\u2019apologie de la mort<\/strong>.\u2019\u2019 Face \u00e0 cette<br \/>\nunanimit\u00e9, Cyril Hanouna rappelle la<br \/>\n<strong>responsabilit\u00e9<\/strong> des <strong>m\u00e9dias<\/strong> et<br \/>\nd\u00e9voile un sondage sans appel : <strong>72 % des t\u00e9l\u00e9spectateurs se<br \/>\ndisent choqu\u00e9s<\/strong> par les propos de Jean-Michel Aphatie. Un<br \/>\nchiffre qui illustre l\u2019ampleur de la <strong>controverse<\/strong><br \/>\net relance le d\u00e9bat sur les <strong>limites<\/strong> de la parole<br \/>\npublique \u00e0 la t\u00e9l\u00e9vision.<\/p>\n","protected":false},"excerpt":{"rendered":"EN BREF Jean-Michel Aphatie, sur Quotidien le 19 d\u00e9cembre, compare cannabis et alcool, provoquant une pol\u00e9mique. Ses propos&hellip;\n","protected":false},"author":2,"featured_media":612028,"comment_status":"","ping_status":"","sticky":false,"template":"","format":"standard","meta":{"footnotes":""},"categories":[1356],"tags":[548,1083,58,59,1011,27,45795,47264,252,1364],"class_list":{"0":"post-612027","1":"post","2":"type-post","3":"status-publish","4":"format-standard","5":"has-post-thumbnail","7":"category-television","8":"tag-article-simple","9":"tag-cyril-hanouna","10":"tag-divertissement","11":"tag-entertainment","12":"tag-fr","13":"tag-france","14":"tag-jean-michel-aphatie","15":"tag-tbt9","16":"tag-television","17":"tag-tv"},"share_on_mastodon":{"url":"https:\/\/pubeurope.com\/@fr\/115752838431041218","error":""},"_links":{"self":[{"href":"https:\/\/www.europesays.com\/fr\/wp-json\/wp\/v2\/posts\/612027","targetHints":{"allow":["GET"]}}],"collection":[{"href":"https:\/\/www.europesays.com\/fr\/wp-json\/wp\/v2\/posts"}],"about":[{"href":"https:\/\/www.europesays.com\/fr\/wp-json\/wp\/v2\/types\/post"}],"author":[{"embeddable":true,"href":"https:\/\/www.europesays.com\/fr\/wp-json\/wp\/v2\/users\/2"}],"replies":[{"embeddable":true,"href":"https:\/\/www.europesays.com\/fr\/wp-json\/wp\/v2\/comments?post=612027"}],"version-history":[{"count":0,"href":"https:\/\/www.europesays.com\/fr\/wp-json\/wp\/v2\/posts\/612027\/revisions"}],"wp:featuredmedia":[{"embeddable":true,"href":"https:\/\/www.europesays.com\/fr\/wp-json\/wp\/v2\/media\/612028"}],"wp:attachment":[{"href":"https:\/\/www.europesays.com\/fr\/wp-json\/wp\/v2\/media?parent=612027"}],"wp:term":[{"taxonomy":"category","embeddable":true,"href":"https:\/\/www.europesays.com\/fr\/wp-json\/wp\/v2\/categories?post=612027"},{"taxonomy":"post_tag","embeddable":true,"href":"https:\/\/www.europesays.com\/fr\/wp-json\/wp\/v2\/tags?post=612027"}],"curies":[{"name":"wp","href":"https:\/\/api.w.org\/{rel}","templated":true}]}}