{"id":612041,"date":"2025-12-20T16:35:17","date_gmt":"2025-12-20T16:35:17","guid":{"rendered":"https:\/\/www.europesays.com\/fr\/612041\/"},"modified":"2025-12-20T16:35:17","modified_gmt":"2025-12-20T16:35:17","slug":"coup-dur-pour-les-epargnants-sebastien-lecornu-augmente-les-impots-sur-les-comptes-des-francais","status":"publish","type":"post","link":"https:\/\/www.europesays.com\/fr\/612041\/","title":{"rendered":"Coup dur pour les \u00e9pargnants, S\u00e9bastien Lecornu augmente les imp\u00f4ts sur les comptes des Fran\u00e7ais"},"content":{"rendered":"<p>Par <a class=\"author_recette\" id=\"author_name\" href=\"https:\/\/www.nextplz.fr\/auteur\/yvan-styve\" target=\"_blank\" rel=\"noopener\">Yvan Styve<\/a><br \/>\n&#8211; Publi\u00e9 le<br \/>\n20 D\u00e9c 2025 \u00e0<br \/>\n16:30<\/p>\n<p class=\"article-intro excerpt\">Le gouvernement de S\u00e9bastien<br \/>\nLecornu adopte une fiscalit\u00e9 plus lourde sur l\u2019\u00e9pargne financi\u00e8re.<br \/>\nLes \u00e9pargnants fran\u00e7ais subissent une hausse cibl\u00e9e de la CSG sur<br \/>\nleurs placements.<\/p>\n<p>Les finances publiques fran\u00e7aises traversent une zone de<br \/>\nturbulences sans pr\u00e9c\u00e9dent depuis plusieurs d\u00e9cennies. Entre<br \/>\nd\u00e9ficits sociaux persistants et trajectoire budg\u00e9taire contrainte,<br \/>\nl\u00a0\u00bbex\u00e9cutif multiplie les ajustements fiscaux. Par cons\u00e9quent,<br \/>\nS\u00e9bastien Lecornu et son \u00e9quipe gouvernementale ciblent d\u00e9sormais<br \/>\nles revenus du capital pour \u00e9quilibrer les comptes. Cette strat\u00e9gie<br \/>\nbudg\u00e9taire affecte directement les \u00e9pargnants fran\u00e7ais, notamment<br \/>\nceux qui privil\u00e9gient les produits financiers classiques. En effet,<br \/>\nle projet de loi de financement de la S\u00e9curit\u00e9 sociale pour 2026<br \/>\nacte une hausse d&rsquo;imp\u00f4ts significative.<\/p>\n<p>Un<br \/>\nmarathon parlementaire sous haute tension politique<\/p>\n<p>Le projet de loi de financement de la S\u00e9curit\u00e9 sociale pour 2026<br \/>\na finalement franchi l&rsquo;\u00e9tape finale le mardi 16 d\u00e9cembre.<br \/>\nL&rsquo;Assembl\u00e9e nationale a donc adopt\u00e9 le texte par 247 voix contre<br \/>\n232, au terme d&rsquo;un scrutin particuli\u00e8rement serr\u00e9. Pr\u00e9cisons que<br \/>\nplus de deux mois de d\u00e9bats houleux, d&rsquo;aller-retour entre chambres<br \/>\net de n\u00e9gociations acharn\u00e9es auront pr\u00e9c\u00e9d\u00e9 cette validation.<br \/>\nD\u00e9pos\u00e9 le 14 octobre denier, le texte a subi plusieurs<br \/>\nmodifications majeures, particuli\u00e8rement apr\u00e8s l&rsquo;int\u00e9gration<br \/>\ntardive de mesures sensibles.<\/p>\n<p>Thibault Bazin, rapporteur g\u00e9n\u00e9ral du PLFSS, reconnait<br \/>\nd&rsquo;ailleurs \u00ab un budget \u00e9loign\u00e9 des ambitions initiales \u00bb<br \/>\nde l&rsquo;ex\u00e9cutif tout en saluant le travail parlementaire. Paul-Andr\u00e9<br \/>\nColombani, d\u00e9put\u00e9 LIOT, a lui aussi estim\u00e9 la version d\u00e9finitive \u00ab<br \/>\nplus \u00e9quilibr\u00e9e \u00bb que le projet d&rsquo;origine. Le<br \/>\nd\u00e9ficit de la S\u00e9curit\u00e9 sociale pour 2026 atteint d\u00e9sormais la barre<br \/>\ndes 204 milliards d&rsquo;euros, soit 19,6 milliards apr\u00e8s transferts de<br \/>\nl&rsquo;\u00c9tat. Parall\u00e8lement, S\u00e9bastien Lecornu et son gouvernement m\u00e8nent<br \/>\nsimultan\u00e9ment bataille sur tous les fronts budg\u00e9taires.<br \/>\nMalheureusement, certains contribuables <a href=\"https:\/\/www.nextplz.fr\/societe\/522388-hausse-dimpots-380-000-foyers-touches-vous-etes-peut-etre-dans-le-viseur-de-letat-sur-le-budget-2026\" target=\"_blank\" rel=\"noopener\"><br \/>\nne devraient pas \u00e9chapper \u00e0 cette vague de hausses fiscales<br \/>\ncibl\u00e9es<\/a>. Cette architecture financi\u00e8re complexe cache notamment<br \/>\nune mesure explosive qui concerne directement les \u00e9pargnants.<\/p>\n<p>Les imp\u00f4ts sur l&rsquo;\u00e9pargne financi\u00e8re augmentent drastiquement<\/p>\n<p>L&rsquo;un des points les plus sensibles du texte concerne pr\u00e9cis\u00e9ment<br \/>\nla contribution sociale g\u00e9n\u00e9ralis\u00e9e aux placements. Les d\u00e9put\u00e9s<br \/>\nrenoncent finalement au gel du bar\u00e8me pour les revenus de<br \/>\nremplacement, \u00e9pargnant ainsi les retraites et les ch\u00f4meurs.<br \/>\nToutefois, un accord intervient sur une augmentation du taux<br \/>\napplicable aux revenus du capital des \u00e9pargnants fran\u00e7ais. La<br \/>\nversion initiale pr\u00e9voyait une hausse uniforme de 1,4 point,<br \/>\nfaisant passer le taux de 9,2 % \u00e0 10,6 %. Cette approche radicale<br \/>\nest finalement abandonn\u00e9e au profit d&rsquo;un ciblage plus restreint<br \/>\nmais tout aussi impactant.<\/p>\n<p>La hausse ne concernera donc que les revenus issus de produits<br \/>\nd&rsquo;\u00e9pargne financi\u00e8re, excluant n\u00e9anmoins certains placements<br \/>\nprivil\u00e9gi\u00e9s. De cette mani\u00e8re, les contrats d&rsquo;assurance-vie, les<br \/>\nplans d&rsquo;\u00e9pargne logement, les revenus fonciers et les plus-values<br \/>\nimmobili\u00e8res y \u00e9chappent miraculeusement. En outre, le rendement<br \/>\nbudg\u00e9taire de cette mesure fiscale est estim\u00e9 \u00e0 1,5 milliard<br \/>\nd&rsquo;euros par le gouvernement. Cette taxation accrue frappe donc<br \/>\ndirectement les comptes bancaires r\u00e9mun\u00e9r\u00e9s, les livrets non<br \/>\nr\u00e9glement\u00e9s et les produits financiers classiques. Les imp\u00f4ts<br \/>\np\u00e8sent d\u00e9sormais davantage sur les m\u00e9nages qui privil\u00e9gient la<br \/>\ns\u00e9curit\u00e9 de l&rsquo;\u00e9pargne traditionnelle.<\/p>\n<p>Une trajectoire budg\u00e9taire qui pousse vers les investissements<br \/>\nalternatifs<\/p>\n<p>Avec ce PLFSS 2026, l&rsquo;ex\u00e9cutif acte une trajectoire budg\u00e9taire<br \/>\ncontrainte par les r\u00e9alit\u00e9s \u00e9conomiques et sociales. La difficult\u00e9<br \/>\npersistante \u00e0 r\u00e9sorber le d\u00e9ficit social sans toucher aux revenus<br \/>\ndes m\u00e9nages demeure \u00e9vidente. De plus, les ajustements retenus<br \/>\ntraduisent une volont\u00e9 de pr\u00e9server les \u00e9quilibres politiques tout<br \/>\nen maintenant des recettes suppl\u00e9mentaires. Les d\u00e9bats ont<br \/>\n\u00e9galement mis en lumi\u00e8re la fragilit\u00e9 du financement du syst\u00e8me<br \/>\nsocial fran\u00e7ais actuel. Le vieillissement d\u00e9mographique, la<br \/>\nprogression des d\u00e9penses de sant\u00e9 et l&rsquo;augmentation structurelle<br \/>\ndes arr\u00eats de travail p\u00e8sent donc lourdement.<\/p>\n<p>Par ailleurs, dans ce contexte de finances publiques sous<br \/>\ntension et de fiscalit\u00e9 mouvante, les \u00e9pargnants s&rsquo;orientent vers<br \/>\nd&rsquo;autres horizons. Les investisseurs alternatifs, tels que les<br \/>\nlingots d&rsquo;or, l&rsquo;argent physique ou les pi\u00e8ces d&rsquo;or, gagnent en<br \/>\npopularit\u00e9. Cette approche vise alors \u00e0 limiter l&rsquo;exposition<br \/>\ndirecte aux d\u00e9cisions budg\u00e9taires et \u00e0 renforcer l&rsquo;autonomie<br \/>\nfinanci\u00e8re durable. N\u00e9anmoins, <a href=\"https:\/\/www.nextplz.fr\/societe\/509439-couples-au-smic-sebastien-lecornu-pourrait-vous-faire-payer-encore-moins-dimpots\" target=\"_blank\" rel=\"noopener\"><br \/>\nS\u00e9bastien Lecornu pourrait ravir les m\u00e9nages pay\u00e9s au SMIC avec une<br \/>\nbaisse<\/a> cons\u00e9quente de leurs imp\u00f4ts. Une mesure compensatoire<br \/>\nqui vise \u00e0 att\u00e9nuer l&rsquo;impact social des hausses fiscales ciblant<br \/>\nles revenus du capital.<\/p>\n","protected":false},"excerpt":{"rendered":"Par Yvan Styve &#8211; Publi\u00e9 le 20 D\u00e9c 2025 \u00e0 16:30 Le gouvernement de S\u00e9bastien Lecornu adopte une&hellip;\n","protected":false},"author":2,"featured_media":612042,"comment_status":"","ping_status":"","sticky":false,"template":"","format":"standard","meta":{"footnotes":""},"categories":[6],"tags":[35,33,34,1011,27,65861],"class_list":{"0":"post-612041","1":"post","2":"type-post","3":"status-publish","4":"format-standard","5":"has-post-thumbnail","7":"category-economie","8":"tag-business","9":"tag-economie","10":"tag-economy","11":"tag-fr","12":"tag-france","13":"tag-trend"},"share_on_mastodon":{"url":"https:\/\/pubeurope.com\/@fr\/115752870262627730","error":""},"_links":{"self":[{"href":"https:\/\/www.europesays.com\/fr\/wp-json\/wp\/v2\/posts\/612041","targetHints":{"allow":["GET"]}}],"collection":[{"href":"https:\/\/www.europesays.com\/fr\/wp-json\/wp\/v2\/posts"}],"about":[{"href":"https:\/\/www.europesays.com\/fr\/wp-json\/wp\/v2\/types\/post"}],"author":[{"embeddable":true,"href":"https:\/\/www.europesays.com\/fr\/wp-json\/wp\/v2\/users\/2"}],"replies":[{"embeddable":true,"href":"https:\/\/www.europesays.com\/fr\/wp-json\/wp\/v2\/comments?post=612041"}],"version-history":[{"count":0,"href":"https:\/\/www.europesays.com\/fr\/wp-json\/wp\/v2\/posts\/612041\/revisions"}],"wp:featuredmedia":[{"embeddable":true,"href":"https:\/\/www.europesays.com\/fr\/wp-json\/wp\/v2\/media\/612042"}],"wp:attachment":[{"href":"https:\/\/www.europesays.com\/fr\/wp-json\/wp\/v2\/media?parent=612041"}],"wp:term":[{"taxonomy":"category","embeddable":true,"href":"https:\/\/www.europesays.com\/fr\/wp-json\/wp\/v2\/categories?post=612041"},{"taxonomy":"post_tag","embeddable":true,"href":"https:\/\/www.europesays.com\/fr\/wp-json\/wp\/v2\/tags?post=612041"}],"curies":[{"name":"wp","href":"https:\/\/api.w.org\/{rel}","templated":true}]}}