{"id":612043,"date":"2025-12-20T16:36:17","date_gmt":"2025-12-20T16:36:17","guid":{"rendered":"https:\/\/www.europesays.com\/fr\/612043\/"},"modified":"2025-12-20T16:36:17","modified_gmt":"2025-12-20T16:36:17","slug":"une-intervention-armee-des-etats-unis-au-venezuela-serait-une-catastrophe-humanitaire-previent-lula","status":"publish","type":"post","link":"https:\/\/www.europesays.com\/fr\/612043\/","title":{"rendered":"Une intervention arm\u00e9e des Etats-Unis au Venezuela serait \u00ab\u00a0une catastrophe humanitaire\u00a0\u00bb, pr\u00e9vient Lula"},"content":{"rendered":"<p> \u00abUne intervention arm\u00e9e au <a href=\"https:\/\/www.20minutes.fr\/monde\/venezuela\/\" class=\"c-link c-link--is-underlined\" target=\"_blank\" rel=\"noopener\">Venezuela <\/a>serait une catastrophe humanitaire pour l\u2019h\u00e9misph\u00e8re sud et un pr\u00e9c\u00e9dent dangereux pour le monde.\u00a0\u00bb Le pr\u00e9sident br\u00e9silien <a href=\"https:\/\/www.20minutes.fr\/dossier\/lula\" class=\"c-link c-link--is-underlined\" target=\"_blank\" rel=\"noopener\">Luiz Inacio Lula da\u00a0Silva<\/a> a mis en garde samedi contre une possible \u00ab\u00a0intervention arm\u00e9e\u00a0\u00bb des <a href=\"https:\/\/www.20minutes.fr\/monde\/etats-unis\/\" class=\"c-link c-link--is-underlined\" target=\"_blank\" rel=\"noopener\">Etats-Unis<\/a> au Venezuela, \u00e0 l\u2019occasion du sommet du Mercosur \u00e0 Foz do Igua\u00e7u (sud du Br\u00e9sil).<\/p>\n<p>\u00ab\u00a0Quatre d\u00e9cennies apr\u00e8s la guerre des Malouines, le continent sud-am\u00e9ricain est \u00e0 nouveau hant\u00e9 par la pr\u00e9sence militaire d\u2019une puissance\u00a0\u00bb \u00e9trang\u00e8re, a lanc\u00e9 Lula \u00e0 l\u2019ouverture du sommet. Cette mise en garde intervient au lendemain d\u2019un entretien diffus\u00e9 par la cha\u00eene NBC, dans lequel le pr\u00e9sident am\u00e9ricain <a href=\"https:\/\/www.20minutes.fr\/dossier\/donald_trump\" class=\"c-link c-link--is-underlined\" target=\"_blank\" rel=\"noopener\">Donald Trump<\/a> n\u2019a pas exclu la possibilit\u00e9 d\u2019une guerre contre le Venezuela. <a href=\"https:\/\/www.20minutes.fr\/monde\/etats-unis\/4192546-20251220-etats-unis-trump-exclut-guerre-contre-venezuela\" class=\"c-link c-link--is-underlined\" target=\"_blank\" rel=\"noopener\">\u00ab\u00a0Non, je ne l\u2019exclus pas\u00a0\u00bb, a-t-il affirm\u00e9 lors de cet \u00e9change enregistr\u00e9 la veille.<\/a><\/p>\n<\/p>\n<p>Volont\u00e9 de m\u00e9diation<\/p>\n<p>Jeudi, Lula s\u2019\u00e9tait dit pr\u00eat \u00e0 jouer <a href=\"https:\/\/www.20minutes.fr\/monde\/etats-unis\/4192277-20251218-lula-sheinbaum-presidente-mexique-proposent-comme-mediateurs-entre-etats-unis-venezuela\" class=\"c-link c-link--is-underlined\" target=\"_blank\" rel=\"noopener\">un r\u00f4le de m\u00e9diateur <\/a>afin de favoriser une \u00ab\u00a0solution pacifique\u00a0\u00bb entre Washington et Caracas, \u00e9voquant une possible discussion avec son homologue am\u00e9ricain pour \u00ab\u00a0\u00e9viter un conflit arm\u00e9 en Am\u00e9rique latine\u00a0\u00bb.<\/p>\n<p>Les tensions s\u2019inscrivent dans un contexte de forte pression am\u00e9ricaine\u00a0: Washington a d\u00e9ploy\u00e9 depuis l\u2019\u00e9t\u00e9 un important dispositif militaire dans les Cara\u00efbes et men\u00e9 des frappes contre des embarcations pr\u00e9sent\u00e9es comme li\u00e9es \u00e0 des trafiquants de drogue pr\u00e9sum\u00e9s. Au moins 104 personnes ont \u00e9t\u00e9 tu\u00e9es depuis le d\u00e9but de ces op\u00e9rations, sans que les autorit\u00e9s am\u00e9ricaines n\u2019aient apport\u00e9 de preuves de l\u2019implication des navires dans un trafic.<\/p>\n<p>Donald Trump a \u00e9galement annonc\u00e9 en d\u00e9but de semaine un \u00ab\u00a0blocus total\u00a0\u00bb contre des p\u00e9troliers sous sanctions se rendant au Venezuela ou en partance du pays, tout en agitant depuis plusieurs semaines la menace d\u2019une intervention terrestre. Les Etats-Unis accusent le pr\u00e9sident v\u00e9n\u00e9zu\u00e9lien Nicol\u00e1s Maduro d\u2019\u00eatre \u00e0 la t\u00eate d\u2019un r\u00e9seau de <a href=\"https:\/\/www.20minutes.fr\/dossier\/trafic_de_drogue\" class=\"c-link c-link--is-underlined\" target=\"_blank\" rel=\"noopener\">trafic de drogue<\/a>, accusation qu\u2019il rejette.<\/p>\n","protected":false},"excerpt":{"rendered":"\u00abUne intervention arm\u00e9e au Venezuela serait une catastrophe humanitaire pour l\u2019h\u00e9misph\u00e8re sud et un pr\u00e9c\u00e9dent dangereux pour le&hellip;\n","protected":false},"author":2,"featured_media":612044,"comment_status":"","ping_status":"","sticky":false,"template":"","format":"standard","meta":{"footnotes":""},"categories":[5],"tags":[47,11,5165,75,73,1011,27,14,19363,74,12,337,28],"class_list":{"0":"post-612043","1":"post","2":"type-post","3":"status-publish","4":"format-standard","5":"has-post-thumbnail","7":"category-international","8":"tag-actualite","9":"tag-actualites","10":"tag-amerique-du-sud","11":"tag-donald-trump","12":"tag-etats-unis","13":"tag-fr","14":"tag-france","15":"tag-international","16":"tag-lula","17":"tag-monde","18":"tag-news","19":"tag-venezuela","20":"tag-world"},"share_on_mastodon":{"url":"https:\/\/pubeurope.com\/@fr\/115752873952803714","error":""},"_links":{"self":[{"href":"https:\/\/www.europesays.com\/fr\/wp-json\/wp\/v2\/posts\/612043","targetHints":{"allow":["GET"]}}],"collection":[{"href":"https:\/\/www.europesays.com\/fr\/wp-json\/wp\/v2\/posts"}],"about":[{"href":"https:\/\/www.europesays.com\/fr\/wp-json\/wp\/v2\/types\/post"}],"author":[{"embeddable":true,"href":"https:\/\/www.europesays.com\/fr\/wp-json\/wp\/v2\/users\/2"}],"replies":[{"embeddable":true,"href":"https:\/\/www.europesays.com\/fr\/wp-json\/wp\/v2\/comments?post=612043"}],"version-history":[{"count":0,"href":"https:\/\/www.europesays.com\/fr\/wp-json\/wp\/v2\/posts\/612043\/revisions"}],"wp:featuredmedia":[{"embeddable":true,"href":"https:\/\/www.europesays.com\/fr\/wp-json\/wp\/v2\/media\/612044"}],"wp:attachment":[{"href":"https:\/\/www.europesays.com\/fr\/wp-json\/wp\/v2\/media?parent=612043"}],"wp:term":[{"taxonomy":"category","embeddable":true,"href":"https:\/\/www.europesays.com\/fr\/wp-json\/wp\/v2\/categories?post=612043"},{"taxonomy":"post_tag","embeddable":true,"href":"https:\/\/www.europesays.com\/fr\/wp-json\/wp\/v2\/tags?post=612043"}],"curies":[{"name":"wp","href":"https:\/\/api.w.org\/{rel}","templated":true}]}}