{"id":612049,"date":"2025-12-20T16:40:33","date_gmt":"2025-12-20T16:40:33","guid":{"rendered":"https:\/\/www.europesays.com\/fr\/612049\/"},"modified":"2025-12-20T16:40:33","modified_gmt":"2025-12-20T16:40:33","slug":"cyclo-cross-de-saint-etienne-meons-damien-beton-1er-actualite","status":"publish","type":"post","link":"https:\/\/www.europesays.com\/fr\/612049\/","title":{"rendered":"Cyclo-cross de Saint-\u00c9tienne M\u00e9ons : Damien Beton 1er &#8211; Actualit\u00e9"},"content":{"rendered":"<p>                                                                    <img decoding=\"async\" src=\"https:\/\/www.europesays.com\/fr\/wp-content\/uploads\/2025\/12\/6946c568400fe.jpg\" height=\"auto\" loading=\"lazy\"\/><br \/>\n                                                                    Cr\u00e9dit photo Philippe Pradier \/ DirectVelo<\/p>\n<p class=\"images-caption\">Cr\u00e9dit photo Philippe Pradier \/ DirectVelo<\/p>\n<p class=\"metadata\">\n            Par<br \/>\n        <strong class=\"text-black\">    <a href=\"https:\/\/www.directvelo.com\/auteur\/2\/nicolas-gachet\" class=\"hover-underline\" rel=\"author noopener\" target=\"_blank\">NICOLAS GACHET<\/a><br \/>\n<\/strong><br \/>\n                    <br \/>Le<br \/>\n    20 d\u00e9cembre 2025, 16:25<\/p>\n<p>Damien Beton (UC P\u00e9lussin Loire Pilat) a remport\u00e9, ce samedi, le cyclo-cross de Saint-\u00c9tienne M\u00e9ons (Loire), organis\u00e9 par l&rsquo;EC Saint-Etienne Loire. Il a devanc\u00e9 Antony Chamerat-Dumont (VC Villefranche Beaujolais) et le tenant du titre Sandy Dujardin (TotalEnergies).<\/p>\n<p><strong>Classements :<\/strong><br \/><strong>S\u00e9niors et U23<\/strong><br \/>1 Damien Beton (UC P\u00e9lussin Loire Pilat)<br \/>2 Antony Chamerat-Dumont (VC Villefranche Beaujolais)<br \/>3 Sandy Dujardin (TotalEnergies)<br \/>4 Kerrian Masset (Chamb\u00e9ry CC)<br \/>5 Nicolas Reculeau (UC Montmeyran Valence)<br \/>6. Matthieu Lavignac (Team Cross Techno Concept Urbaloc)<br \/>7. William Millat (VC Villefranche Beaujolais)<br \/>8. S\u00e9bastien Hoareau (VC Villefranche Beaujolais)<br \/>9. Nicolas Bonnefoy (CR4C Roanne)<br \/>10. J\u00e9r\u00e9my Mounier (CC Mainsat Evaux)<\/p>\n<p>Plus d&rsquo;informations \u00e0 venir.\u00a0<\/p>\n","protected":false},"excerpt":{"rendered":"Cr\u00e9dit photo Philippe Pradier \/ DirectVelo Cr\u00e9dit photo Philippe Pradier \/ DirectVelo Par NICOLAS GACHET Le 20 d\u00e9cembre&hellip;\n","protected":false},"author":2,"featured_media":612050,"comment_status":"","ping_status":"","sticky":false,"template":"","format":"standard","meta":{"footnotes":""},"categories":[9653],"tags":[1111,11,834,2430,828,836,829,837,827,83,826,824,823,207,814,817,815,816,822,821,1777,674,832,211,839,1011,27,820,818,819,12,835,831,830,833,838,25,4001,212,208,825],"class_list":{"0":"post-612049","1":"post","2":"type-post","3":"status-publish","4":"format-standard","5":"has-post-thumbnail","7":"category-saint-etienne","8":"tag-actu","9":"tag-actualites","10":"tag-attaque","11":"tag-auvergne-rhone-alpes","12":"tag-belgique","13":"tag-braquet","14":"tag-bretagne","15":"tag-chute","16":"tag-competition","17":"tag-coupe-de-france","18":"tag-coureur","19":"tag-course-cyclisme","20":"tag-course-cycliste","21":"tag-cyclisme","22":"tag-direct","23":"tag-direct-velo","24":"tag-directvelo","25":"tag-directvelo-com","26":"tag-epreuve","27":"tag-epreuve-cycliste","28":"tag-eu","29":"tag-europe","30":"tag-federation-francaise-de-cyclisme","31":"tag-ffc","32":"tag-flandres","33":"tag-fr","34":"tag-france","35":"tag-live","36":"tag-live-course","37":"tag-live-epreuve","38":"tag-news","39":"tag-peloton","40":"tag-radio-peloton","41":"tag-radio-tour","42":"tag-ravitaillement","43":"tag-relance","44":"tag-republique-francaise","45":"tag-saint-etienne","46":"tag-uci","47":"tag-velo","48":"tag-velos"},"share_on_mastodon":{"url":"","error":"Validation failed: Text character limit of 500 exceeded"},"_links":{"self":[{"href":"https:\/\/www.europesays.com\/fr\/wp-json\/wp\/v2\/posts\/612049","targetHints":{"allow":["GET"]}}],"collection":[{"href":"https:\/\/www.europesays.com\/fr\/wp-json\/wp\/v2\/posts"}],"about":[{"href":"https:\/\/www.europesays.com\/fr\/wp-json\/wp\/v2\/types\/post"}],"author":[{"embeddable":true,"href":"https:\/\/www.europesays.com\/fr\/wp-json\/wp\/v2\/users\/2"}],"replies":[{"embeddable":true,"href":"https:\/\/www.europesays.com\/fr\/wp-json\/wp\/v2\/comments?post=612049"}],"version-history":[{"count":0,"href":"https:\/\/www.europesays.com\/fr\/wp-json\/wp\/v2\/posts\/612049\/revisions"}],"wp:featuredmedia":[{"embeddable":true,"href":"https:\/\/www.europesays.com\/fr\/wp-json\/wp\/v2\/media\/612050"}],"wp:attachment":[{"href":"https:\/\/www.europesays.com\/fr\/wp-json\/wp\/v2\/media?parent=612049"}],"wp:term":[{"taxonomy":"category","embeddable":true,"href":"https:\/\/www.europesays.com\/fr\/wp-json\/wp\/v2\/categories?post=612049"},{"taxonomy":"post_tag","embeddable":true,"href":"https:\/\/www.europesays.com\/fr\/wp-json\/wp\/v2\/tags?post=612049"}],"curies":[{"name":"wp","href":"https:\/\/api.w.org\/{rel}","templated":true}]}}