{"id":612053,"date":"2025-12-20T16:43:29","date_gmt":"2025-12-20T16:43:29","guid":{"rendered":"https:\/\/www.europesays.com\/fr\/612053\/"},"modified":"2025-12-20T16:43:29","modified_gmt":"2025-12-20T16:43:29","slug":"devant-nancy-mariage-marie-jose-et-pascal","status":"publish","type":"post","link":"https:\/\/www.europesays.com\/fr\/612053\/","title":{"rendered":"devant-Nancy | Mariage. Marie-Jos\u00e9 et Pascal"},"content":{"rendered":"<p>Pascal Pawlak et Marie-Jos\u00e9 Caroupaye se sont mari\u00e9s le samedi 20\u00a0d\u00e9cembre, \u00e0 la mairie, devant Alain Boulanger, maire, et Christophe Weidmann, adjoint. Le couple, domicili\u00e9 \u00e0 La R\u00e9union, a officialis\u00e9 son union apr\u00e8s 42 ans de vie commune. Ils se sont unis \u00e0 Fl\u00e9ville o\u00f9 la m\u00e8re de Pascal, Jeannine Becker, habite dans le lotissement du Paquis. La c\u00e9r\u00e9monie s\u2019est tenue en pr\u00e9sence de leurs proches. Nos v\u0153ux de bonheur.<\/p>\n","protected":false},"excerpt":{"rendered":"Pascal Pawlak et Marie-Jos\u00e9 Caroupaye se sont mari\u00e9s le samedi 20\u00a0d\u00e9cembre, \u00e0 la mairie, devant Alain Boulanger, maire,&hellip;\n","protected":false},"author":2,"featured_media":612054,"comment_status":"","ping_status":"","sticky":false,"template":"","format":"standard","meta":{"footnotes":""},"categories":[9635],"tags":[1111,11,9223,1704,1777,674,9650,1011,27,775,1930,9649,1702,12,25,104],"class_list":{"0":"post-612053","1":"post","2":"type-post","3":"status-publish","4":"format-standard","5":"has-post-thumbnail","7":"category-nancy","8":"tag-actu","9":"tag-actualites","10":"tag-carnet-du-jour","11":"tag-edition-nancy-et-agglomeration","12":"tag-eu","13":"tag-europe","14":"tag-fleville-devant-nancy","15":"tag-fr","16":"tag-france","17":"tag-grand-est","18":"tag-mariage","19":"tag-metropole-du-grand-nancy-54b2","20":"tag-nancy","21":"tag-news","22":"tag-republique-francaise","23":"tag-societe"},"share_on_mastodon":{"url":"https:\/\/pubeurope.com\/@fr\/115752901239442605","error":""},"_links":{"self":[{"href":"https:\/\/www.europesays.com\/fr\/wp-json\/wp\/v2\/posts\/612053","targetHints":{"allow":["GET"]}}],"collection":[{"href":"https:\/\/www.europesays.com\/fr\/wp-json\/wp\/v2\/posts"}],"about":[{"href":"https:\/\/www.europesays.com\/fr\/wp-json\/wp\/v2\/types\/post"}],"author":[{"embeddable":true,"href":"https:\/\/www.europesays.com\/fr\/wp-json\/wp\/v2\/users\/2"}],"replies":[{"embeddable":true,"href":"https:\/\/www.europesays.com\/fr\/wp-json\/wp\/v2\/comments?post=612053"}],"version-history":[{"count":0,"href":"https:\/\/www.europesays.com\/fr\/wp-json\/wp\/v2\/posts\/612053\/revisions"}],"wp:featuredmedia":[{"embeddable":true,"href":"https:\/\/www.europesays.com\/fr\/wp-json\/wp\/v2\/media\/612054"}],"wp:attachment":[{"href":"https:\/\/www.europesays.com\/fr\/wp-json\/wp\/v2\/media?parent=612053"}],"wp:term":[{"taxonomy":"category","embeddable":true,"href":"https:\/\/www.europesays.com\/fr\/wp-json\/wp\/v2\/categories?post=612053"},{"taxonomy":"post_tag","embeddable":true,"href":"https:\/\/www.europesays.com\/fr\/wp-json\/wp\/v2\/tags?post=612053"}],"curies":[{"name":"wp","href":"https:\/\/api.w.org\/{rel}","templated":true}]}}